{"id":30343,"date":"2023-12-15T04:34:22","date_gmt":"2023-12-15T07:34:22","guid":{"rendered":"https:\/\/blogdojuniorcavalcanti.com.br\/?p=30343"},"modified":"2023-12-15T04:34:22","modified_gmt":"2023-12-15T07:34:22","slug":"asserpe-avalia-2023-e-projeta-2024-em-ultimo-encontro-do-ano","status":"publish","type":"post","link":"https:\/\/blogdojuniorcavalcanti.com.br\/index.php\/2023\/12\/15\/asserpe-avalia-2023-e-projeta-2024-em-ultimo-encontro-do-ano\/","title":{"rendered":"ASSERPE avalia 2023 e projeta 2024 em \u00faltimo encontro do ano"},"content":{"rendered":"<p style=\"text-align: justify;\"><span style=\"font-size: 14pt;\"><img fetchpriority=\"high\" decoding=\"async\" class=\"alignleft wp-image-273293 jetpack-lazy-image jetpack-lazy-image--handled\" src=\"https:\/\/i2.wp.com\/nilljunior.com.br\/wp-content\/uploads\/2023\/12\/Screenshot_20231214_184654_WhatsApp.jpg?resize=400%2C265&amp;ssl=1\" sizes=\"(max-width: 400px) 100vw, 400px\" srcset=\"https:\/\/i2.wp.com\/nilljunior.com.br\/wp-content\/uploads\/2023\/12\/Screenshot_20231214_184654_WhatsApp.jpg?w=1075&amp;ssl=1 1075w, https:\/\/i2.wp.com\/nilljunior.com.br\/wp-content\/uploads\/2023\/12\/Screenshot_20231214_184654_WhatsApp.jpg?resize=150%2C100&amp;ssl=1 150w, https:\/\/i2.wp.com\/nilljunior.com.br\/wp-content\/uploads\/2023\/12\/Screenshot_20231214_184654_WhatsApp.jpg?resize=300%2C198&amp;ssl=1 300w, https:\/\/i2.wp.com\/nilljunior.com.br\/wp-content\/uploads\/2023\/12\/Screenshot_20231214_184654_WhatsApp.jpg?resize=768%2C508&amp;ssl=1 768w, https:\/\/i2.wp.com\/nilljunior.com.br\/wp-content\/uploads\/2023\/12\/Screenshot_20231214_184654_WhatsApp.jpg?resize=600%2C397&amp;ssl=1 600w\" alt=\"\" width=\"400\" height=\"265\" data-attachment-id=\"273293\" data-permalink=\"https:\/\/nilljunior.com.br\/asserpe-avalia-2023-e-projeta-2024-em-ultimo-encontro-do-ano\/screenshot_20231214_184654_whatsapp\/\" data-orig-file=\"https:\/\/i2.wp.com\/nilljunior.com.br\/wp-content\/uploads\/2023\/12\/Screenshot_20231214_184654_WhatsApp.jpg?fit=1075%2C711&amp;ssl=1\" data-orig-size=\"1075,711\" data-comments-opened=\"1\" data-image-meta=\"{&quot;aperture&quot;:&quot;0&quot;,&quot;credit&quot;:&quot;&quot;,&quot;camera&quot;:&quot;&quot;,&quot;caption&quot;:&quot;&quot;,&quot;created_timestamp&quot;:&quot;0&quot;,&quot;copyright&quot;:&quot;&quot;,&quot;focal_length&quot;:&quot;0&quot;,&quot;iso&quot;:&quot;0&quot;,&quot;shutter_speed&quot;:&quot;0&quot;,&quot;title&quot;:&quot;&quot;,&quot;orientation&quot;:&quot;1&quot;}\" data-image-title=\"Screenshot_20231214_184654_WhatsApp\" data-image-description=\"\" data-medium-file=\"https:\/\/i2.wp.com\/nilljunior.com.br\/wp-content\/uploads\/2023\/12\/Screenshot_20231214_184654_WhatsApp.jpg?fit=300%2C198&amp;ssl=1\" data-large-file=\"https:\/\/i2.wp.com\/nilljunior.com.br\/wp-content\/uploads\/2023\/12\/Screenshot_20231214_184654_WhatsApp.jpg?fit=600%2C397&amp;ssl=1\" data-recalc-dims=\"1\" data-lazy-loaded=\"1\" \/><img decoding=\"async\" class=\"alignleft wp-image-273294 jetpack-lazy-image jetpack-lazy-image--handled\" src=\"https:\/\/i2.wp.com\/nilljunior.com.br\/wp-content\/uploads\/2023\/12\/Screenshot_20231214_184642_WhatsApp.jpg?resize=400%2C256&amp;ssl=1\" sizes=\"(max-width: 400px) 100vw, 400px\" srcset=\"https:\/\/i2.wp.com\/nilljunior.com.br\/wp-content\/uploads\/2023\/12\/Screenshot_20231214_184642_WhatsApp.jpg?w=1079&amp;ssl=1 1079w, https:\/\/i2.wp.com\/nilljunior.com.br\/wp-content\/uploads\/2023\/12\/Screenshot_20231214_184642_WhatsApp.jpg?resize=300%2C192&amp;ssl=1 300w, https:\/\/i2.wp.com\/nilljunior.com.br\/wp-content\/uploads\/2023\/12\/Screenshot_20231214_184642_WhatsApp.jpg?resize=768%2C492&amp;ssl=1 768w, https:\/\/i2.wp.com\/nilljunior.com.br\/wp-content\/uploads\/2023\/12\/Screenshot_20231214_184642_WhatsApp.jpg?resize=600%2C384&amp;ssl=1 600w\" alt=\"\" width=\"400\" height=\"256\" data-attachment-id=\"273294\" data-permalink=\"https:\/\/nilljunior.com.br\/asserpe-avalia-2023-e-projeta-2024-em-ultimo-encontro-do-ano\/screenshot_20231214_184642_whatsapp\/\" data-orig-file=\"https:\/\/i2.wp.com\/nilljunior.com.br\/wp-content\/uploads\/2023\/12\/Screenshot_20231214_184642_WhatsApp.jpg?fit=1079%2C691&amp;ssl=1\" data-orig-size=\"1079,691\" data-comments-opened=\"1\" data-image-meta=\"{&quot;aperture&quot;:&quot;0&quot;,&quot;credit&quot;:&quot;&quot;,&quot;camera&quot;:&quot;&quot;,&quot;caption&quot;:&quot;&quot;,&quot;created_timestamp&quot;:&quot;0&quot;,&quot;copyright&quot;:&quot;&quot;,&quot;focal_length&quot;:&quot;0&quot;,&quot;iso&quot;:&quot;0&quot;,&quot;shutter_speed&quot;:&quot;0&quot;,&quot;title&quot;:&quot;&quot;,&quot;orientation&quot;:&quot;0&quot;}\" data-image-title=\"Screenshot_20231214_184642_WhatsApp\" data-image-description=\"\" data-medium-file=\"https:\/\/i2.wp.com\/nilljunior.com.br\/wp-content\/uploads\/2023\/12\/Screenshot_20231214_184642_WhatsApp.jpg?fit=300%2C192&amp;ssl=1\" data-large-file=\"https:\/\/i2.wp.com\/nilljunior.com.br\/wp-content\/uploads\/2023\/12\/Screenshot_20231214_184642_WhatsApp.jpg?fit=600%2C384&amp;ssl=1\" data-recalc-dims=\"1\" data-lazy-loaded=\"1\" \/><img decoding=\"async\" class=\"alignleft wp-image-273295 jetpack-lazy-image jetpack-lazy-image--handled\" src=\"https:\/\/i2.wp.com\/nilljunior.com.br\/wp-content\/uploads\/2023\/12\/Screenshot_20231214_184802_WhatsApp.jpg?resize=400%2C299&amp;ssl=1\" sizes=\"(max-width: 400px) 100vw, 400px\" srcset=\"https:\/\/i2.wp.com\/nilljunior.com.br\/wp-content\/uploads\/2023\/12\/Screenshot_20231214_184802_WhatsApp.jpg?w=1079&amp;ssl=1 1079w, https:\/\/i2.wp.com\/nilljunior.com.br\/wp-content\/uploads\/2023\/12\/Screenshot_20231214_184802_WhatsApp.jpg?resize=300%2C224&amp;ssl=1 300w, https:\/\/i2.wp.com\/nilljunior.com.br\/wp-content\/uploads\/2023\/12\/Screenshot_20231214_184802_WhatsApp.jpg?resize=768%2C574&amp;ssl=1 768w, https:\/\/i2.wp.com\/nilljunior.com.br\/wp-content\/uploads\/2023\/12\/Screenshot_20231214_184802_WhatsApp.jpg?resize=535%2C400&amp;ssl=1 535w\" alt=\"\" width=\"400\" height=\"299\" data-attachment-id=\"273295\" data-permalink=\"https:\/\/nilljunior.com.br\/asserpe-avalia-2023-e-projeta-2024-em-ultimo-encontro-do-ano\/screenshot_20231214_184802_whatsapp\/\" data-orig-file=\"https:\/\/i2.wp.com\/nilljunior.com.br\/wp-content\/uploads\/2023\/12\/Screenshot_20231214_184802_WhatsApp.jpg?fit=1079%2C806&amp;ssl=1\" data-orig-size=\"1079,806\" data-comments-opened=\"1\" data-image-meta=\"{&quot;aperture&quot;:&quot;0&quot;,&quot;credit&quot;:&quot;&quot;,&quot;camera&quot;:&quot;&quot;,&quot;caption&quot;:&quot;&quot;,&quot;created_timestamp&quot;:&quot;0&quot;,&quot;copyright&quot;:&quot;&quot;,&quot;focal_length&quot;:&quot;0&quot;,&quot;iso&quot;:&quot;0&quot;,&quot;shutter_speed&quot;:&quot;0&quot;,&quot;title&quot;:&quot;&quot;,&quot;orientation&quot;:&quot;0&quot;}\" data-image-title=\"Screenshot_20231214_184802_WhatsApp\" data-image-description=\"\" data-medium-file=\"https:\/\/i2.wp.com\/nilljunior.com.br\/wp-content\/uploads\/2023\/12\/Screenshot_20231214_184802_WhatsApp.jpg?fit=300%2C224&amp;ssl=1\" data-large-file=\"https:\/\/i2.wp.com\/nilljunior.com.br\/wp-content\/uploads\/2023\/12\/Screenshot_20231214_184802_WhatsApp.jpg?fit=535%2C400&amp;ssl=1\" data-recalc-dims=\"1\" data-lazy-loaded=\"1\" \/><span style=\"font-family: arial, helvetica, sans-serif;\">O \u00faltimo Encontro ASSERPE de 2023 aconteceu hoje, no audit\u00f3rio do Hotel Vila D\u2019oro, Recife.<\/span><\/span><\/p>\n<p style=\"text-align: justify;\"><span style=\"font-size: 14pt; font-family: arial, helvetica, sans-serif;\">O presidente da entidade, Nill J\u00fanior,\u00a0 fez um balan\u00e7o das atividades no ano.<\/span><\/p>\n<p style=\"text-align: justify;\"><span style=\"font-size: 14pt; font-family: arial, helvetica, sans-serif;\">Encontros regionais, participa\u00e7\u00e3o no debate nacional da ABERT, representa\u00e7\u00e3o na SET EXPO, campanhas de valoriza\u00e7\u00e3o do r\u00e1dio, digitaliza\u00e7\u00e3o da TV e TV 3.0, al\u00e9m da articula\u00e7\u00e3o para defesa do meio estiveram entre os pontos destacados.<\/span><\/p>\n<p style=\"text-align: justify;\"><span style=\"font-size: 14pt; font-family: arial, helvetica, sans-serif;\">J\u00e1 Renata de Paula Marques, Gerente Comercial Norte e Nordeste da Kantar IBOPE Media falou sobre a recente pesquisa Kantar Ibope Media.<\/span><\/p>\n<p style=\"text-align: justify;\"><span style=\"font-size: 14pt; font-family: arial, helvetica, sans-serif;\">Os n\u00fameros apresentasos foram animadores: o R\u00e1dio est\u00e1 em constante evolu\u00e7\u00e3o e presente na jornada dos ouvintes. Por meio de formatos inovadores, ele pulsa nas mentes, nos ouvidos e cora\u00e7\u00f5es, uma vez que \u00e9 consumido por oito em cada 10 brasileiros. Em Pernambuco, segue seu protagonismo, com v\u00e1rios indicadores que comprovam a for\u00e7a do ve\u00edculo.<\/span><\/p>\n<p style=\"text-align: justify;\"><span style=\"font-size: 14pt; font-family: arial, helvetica, sans-serif;\">O Inside Audio 2023 aborda o consumo do meio no Brasil, seus formatos e as oportunidades de inser\u00e7\u00e3o para as marcas.<\/span><\/p>\n<p style=\"text-align: justify;\"><span style=\"font-size: 14pt; font-family: arial, helvetica, sans-serif;\">Por fim, Ecio Costa, Professor Titular de Economia da UFPE e S\u00f3cio Fundador da CEDES Consultoria e Planejamento falou sobre as perspectivas da economia para 2024, al\u00e9m dos impactos para o mercado da radiodifus\u00e3o. Em linhas gerais, trouxe sinais de apreens\u00e3o e tamb\u00e9m aspectos positivos da economia e suas proje\u00e7\u00f5es, todas sujeitas a muitas vari\u00e1veis, desde o mercado internacional, conflitos e pol\u00edtica interna.<\/span><\/p>\n<p style=\"text-align: justify;\"><span style=\"font-size: 14pt; font-family: arial, helvetica, sans-serif;\">Em seguida, houve um almo\u00e7o de confraterniza\u00e7\u00e3o no Restaurante Entre Amigos, no bairro do Espinheiro.<\/span><\/p>\n","protected":false},"excerpt":{"rendered":"<p>O &uacute;ltimo Encontro ASSERPE de 2023 aconteceu hoje, no audit&oacute;rio do Hotel Vila D&rsquo;oro, Recife. O presidente da entidade, Nill J&uacute;nior,&nbsp; fez um balan&ccedil;o das atividades no ano. Encontros regionais, participa&ccedil;&atilde;o no debate nacional da ABERT, representa&ccedil;&atilde;o na SET EXPO, campanhas de valoriza&ccedil;&atilde;o do r&aacute;dio, digitaliza&ccedil;&atilde;o da TV e TV 3.0, al&eacute;m da articula&ccedil;&atilde;o para defesa do meio estiveram entre os pontos destacados. J&aacute; Renata de Paula Marques, Gerente Comercial Norte e Nordeste da Kantar IBOPE Media falou sobre a recente pesquisa Kantar Ibope Media. Os n&uacute;meros apresentasos foram animadores: o R&aacute;dio est&aacute; em constante evolu&ccedil;&atilde;o e presente na jornada &#8230; <\/p>\n<p class=\"read-more-container\"><a title=\"ASSERPE avalia 2023 e projeta 2024 em \u00faltimo encontro do ano\" class=\"read-more button\" href=\"https:\/\/blogdojuniorcavalcanti.com.br\/index.php\/2023\/12\/15\/asserpe-avalia-2023-e-projeta-2024-em-ultimo-encontro-do-ano\/#more-30343\" aria-label=\"More on ASSERPE avalia 2023 e projeta 2024 em \u00faltimo encontro do ano\">Leia mais<\/a><\/p>\n","protected":false},"author":2,"featured_media":0,"comment_status":"open","ping_status":"open","sticky":false,"template":"","format":"standard","meta":{"footnotes":""},"categories":[26],"tags":[],"class_list":["post-30343","post","type-post","status-publish","format-standard","hentry","category-noticias"],"_links":{"self":[{"href":"https:\/\/blogdojuniorcavalcanti.com.br\/index.php\/wp-json\/wp\/v2\/posts\/30343","targetHints":{"allow":["GET"]}}],"collection":[{"href":"https:\/\/blogdojuniorcavalcanti.com.br\/index.php\/wp-json\/wp\/v2\/posts"}],"about":[{"href":"https:\/\/blogdojuniorcavalcanti.com.br\/index.php\/wp-json\/wp\/v2\/types\/post"}],"author":[{"embeddable":true,"href":"https:\/\/blogdojuniorcavalcanti.com.br\/index.php\/wp-json\/wp\/v2\/users\/2"}],"replies":[{"embeddable":true,"href":"https:\/\/blogdojuniorcavalcanti.com.br\/index.php\/wp-json\/wp\/v2\/comments?post=30343"}],"version-history":[{"count":1,"href":"https:\/\/blogdojuniorcavalcanti.com.br\/index.php\/wp-json\/wp\/v2\/posts\/30343\/revisions"}],"predecessor-version":[{"id":30344,"href":"https:\/\/blogdojuniorcavalcanti.com.br\/index.php\/wp-json\/wp\/v2\/posts\/30343\/revisions\/30344"}],"wp:attachment":[{"href":"https:\/\/blogdojuniorcavalcanti.com.br\/index.php\/wp-json\/wp\/v2\/media?parent=30343"}],"wp:term":[{"taxonomy":"category","embeddable":true,"href":"https:\/\/blogdojuniorcavalcanti.com.br\/index.php\/wp-json\/wp\/v2\/categories?post=30343"},{"taxonomy":"post_tag","embeddable":true,"href":"https:\/\/blogdojuniorcavalcanti.com.br\/index.php\/wp-json\/wp\/v2\/tags?post=30343"}],"curies":[{"name":"wp","href":"https:\/\/api.w.org\/{rel}","templated":true}]}}