{"id":30391,"date":"2023-12-18T17:10:38","date_gmt":"2023-12-18T20:10:38","guid":{"rendered":"https:\/\/blogdojuniorcavalcanti.com.br\/?p=30391"},"modified":"2023-12-18T17:10:38","modified_gmt":"2023-12-18T20:10:38","slug":"flavio-marques-passa-por-procedimento-cirurgico-em-serra-talhada","status":"publish","type":"post","link":"https:\/\/blogdojuniorcavalcanti.com.br\/index.php\/2023\/12\/18\/flavio-marques-passa-por-procedimento-cirurgico-em-serra-talhada\/","title":{"rendered":"Fl\u00e1vio Marques passa por procedimento cir\u00fargico em Serra Talhada"},"content":{"rendered":"<p style=\"text-align: justify;\"><span style=\"font-size: 14pt; font-family: arial, helvetica, sans-serif;\"><img decoding=\"async\" class=\"alignleft\" src=\"https:\/\/i0.wp.com\/nilljunior.com.br\/wp-content\/uploads\/2023\/12\/IMG-20231218-WA0004.jpg?resize=400%2C267&amp;ssl=1\" \/><strong>Por Nill Junior<\/strong><\/span><\/p>\n<p style=\"text-align: justify;\"><span style=\"font-size: 14pt; font-family: arial, helvetica, sans-serif;\">O advogado e pr\u00e9-candidato \u00e0 prefeito de Tabira, Fl\u00e1vio Marques, submete-se a um procedimento cir\u00fargico nesta segunda-feira (18), no Hospital S\u00e3o Vicente, em Serra Talhada.<\/span><\/p>\n<p style=\"text-align: justify;\"><span style=\"font-size: 14pt; font-family: arial, helvetica, sans-serif;\">A cirurgia de turbinectomia bilateral \u00e9 conduzida pela equipe do otorrinolaringologista Dr. Jos\u00e9 Jared de Carvalho J\u00fanior e do anestesista, Luciano Bonfim.<\/span><\/p>\n<p style=\"text-align: justify;\"><span style=\"font-size: 14pt; font-family: arial, helvetica, sans-serif;\">A turbinectomia bilateral \u00e9 uma interven\u00e7\u00e3o cir\u00fargica, sob anestesia geral, que visa a remo\u00e7\u00e3o total ou parcial das conchas nasais inferiores e m\u00e9dias, conhecidas como cornetos nasais.<\/span><\/p>\n<p style=\"text-align: justify;\"><span style=\"font-size: 14pt; font-family: arial, helvetica, sans-serif;\">Este procedimento \u00e9 comumente realizado para aliviar a congest\u00e3o nasal cr\u00f4nica, reduzindo a \u00e1rea inferior do corneto e proporcionando melhor qualidade respirat\u00f3ria ao paciente.<\/span><\/p>\n","protected":false},"excerpt":{"rendered":"<p>Por Nill Junior O advogado e pr&eacute;-candidato &agrave; prefeito de Tabira, Fl&aacute;vio Marques, submete-se a um procedimento cir&uacute;rgico nesta segunda-feira (18), no Hospital S&atilde;o Vicente, em Serra Talhada. A cirurgia de turbinectomia bilateral &eacute; conduzida pela equipe do otorrinolaringologista Dr. Jos&eacute; Jared de Carvalho J&uacute;nior e do anestesista, Luciano Bonfim. A turbinectomia bilateral &eacute; uma interven&ccedil;&atilde;o cir&uacute;rgica, sob anestesia geral, que visa a remo&ccedil;&atilde;o total ou parcial das conchas nasais inferiores e m&eacute;dias, conhecidas como cornetos nasais. Este procedimento &eacute; comumente realizado para aliviar a congest&atilde;o nasal cr&ocirc;nica, reduzindo a &aacute;rea inferior do corneto e proporcionando melhor qualidade respirat&oacute;ria ao &#8230; <\/p>\n<p class=\"read-more-container\"><a title=\"Fl\u00e1vio Marques passa por procedimento cir\u00fargico em Serra Talhada\" class=\"read-more button\" href=\"https:\/\/blogdojuniorcavalcanti.com.br\/index.php\/2023\/12\/18\/flavio-marques-passa-por-procedimento-cirurgico-em-serra-talhada\/#more-30391\" aria-label=\"More on Fl\u00e1vio Marques passa por procedimento cir\u00fargico em Serra Talhada\">Leia mais<\/a><\/p>\n","protected":false},"author":2,"featured_media":0,"comment_status":"open","ping_status":"open","sticky":false,"template":"","format":"standard","meta":{"footnotes":""},"categories":[26],"tags":[],"class_list":["post-30391","post","type-post","status-publish","format-standard","hentry","category-noticias"],"_links":{"self":[{"href":"https:\/\/blogdojuniorcavalcanti.com.br\/index.php\/wp-json\/wp\/v2\/posts\/30391","targetHints":{"allow":["GET"]}}],"collection":[{"href":"https:\/\/blogdojuniorcavalcanti.com.br\/index.php\/wp-json\/wp\/v2\/posts"}],"about":[{"href":"https:\/\/blogdojuniorcavalcanti.com.br\/index.php\/wp-json\/wp\/v2\/types\/post"}],"author":[{"embeddable":true,"href":"https:\/\/blogdojuniorcavalcanti.com.br\/index.php\/wp-json\/wp\/v2\/users\/2"}],"replies":[{"embeddable":true,"href":"https:\/\/blogdojuniorcavalcanti.com.br\/index.php\/wp-json\/wp\/v2\/comments?post=30391"}],"version-history":[{"count":1,"href":"https:\/\/blogdojuniorcavalcanti.com.br\/index.php\/wp-json\/wp\/v2\/posts\/30391\/revisions"}],"predecessor-version":[{"id":30392,"href":"https:\/\/blogdojuniorcavalcanti.com.br\/index.php\/wp-json\/wp\/v2\/posts\/30391\/revisions\/30392"}],"wp:attachment":[{"href":"https:\/\/blogdojuniorcavalcanti.com.br\/index.php\/wp-json\/wp\/v2\/media?parent=30391"}],"wp:term":[{"taxonomy":"category","embeddable":true,"href":"https:\/\/blogdojuniorcavalcanti.com.br\/index.php\/wp-json\/wp\/v2\/categories?post=30391"},{"taxonomy":"post_tag","embeddable":true,"href":"https:\/\/blogdojuniorcavalcanti.com.br\/index.php\/wp-json\/wp\/v2\/tags?post=30391"}],"curies":[{"name":"wp","href":"https:\/\/api.w.org\/{rel}","templated":true}]}}