{"id":30797,"date":"2024-01-08T09:17:37","date_gmt":"2024-01-08T12:17:37","guid":{"rendered":"https:\/\/blogdojuniorcavalcanti.com.br\/?p=30797"},"modified":"2024-01-08T09:17:37","modified_gmt":"2024-01-08T12:17:37","slug":"serra-talhada-bloco-governista-pode-usar-rejeicao-de-contas-de-duque-como-estrategia","status":"publish","type":"post","link":"https:\/\/blogdojuniorcavalcanti.com.br\/index.php\/2024\/01\/08\/serra-talhada-bloco-governista-pode-usar-rejeicao-de-contas-de-duque-como-estrategia\/","title":{"rendered":"Serra Talhada: bloco governista pode usar rejei\u00e7\u00e3o de contas de Duque como estrat\u00e9gia"},"content":{"rendered":"<p style=\"text-align: justify;\"><span style=\"font-size: 14pt;\"><img fetchpriority=\"high\" decoding=\"async\" class=\"alignleft wp-image-220336 jetpack-lazy-image jetpack-lazy-image--handled\" src=\"https:\/\/i1.wp.com\/nilljunior.com.br\/wp-content\/uploads\/2021\/12\/C%C3%A2mara-Municipal-de-Serra-Talhada.jpg?resize=400%2C266&amp;ssl=1\" sizes=\"(max-width: 400px) 100vw, 400px\" srcset=\"https:\/\/i1.wp.com\/nilljunior.com.br\/wp-content\/uploads\/2021\/12\/C\u00e2mara-Municipal-de-Serra-Talhada.jpg?w=640&amp;ssl=1 640w, https:\/\/i1.wp.com\/nilljunior.com.br\/wp-content\/uploads\/2021\/12\/C\u00e2mara-Municipal-de-Serra-Talhada.jpg?resize=150%2C100&amp;ssl=1 150w, https:\/\/i1.wp.com\/nilljunior.com.br\/wp-content\/uploads\/2021\/12\/C\u00e2mara-Municipal-de-Serra-Talhada.jpg?resize=300%2C200&amp;ssl=1 300w, https:\/\/i1.wp.com\/nilljunior.com.br\/wp-content\/uploads\/2021\/12\/C\u00e2mara-Municipal-de-Serra-Talhada.jpg?resize=600%2C400&amp;ssl=1 600w\" alt=\"\" width=\"400\" height=\"266\" data-attachment-id=\"220336\" data-permalink=\"https:\/\/nilljunior.com.br\/camara-de-serra-repudia-fake-news-e-ameacas-contra-vereador\/camara-municipal-de-serra-talhada\/\" data-orig-file=\"https:\/\/i1.wp.com\/nilljunior.com.br\/wp-content\/uploads\/2021\/12\/C\u00e2mara-Municipal-de-Serra-Talhada.jpg?fit=640%2C426&amp;ssl=1\" data-orig-size=\"640,426\" data-comments-opened=\"1\" data-image-meta=\"{&quot;aperture&quot;:&quot;0&quot;,&quot;credit&quot;:&quot;&quot;,&quot;camera&quot;:&quot;&quot;,&quot;caption&quot;:&quot;&quot;,&quot;created_timestamp&quot;:&quot;0&quot;,&quot;copyright&quot;:&quot;&quot;,&quot;focal_length&quot;:&quot;0&quot;,&quot;iso&quot;:&quot;0&quot;,&quot;shutter_speed&quot;:&quot;0&quot;,&quot;title&quot;:&quot;&quot;,&quot;orientation&quot;:&quot;0&quot;}\" data-image-title=\"C\u00e2mara-Municipal-de-Serra-Talhada\" data-image-description=\"\" data-medium-file=\"https:\/\/i1.wp.com\/nilljunior.com.br\/wp-content\/uploads\/2021\/12\/C\u00e2mara-Municipal-de-Serra-Talhada.jpg?fit=300%2C200&amp;ssl=1\" data-large-file=\"https:\/\/i1.wp.com\/nilljunior.com.br\/wp-content\/uploads\/2021\/12\/C\u00e2mara-Municipal-de-Serra-Talhada.jpg?fit=600%2C400&amp;ssl=1\" data-recalc-dims=\"1\" data-lazy-loaded=\"1\" \/><span style=\"font-family: arial, helvetica, sans-serif;\">Neste domingo (7), a Coluna do Doming\u00e3o trouxe uma informa\u00e7\u00e3o relevante sobre os bastidores pol\u00edticos em Serra Talhada, sugerindo uma poss\u00edvel estrat\u00e9gia do bloco governista: a rejei\u00e7\u00e3o das contas do atual deputado estadual Luciano Duque, referentes ao ano de 2016, quando ocupava a posi\u00e7\u00e3o de prefeito na cidade.<\/span><\/span><\/p>\n<p style=\"text-align: justify;\"><span style=\"font-size: 14pt; font-family: arial, helvetica, sans-serif;\">Segundo a Coluna, ap\u00f3s o afastamento de Rosim\u00e9rio de Cuca de Luciano Duque, com manifesta\u00e7\u00e3o p\u00fablica expondo seu posicionamento nas redes sociais, acredita-se que as contas do deputado, que receberam indica\u00e7\u00e3o de rejei\u00e7\u00e3o pelo Tribunal de Contas do Estado (TCE), podem enfrentar dificuldades na C\u00e2mara Municipal, onde a maioria \u00e9 favor\u00e1vel \u00e0 prefeita M\u00e1rcia.<\/span><\/p>\n<p style=\"text-align: justify;\"><span style=\"font-size: 14pt; font-family: arial, helvetica, sans-serif;\">Por outro lado, de acordo com informa\u00e7\u00f5es colhidas pela reda\u00e7\u00e3o do blog, Rosim\u00e9rio j\u00e1 vinha atuando na base da prefeita, e que o an\u00fancio de rompimento com Duque seria apenas uma jogada de m\u00eddia.<\/span><\/p>\n<p style=\"text-align: justify;\"><span style=\"font-size: 14pt; font-family: arial, helvetica, sans-serif;\">A estrat\u00e9gia, segundo a Coluna, j\u00e1 estaria delineada. O objetivo seria utilizar a maioria governista na C\u00e2mara para rejeitar as contas de Luciano Duque, impedindo sua participa\u00e7\u00e3o na disputa pela Prefeitura nas pr\u00f3ximas elei\u00e7\u00f5es, marcadas para outubro deste ano.<\/span><\/p>\n<p style=\"text-align: justify;\"><span style=\"font-size: 14pt; font-family: arial, helvetica, sans-serif;\">Em julho de 2021, a Primeira C\u00e2mara do Tribunal de Contas de Pernambuco (TCE-PE) julgou os Embargos de Declara\u00e7\u00e3o apresentados por Luciano Duque em rela\u00e7\u00e3o \u00e0s contas de 2016. O Parecer Pr\u00e9vio exarado na 21\u00aa Sess\u00e3o Ordin\u00e1ria da Primeira C\u00e2mara recomendou a rejei\u00e7\u00e3o das contas, e os conselheiros, \u00e0 unanimidade, negaram provimento aos embargos, mantendo a rejei\u00e7\u00e3o.<\/span><\/p>\n<p style=\"text-align: justify;\"><span style=\"font-size: 14pt; font-family: arial, helvetica, sans-serif;\">A poss\u00edvel estrat\u00e9gia levantada pela Coluna visa tirar Luciano Duque da disputa eleitoral, aproveitando a maioria na C\u00e2mara de Vereadores. Dos 17 parlamentares, treze s\u00e3o alinhados \u00e0 base de M\u00e1rcia, enquanto a oposi\u00e7\u00e3o conta com apenas quatro vereadores, entre eles Andr\u00e9 Maio, que anunciou rompimento com o governo na semana passada, e Ronaldo de Dja, que figura como pr\u00e9-candidato pelo bloco de Luciano Duque.<\/span><\/p>\n","protected":false},"excerpt":{"rendered":"<p>Neste domingo (7), a Coluna do Doming&atilde;o trouxe uma informa&ccedil;&atilde;o relevante sobre os bastidores pol&iacute;ticos em Serra Talhada, sugerindo uma poss&iacute;vel estrat&eacute;gia do bloco governista: a rejei&ccedil;&atilde;o das contas do atual deputado estadual Luciano Duque, referentes ao ano de 2016, quando ocupava a posi&ccedil;&atilde;o de prefeito na cidade. Segundo a Coluna, ap&oacute;s o afastamento de Rosim&eacute;rio de Cuca de Luciano Duque, com manifesta&ccedil;&atilde;o p&uacute;blica expondo seu posicionamento nas redes sociais, acredita-se que as contas do deputado, que receberam indica&ccedil;&atilde;o de rejei&ccedil;&atilde;o pelo Tribunal de Contas do Estado (TCE), podem enfrentar dificuldades na C&acirc;mara Municipal, onde a maioria &eacute; favor&aacute;vel &agrave; &#8230; <\/p>\n<p class=\"read-more-container\"><a title=\"Serra Talhada: bloco governista pode usar rejei\u00e7\u00e3o de contas de Duque como estrat\u00e9gia\" class=\"read-more button\" href=\"https:\/\/blogdojuniorcavalcanti.com.br\/index.php\/2024\/01\/08\/serra-talhada-bloco-governista-pode-usar-rejeicao-de-contas-de-duque-como-estrategia\/#more-30797\" aria-label=\"More on Serra Talhada: bloco governista pode usar rejei\u00e7\u00e3o de contas de Duque como estrat\u00e9gia\">Leia mais<\/a><\/p>\n","protected":false},"author":2,"featured_media":0,"comment_status":"open","ping_status":"open","sticky":false,"template":"","format":"standard","meta":{"footnotes":""},"categories":[26],"tags":[],"class_list":["post-30797","post","type-post","status-publish","format-standard","hentry","category-noticias"],"_links":{"self":[{"href":"https:\/\/blogdojuniorcavalcanti.com.br\/index.php\/wp-json\/wp\/v2\/posts\/30797","targetHints":{"allow":["GET"]}}],"collection":[{"href":"https:\/\/blogdojuniorcavalcanti.com.br\/index.php\/wp-json\/wp\/v2\/posts"}],"about":[{"href":"https:\/\/blogdojuniorcavalcanti.com.br\/index.php\/wp-json\/wp\/v2\/types\/post"}],"author":[{"embeddable":true,"href":"https:\/\/blogdojuniorcavalcanti.com.br\/index.php\/wp-json\/wp\/v2\/users\/2"}],"replies":[{"embeddable":true,"href":"https:\/\/blogdojuniorcavalcanti.com.br\/index.php\/wp-json\/wp\/v2\/comments?post=30797"}],"version-history":[{"count":1,"href":"https:\/\/blogdojuniorcavalcanti.com.br\/index.php\/wp-json\/wp\/v2\/posts\/30797\/revisions"}],"predecessor-version":[{"id":30798,"href":"https:\/\/blogdojuniorcavalcanti.com.br\/index.php\/wp-json\/wp\/v2\/posts\/30797\/revisions\/30798"}],"wp:attachment":[{"href":"https:\/\/blogdojuniorcavalcanti.com.br\/index.php\/wp-json\/wp\/v2\/media?parent=30797"}],"wp:term":[{"taxonomy":"category","embeddable":true,"href":"https:\/\/blogdojuniorcavalcanti.com.br\/index.php\/wp-json\/wp\/v2\/categories?post=30797"},{"taxonomy":"post_tag","embeddable":true,"href":"https:\/\/blogdojuniorcavalcanti.com.br\/index.php\/wp-json\/wp\/v2\/tags?post=30797"}],"curies":[{"name":"wp","href":"https:\/\/api.w.org\/{rel}","templated":true}]}}