{"id":30811,"date":"2024-01-09T07:22:41","date_gmt":"2024-01-09T10:22:41","guid":{"rendered":"https:\/\/blogdojuniorcavalcanti.com.br\/?p=30811"},"modified":"2024-01-09T07:22:41","modified_gmt":"2024-01-09T10:22:41","slug":"itapetim-prefeitura-assina-ordens-de-servico-para-construcao-de-duas-escolas-padrao-fnde","status":"publish","type":"post","link":"https:\/\/blogdojuniorcavalcanti.com.br\/index.php\/2024\/01\/09\/itapetim-prefeitura-assina-ordens-de-servico-para-construcao-de-duas-escolas-padrao-fnde\/","title":{"rendered":"Itapetim: Prefeitura assina ordens de servi\u00e7o para constru\u00e7\u00e3o de duas escolas padr\u00e3o FNDE"},"content":{"rendered":"<p style=\"text-align: justify;\"><span style=\"font-size: 14pt;\"><img fetchpriority=\"high\" decoding=\"async\" class=\"alignleft wp-image-253918 jetpack-lazy-image jetpack-lazy-image--handled\" src=\"https:\/\/i2.wp.com\/nilljunior.com.br\/wp-content\/uploads\/2023\/03\/Prefeitura-Itapetim.jpg?resize=400%2C300&amp;ssl=1\" sizes=\"(max-width: 400px) 100vw, 400px\" srcset=\"https:\/\/i2.wp.com\/nilljunior.com.br\/wp-content\/uploads\/2023\/03\/Prefeitura-Itapetim.jpg?w=1600&amp;ssl=1 1600w, https:\/\/i2.wp.com\/nilljunior.com.br\/wp-content\/uploads\/2023\/03\/Prefeitura-Itapetim.jpg?resize=300%2C225&amp;ssl=1 300w, https:\/\/i2.wp.com\/nilljunior.com.br\/wp-content\/uploads\/2023\/03\/Prefeitura-Itapetim.jpg?resize=768%2C576&amp;ssl=1 768w, https:\/\/i2.wp.com\/nilljunior.com.br\/wp-content\/uploads\/2023\/03\/Prefeitura-Itapetim.jpg?resize=533%2C400&amp;ssl=1 533w\" alt=\"\" width=\"400\" height=\"300\" data-attachment-id=\"253918\" data-permalink=\"https:\/\/nilljunior.com.br\/itapetim-prefeitura-abre-inscricoes-para-mais-dois-cursos-gratuitos\/prefeitura-itapetim\/\" data-orig-file=\"https:\/\/i2.wp.com\/nilljunior.com.br\/wp-content\/uploads\/2023\/03\/Prefeitura-Itapetim.jpg?fit=1600%2C1200&amp;ssl=1\" data-orig-size=\"1600,1200\" data-comments-opened=\"1\" data-image-meta=\"{&quot;aperture&quot;:&quot;0&quot;,&quot;credit&quot;:&quot;&quot;,&quot;camera&quot;:&quot;&quot;,&quot;caption&quot;:&quot;&quot;,&quot;created_timestamp&quot;:&quot;0&quot;,&quot;copyright&quot;:&quot;&quot;,&quot;focal_length&quot;:&quot;0&quot;,&quot;iso&quot;:&quot;0&quot;,&quot;shutter_speed&quot;:&quot;0&quot;,&quot;title&quot;:&quot;&quot;,&quot;orientation&quot;:&quot;0&quot;}\" data-image-title=\"Prefeitura-Itapetim\" data-image-description=\"\" data-medium-file=\"https:\/\/i2.wp.com\/nilljunior.com.br\/wp-content\/uploads\/2023\/03\/Prefeitura-Itapetim.jpg?fit=300%2C225&amp;ssl=1\" data-large-file=\"https:\/\/i2.wp.com\/nilljunior.com.br\/wp-content\/uploads\/2023\/03\/Prefeitura-Itapetim.jpg?fit=533%2C400&amp;ssl=1\" data-recalc-dims=\"1\" data-lazy-loaded=\"1\" \/><span style=\"font-family: arial, helvetica, sans-serif;\">Em Itapetim, o Governo Municipal come\u00e7a 2024 com muito trabalho e an\u00fancios para a popula\u00e7\u00e3o. Na pr\u00f3xima quinta-feira (11), \u00e0s 19h, em frente \u00e0 Secretaria de Educa\u00e7\u00e3o, ser\u00e1 assinada a ordem de servi\u00e7o para a constru\u00e7\u00e3o da escola padr\u00e3o FNDE do Bairro Santo Ant\u00f4nio.<\/span><\/span><\/p>\n<p style=\"text-align: justify;\"><span style=\"font-size: 14pt; font-family: arial, helvetica, sans-serif;\">Na sexta-feira, dia 12, tamb\u00e9m ser\u00e1 assinada a ordem de servi\u00e7o de uma nova escola padr\u00e3o FNDE no Distrito de Piedade do Ouro. O evento acontece, \u00e0s 19h, em frente \u00e0 Escola Paulino Amaro Cordeiro. Na ocasi\u00e3o, tamb\u00e9m ser\u00e1 inaugurado o cal\u00e7amento da Rua Nova e da Rua Projetada \u201cE\u201d, em Piedade.<\/span><\/p>\n<p style=\"text-align: justify;\"><span style=\"font-size: 14pt; font-family: arial, helvetica, sans-serif;\">Somente as duas escolas somam mais de 15 milh\u00f5es de reais.<\/span><\/p>\n<p style=\"text-align: justify;\"><span style=\"font-size: 14pt; font-family: arial, helvetica, sans-serif;\">Al\u00e9m das ordens de servi\u00e7o, ainda ser\u00e3o anunciadas v\u00e1rias a\u00e7\u00f5es nas \u00e1reas da Sa\u00fade, Agricultura e Infraestrutura.<\/span><\/p>\n","protected":false},"excerpt":{"rendered":"<p>Em Itapetim, o Governo Municipal come&ccedil;a 2024 com muito trabalho e an&uacute;ncios para a popula&ccedil;&atilde;o. Na pr&oacute;xima quinta-feira (11), &agrave;s 19h, em frente &agrave; Secretaria de Educa&ccedil;&atilde;o, ser&aacute; assinada a ordem de servi&ccedil;o para a constru&ccedil;&atilde;o da escola padr&atilde;o FNDE do Bairro Santo Ant&ocirc;nio. Na sexta-feira, dia 12, tamb&eacute;m ser&aacute; assinada a ordem de servi&ccedil;o de uma nova escola padr&atilde;o FNDE no Distrito de Piedade do Ouro. O evento acontece, &agrave;s 19h, em frente &agrave; Escola Paulino Amaro Cordeiro. Na ocasi&atilde;o, tamb&eacute;m ser&aacute; inaugurado o cal&ccedil;amento da Rua Nova e da Rua Projetada &ldquo;E&rdquo;, em Piedade. Somente as duas escolas &#8230; <\/p>\n<p class=\"read-more-container\"><a title=\"Itapetim: Prefeitura assina ordens de servi\u00e7o para constru\u00e7\u00e3o de duas escolas padr\u00e3o FNDE\" class=\"read-more button\" href=\"https:\/\/blogdojuniorcavalcanti.com.br\/index.php\/2024\/01\/09\/itapetim-prefeitura-assina-ordens-de-servico-para-construcao-de-duas-escolas-padrao-fnde\/#more-30811\" aria-label=\"More on Itapetim: Prefeitura assina ordens de servi\u00e7o para constru\u00e7\u00e3o de duas escolas padr\u00e3o FNDE\">Leia mais<\/a><\/p>\n","protected":false},"author":2,"featured_media":0,"comment_status":"open","ping_status":"open","sticky":false,"template":"","format":"standard","meta":{"footnotes":""},"categories":[26],"tags":[],"class_list":["post-30811","post","type-post","status-publish","format-standard","hentry","category-noticias"],"_links":{"self":[{"href":"https:\/\/blogdojuniorcavalcanti.com.br\/index.php\/wp-json\/wp\/v2\/posts\/30811","targetHints":{"allow":["GET"]}}],"collection":[{"href":"https:\/\/blogdojuniorcavalcanti.com.br\/index.php\/wp-json\/wp\/v2\/posts"}],"about":[{"href":"https:\/\/blogdojuniorcavalcanti.com.br\/index.php\/wp-json\/wp\/v2\/types\/post"}],"author":[{"embeddable":true,"href":"https:\/\/blogdojuniorcavalcanti.com.br\/index.php\/wp-json\/wp\/v2\/users\/2"}],"replies":[{"embeddable":true,"href":"https:\/\/blogdojuniorcavalcanti.com.br\/index.php\/wp-json\/wp\/v2\/comments?post=30811"}],"version-history":[{"count":1,"href":"https:\/\/blogdojuniorcavalcanti.com.br\/index.php\/wp-json\/wp\/v2\/posts\/30811\/revisions"}],"predecessor-version":[{"id":30812,"href":"https:\/\/blogdojuniorcavalcanti.com.br\/index.php\/wp-json\/wp\/v2\/posts\/30811\/revisions\/30812"}],"wp:attachment":[{"href":"https:\/\/blogdojuniorcavalcanti.com.br\/index.php\/wp-json\/wp\/v2\/media?parent=30811"}],"wp:term":[{"taxonomy":"category","embeddable":true,"href":"https:\/\/blogdojuniorcavalcanti.com.br\/index.php\/wp-json\/wp\/v2\/categories?post=30811"},{"taxonomy":"post_tag","embeddable":true,"href":"https:\/\/blogdojuniorcavalcanti.com.br\/index.php\/wp-json\/wp\/v2\/tags?post=30811"}],"curies":[{"name":"wp","href":"https:\/\/api.w.org\/{rel}","templated":true}]}}