{"id":30888,"date":"2024-01-12T07:19:01","date_gmt":"2024-01-12T10:19:01","guid":{"rendered":"https:\/\/blogdojuniorcavalcanti.com.br\/?p=30888"},"modified":"2024-01-12T07:19:01","modified_gmt":"2024-01-12T10:19:01","slug":"prefeito-de-salgueiro-anuncia-breve-recesso-e-passa-comando-ao-vice-prefeito","status":"publish","type":"post","link":"https:\/\/blogdojuniorcavalcanti.com.br\/index.php\/2024\/01\/12\/prefeito-de-salgueiro-anuncia-breve-recesso-e-passa-comando-ao-vice-prefeito\/","title":{"rendered":"Prefeito de Salgueiro anuncia breve recesso e passa comando ao vice-prefeito"},"content":{"rendered":"<p style=\"text-align: justify;\"><span style=\"font-size: 14pt;\"><img fetchpriority=\"high\" decoding=\"async\" class=\"alignleft wp-image-275063 jetpack-lazy-image jetpack-lazy-image--handled\" src=\"https:\/\/i0.wp.com\/nilljunior.com.br\/wp-content\/uploads\/2024\/01\/Edilton-Marcones-Salgueiro.jpeg?resize=400%2C263&amp;ssl=1\" sizes=\"(max-width: 400px) 100vw, 400px\" srcset=\"https:\/\/i0.wp.com\/nilljunior.com.br\/wp-content\/uploads\/2024\/01\/Edilton-Marcones-Salgueiro.jpeg?w=1024&amp;ssl=1 1024w, https:\/\/i0.wp.com\/nilljunior.com.br\/wp-content\/uploads\/2024\/01\/Edilton-Marcones-Salgueiro.jpeg?resize=150%2C100&amp;ssl=1 150w, https:\/\/i0.wp.com\/nilljunior.com.br\/wp-content\/uploads\/2024\/01\/Edilton-Marcones-Salgueiro.jpeg?resize=300%2C197&amp;ssl=1 300w, https:\/\/i0.wp.com\/nilljunior.com.br\/wp-content\/uploads\/2024\/01\/Edilton-Marcones-Salgueiro.jpeg?resize=768%2C505&amp;ssl=1 768w, https:\/\/i0.wp.com\/nilljunior.com.br\/wp-content\/uploads\/2024\/01\/Edilton-Marcones-Salgueiro.jpeg?resize=600%2C394&amp;ssl=1 600w\" alt=\"\" width=\"400\" height=\"263\" data-attachment-id=\"275063\" data-permalink=\"https:\/\/nilljunior.com.br\/prefeito-de-salgueiro-anuncia-breve-recesso-e-passa-comando-ao-vice-prefeito\/edilton-marcones-salgueiro\/\" data-orig-file=\"https:\/\/i0.wp.com\/nilljunior.com.br\/wp-content\/uploads\/2024\/01\/Edilton-Marcones-Salgueiro.jpeg?fit=1024%2C673&amp;ssl=1\" data-orig-size=\"1024,673\" data-comments-opened=\"1\" data-image-meta=\"{&quot;aperture&quot;:&quot;0&quot;,&quot;credit&quot;:&quot;&quot;,&quot;camera&quot;:&quot;&quot;,&quot;caption&quot;:&quot;&quot;,&quot;created_timestamp&quot;:&quot;0&quot;,&quot;copyright&quot;:&quot;&quot;,&quot;focal_length&quot;:&quot;0&quot;,&quot;iso&quot;:&quot;0&quot;,&quot;shutter_speed&quot;:&quot;0&quot;,&quot;title&quot;:&quot;&quot;,&quot;orientation&quot;:&quot;0&quot;}\" data-image-title=\"Edilton-Marcones-Salgueiro\" data-image-description=\"\" data-medium-file=\"https:\/\/i0.wp.com\/nilljunior.com.br\/wp-content\/uploads\/2024\/01\/Edilton-Marcones-Salgueiro.jpeg?fit=300%2C197&amp;ssl=1\" data-large-file=\"https:\/\/i0.wp.com\/nilljunior.com.br\/wp-content\/uploads\/2024\/01\/Edilton-Marcones-Salgueiro.jpeg?fit=600%2C394&amp;ssl=1\" data-recalc-dims=\"1\" data-lazy-loaded=\"1\" \/><span style=\"font-family: arial, helvetica, sans-serif;\">O prefeito de Salgueiro, Marcones S\u00e1, surpreendeu a popula\u00e7\u00e3o ao anunciar em suas redes sociais nesta quinta-feira (11) que estar\u00e1 ausente por uma semana devido a um per\u00edodo de f\u00e9rias. Durante esse intervalo, o vice-prefeito, Dr. Edilton, assumir\u00e1 a chefia do executivo municipal.<\/span><\/span><\/p>\n<p style=\"text-align: justify;\"><span style=\"font-size: 14pt; font-family: arial, helvetica, sans-serif;\">Em sua mensagem, Marcones S\u00e1 expressou grande satisfa\u00e7\u00e3o ao passar temporariamente a gest\u00e3o da prefeitura para o seu vice. Ele destacou que esse breve recesso representa uma oportunidade para recarregar as energias ao lado de sua fam\u00edlia, enfatizando a import\u00e2ncia desse momento para o equil\u00edbrio entre vida pessoal e responsabilidades p\u00fablicas.<\/span><\/p>\n<p style=\"text-align: justify;\"><span style=\"font-size: 14pt; font-family: arial, helvetica, sans-serif;\">O prefeito demonstrou plena confian\u00e7a na capacidade administrativa do Dr. Edilton, assegurando \u00e0 popula\u00e7\u00e3o que o vice-prefeito dar\u00e1 continuidade ao compromisso com o munic\u00edpio durante sua aus\u00eancia. A mensagem de Marcones S\u00e1 tamb\u00e9m expressou gratid\u00e3o pela compreens\u00e3o de todos, ressaltando que em breve estar\u00e1 de volta para dar seguimento \u00e0s a\u00e7\u00f5es de melhoria em Salgueiro.<\/span><\/p>\n<p style=\"text-align: justify;\"><span style=\"font-size: 14pt; font-family: arial, helvetica, sans-serif;\">Marcones S\u00e1 encerrou sua mensagem agradecendo \u00e0 popula\u00e7\u00e3o e reiterando o compromisso de retornar em breve.<\/span><\/p>\n","protected":false},"excerpt":{"rendered":"<p>O prefeito de Salgueiro, Marcones S&aacute;, surpreendeu a popula&ccedil;&atilde;o ao anunciar em suas redes sociais nesta quinta-feira (11) que estar&aacute; ausente por uma semana devido a um per&iacute;odo de f&eacute;rias. Durante esse intervalo, o vice-prefeito, Dr. Edilton, assumir&aacute; a chefia do executivo municipal. Em sua mensagem, Marcones S&aacute; expressou grande satisfa&ccedil;&atilde;o ao passar temporariamente a gest&atilde;o da prefeitura para o seu vice. Ele destacou que esse breve recesso representa uma oportunidade para recarregar as energias ao lado de sua fam&iacute;lia, enfatizando a import&acirc;ncia desse momento para o equil&iacute;brio entre vida pessoal e responsabilidades p&uacute;blicas. O prefeito demonstrou plena confian&ccedil;a na &#8230; <\/p>\n<p class=\"read-more-container\"><a title=\"Prefeito de Salgueiro anuncia breve recesso e passa comando ao vice-prefeito\" class=\"read-more button\" href=\"https:\/\/blogdojuniorcavalcanti.com.br\/index.php\/2024\/01\/12\/prefeito-de-salgueiro-anuncia-breve-recesso-e-passa-comando-ao-vice-prefeito\/#more-30888\" aria-label=\"More on Prefeito de Salgueiro anuncia breve recesso e passa comando ao vice-prefeito\">Leia mais<\/a><\/p>\n","protected":false},"author":2,"featured_media":0,"comment_status":"open","ping_status":"open","sticky":false,"template":"","format":"standard","meta":{"footnotes":""},"categories":[26],"tags":[],"class_list":["post-30888","post","type-post","status-publish","format-standard","hentry","category-noticias"],"_links":{"self":[{"href":"https:\/\/blogdojuniorcavalcanti.com.br\/index.php\/wp-json\/wp\/v2\/posts\/30888","targetHints":{"allow":["GET"]}}],"collection":[{"href":"https:\/\/blogdojuniorcavalcanti.com.br\/index.php\/wp-json\/wp\/v2\/posts"}],"about":[{"href":"https:\/\/blogdojuniorcavalcanti.com.br\/index.php\/wp-json\/wp\/v2\/types\/post"}],"author":[{"embeddable":true,"href":"https:\/\/blogdojuniorcavalcanti.com.br\/index.php\/wp-json\/wp\/v2\/users\/2"}],"replies":[{"embeddable":true,"href":"https:\/\/blogdojuniorcavalcanti.com.br\/index.php\/wp-json\/wp\/v2\/comments?post=30888"}],"version-history":[{"count":1,"href":"https:\/\/blogdojuniorcavalcanti.com.br\/index.php\/wp-json\/wp\/v2\/posts\/30888\/revisions"}],"predecessor-version":[{"id":30889,"href":"https:\/\/blogdojuniorcavalcanti.com.br\/index.php\/wp-json\/wp\/v2\/posts\/30888\/revisions\/30889"}],"wp:attachment":[{"href":"https:\/\/blogdojuniorcavalcanti.com.br\/index.php\/wp-json\/wp\/v2\/media?parent=30888"}],"wp:term":[{"taxonomy":"category","embeddable":true,"href":"https:\/\/blogdojuniorcavalcanti.com.br\/index.php\/wp-json\/wp\/v2\/categories?post=30888"},{"taxonomy":"post_tag","embeddable":true,"href":"https:\/\/blogdojuniorcavalcanti.com.br\/index.php\/wp-json\/wp\/v2\/tags?post=30888"}],"curies":[{"name":"wp","href":"https:\/\/api.w.org\/{rel}","templated":true}]}}