{"id":31187,"date":"2024-01-23T07:59:46","date_gmt":"2024-01-23T10:59:46","guid":{"rendered":"https:\/\/blogdojuniorcavalcanti.com.br\/?p=31187"},"modified":"2024-01-23T07:59:46","modified_gmt":"2024-01-23T10:59:46","slug":"iguaracy-zeinha-torres-celebra-o-sucesso-da-110a-festa-de-janeiro","status":"publish","type":"post","link":"https:\/\/blogdojuniorcavalcanti.com.br\/index.php\/2024\/01\/23\/iguaracy-zeinha-torres-celebra-o-sucesso-da-110a-festa-de-janeiro\/","title":{"rendered":"Iguaracy: Zeinha Torres celebra o sucesso da 110\u00aa Festa de Janeiro"},"content":{"rendered":"<p style=\"text-align: justify;\"><span style=\"font-size: 14pt;\"><img fetchpriority=\"high\" decoding=\"async\" class=\"alignleft wp-image-275579 jetpack-lazy-image jetpack-lazy-image--handled\" src=\"https:\/\/i2.wp.com\/nilljunior.com.br\/wp-content\/uploads\/2024\/01\/5a3eb6fd-6ad2-4337-b4f9-14426dff11fa-c%C3%B3pia.jpg?resize=400%2C347&amp;ssl=1\" sizes=\"(max-width: 400px) 100vw, 400px\" srcset=\"https:\/\/i2.wp.com\/nilljunior.com.br\/wp-content\/uploads\/2024\/01\/5a3eb6fd-6ad2-4337-b4f9-14426dff11fa-c\u00f3pia.jpg?w=660&amp;ssl=1 660w, https:\/\/i2.wp.com\/nilljunior.com.br\/wp-content\/uploads\/2024\/01\/5a3eb6fd-6ad2-4337-b4f9-14426dff11fa-c\u00f3pia.jpg?resize=288%2C250&amp;ssl=1 288w, https:\/\/i2.wp.com\/nilljunior.com.br\/wp-content\/uploads\/2024\/01\/5a3eb6fd-6ad2-4337-b4f9-14426dff11fa-c\u00f3pia.jpg?resize=462%2C400&amp;ssl=1 462w\" alt=\"\" width=\"400\" height=\"347\" data-attachment-id=\"275579\" data-permalink=\"https:\/\/nilljunior.com.br\/iguaracy-zeinha-torres-celebra-o-sucesso-da-110a-festa-de-janeiro\/5a3eb6fd-6ad2-4337-b4f9-14426dff11fa-copia\/\" data-orig-file=\"https:\/\/i2.wp.com\/nilljunior.com.br\/wp-content\/uploads\/2024\/01\/5a3eb6fd-6ad2-4337-b4f9-14426dff11fa-c\u00f3pia.jpg?fit=660%2C572&amp;ssl=1\" data-orig-size=\"660,572\" data-comments-opened=\"1\" data-image-meta=\"{&quot;aperture&quot;:&quot;0&quot;,&quot;credit&quot;:&quot;&quot;,&quot;camera&quot;:&quot;&quot;,&quot;caption&quot;:&quot;&quot;,&quot;created_timestamp&quot;:&quot;0&quot;,&quot;copyright&quot;:&quot;&quot;,&quot;focal_length&quot;:&quot;0&quot;,&quot;iso&quot;:&quot;0&quot;,&quot;shutter_speed&quot;:&quot;0&quot;,&quot;title&quot;:&quot;&quot;,&quot;orientation&quot;:&quot;1&quot;}\" data-image-title=\"5a3eb6fd-6ad2-4337-b4f9-14426dff11fa c\u00f3pia\" data-image-description=\"\" data-medium-file=\"https:\/\/i2.wp.com\/nilljunior.com.br\/wp-content\/uploads\/2024\/01\/5a3eb6fd-6ad2-4337-b4f9-14426dff11fa-c\u00f3pia.jpg?fit=288%2C250&amp;ssl=1\" data-large-file=\"https:\/\/i2.wp.com\/nilljunior.com.br\/wp-content\/uploads\/2024\/01\/5a3eb6fd-6ad2-4337-b4f9-14426dff11fa-c\u00f3pia.jpg?fit=462%2C400&amp;ssl=1\" data-recalc-dims=\"1\" data-lazy-loaded=\"1\" \/><img decoding=\"async\" class=\"alignleft wp-image-275580 jetpack-lazy-image jetpack-lazy-image--handled\" src=\"https:\/\/i1.wp.com\/nilljunior.com.br\/wp-content\/uploads\/2024\/01\/C-6-c%C3%B3pia.jpg?resize=400%2C267&amp;ssl=1\" sizes=\"(max-width: 400px) 100vw, 400px\" srcset=\"https:\/\/i1.wp.com\/nilljunior.com.br\/wp-content\/uploads\/2024\/01\/C-6-c\u00f3pia.jpg?w=660&amp;ssl=1 660w, https:\/\/i1.wp.com\/nilljunior.com.br\/wp-content\/uploads\/2024\/01\/C-6-c\u00f3pia.jpg?resize=150%2C100&amp;ssl=1 150w, https:\/\/i1.wp.com\/nilljunior.com.br\/wp-content\/uploads\/2024\/01\/C-6-c\u00f3pia.jpg?resize=300%2C200&amp;ssl=1 300w, https:\/\/i1.wp.com\/nilljunior.com.br\/wp-content\/uploads\/2024\/01\/C-6-c\u00f3pia.jpg?resize=600%2C400&amp;ssl=1 600w\" alt=\"\" width=\"400\" height=\"267\" data-attachment-id=\"275580\" data-permalink=\"https:\/\/nilljunior.com.br\/iguaracy-zeinha-torres-celebra-o-sucesso-da-110a-festa-de-janeiro\/c-6-copia\/\" data-orig-file=\"https:\/\/i1.wp.com\/nilljunior.com.br\/wp-content\/uploads\/2024\/01\/C-6-c\u00f3pia.jpg?fit=660%2C440&amp;ssl=1\" data-orig-size=\"660,440\" data-comments-opened=\"1\" data-image-meta=\"{&quot;aperture&quot;:&quot;0&quot;,&quot;credit&quot;:&quot;&quot;,&quot;camera&quot;:&quot;&quot;,&quot;caption&quot;:&quot;&quot;,&quot;created_timestamp&quot;:&quot;0&quot;,&quot;copyright&quot;:&quot;&quot;,&quot;focal_length&quot;:&quot;0&quot;,&quot;iso&quot;:&quot;0&quot;,&quot;shutter_speed&quot;:&quot;0&quot;,&quot;title&quot;:&quot;&quot;,&quot;orientation&quot;:&quot;1&quot;}\" data-image-title=\"C (6) c\u00f3pia\" data-image-description=\"\" data-medium-file=\"https:\/\/i1.wp.com\/nilljunior.com.br\/wp-content\/uploads\/2024\/01\/C-6-c\u00f3pia.jpg?fit=300%2C200&amp;ssl=1\" data-large-file=\"https:\/\/i1.wp.com\/nilljunior.com.br\/wp-content\/uploads\/2024\/01\/C-6-c\u00f3pia.jpg?fit=600%2C400&amp;ssl=1\" data-recalc-dims=\"1\" data-lazy-loaded=\"1\" \/><span style=\"font-family: arial, helvetica, sans-serif;\">No \u00faltimo s\u00e1bado, 20 de janeiro, o prefeito de Iguaracy, Zeinha Torres, participou, ao lado do Padre Ant\u00f4nio Rog\u00e9rio Ver\u00edssimo Duarte e da comiss\u00e3o da 110\u00aa Festa de S\u00e3o Sebasti\u00e3o, do encerramento das festividades com uma Celebra\u00e7\u00e3o Eucar\u00edstica, presidida por Dom Limac\u00eado, Bispo Diocesano. Todo o evento foi transmitido pelo YouTube.<\/span><\/span><\/p>\n<p style=\"text-align: justify;\"><span style=\"font-size: 14pt; font-family: arial, helvetica, sans-serif;\">Ap\u00f3s a Prociss\u00e3o e a Missa de encerramento da Festa de S\u00e3o Sebasti\u00e3o, o prefeito Zeinha Torres, acompanhado da primeira dama, Mary Delanea, do vice-prefeito, Dr. Pedro Alves, e de sua esposa, Dra. Gra\u00e7a Valadares, teve a honra de compartilhar um jantar com o Bispo Dom Limac\u00eado e o Padre Rog\u00e9rio Ver\u00edssimo, p\u00e1roco do munic\u00edpio.<\/span><\/p>\n<p style=\"text-align: justify;\"><span style=\"font-size: 14pt; font-family: arial, helvetica, sans-serif;\">Durante os oito anos de gest\u00e3o do prefeito Zeinha Torres, foram quebrados recordes de p\u00fablico, e este ano n\u00e3o foi exce\u00e7\u00e3o. Iguaracy mais uma vez se viu pequena para acomodar o n\u00famero de f\u00e3s do cantor Mano Walter, respons\u00e1vel por encerrar a Festa de Janeiro de 2024. Ap\u00f3s a parte religiosa do evento, os shows tomaram conta do palco, com a apresenta\u00e7\u00e3o tamb\u00e9m dos artistas iguaracienses Paulo Bom de Farra e Galego Stylizado.<\/span><\/p>\n<p style=\"text-align: justify;\"><span style=\"font-size: 14pt; font-family: arial, helvetica, sans-serif;\">A revitaliza\u00e7\u00e3o das festividades tradicionais do munic\u00edpio, promovida pelo Governo Municipal de Iguaracy sob a gest\u00e3o do prefeito Zeinha Torres, \u00e9 not\u00e1vel mesmo em tempos at\u00edpicos, nos quais muitas prefeituras enfrentam crises financeiras. A administra\u00e7\u00e3o municipal conseguiu manter as dez noites de festa, proporcionando uma programa\u00e7\u00e3o diversificada que prestigiou tanto os moradores locais quanto os turistas e filhos da terra que visitaram a cidade.<\/span><\/p>\n<p style=\"text-align: justify;\"><span style=\"font-size: 14pt; font-family: arial, helvetica, sans-serif;\">\u201cIguaracy tem a tradi\u00e7\u00e3o de realizar algumas das melhores festas de rua da regi\u00e3o, como a Festa de Janeiro e a Festa de Agosto de Jabitac\u00e1. Desde que assumimos a Prefeitura, buscamos revitalizar todas as festas tradicionais do munic\u00edpio, e nossa gest\u00e3o \u00e9 reconhecida como a \u00fanica a garantir, ano ap\u00f3s ano, as dez noites de festas com shows em pra\u00e7a p\u00fablica\u201d, afirmou Zeinha Torres, celebrando o \u00eaxito da Festa de Janeiro deste ano.<\/span><\/p>\n<p style=\"text-align: justify;\"><span style=\"font-size: 14pt; font-family: arial, helvetica, sans-serif;\">O evento n\u00e3o apenas proporcionou entretenimento, mas tamb\u00e9m impulsionou a economia local, atraiu visitantes e fortaleceu os la\u00e7os comunit\u00e1rios. Al\u00e9m disso, a Festa de Janeiro proporcionou uma oportunidade valiosa para artistas locais e regionais mostrarem seu talento.<\/span><\/p>\n<p style=\"text-align: justify;\"><span style=\"font-size: 14pt; font-family: arial, helvetica, sans-serif;\">No que diz respeito \u00e0 seguran\u00e7a, tudo foi organizado de forma exemplar. A presen\u00e7a da Pol\u00edcia Militar e da equipe de seguran\u00e7a da Rovig Servi\u00e7os garantiu a ordem e a paz dos espectadores, contribuindo para o sucesso do evento. As informa\u00e7\u00f5es e as fotos s\u00e3o do\u00a0<b>Blog TV Web Sert\u00e3o<\/b>.<\/span><\/p>\n","protected":false},"excerpt":{"rendered":"<p>No &uacute;ltimo s&aacute;bado, 20 de janeiro, o prefeito de Iguaracy, Zeinha Torres, participou, ao lado do Padre Ant&ocirc;nio Rog&eacute;rio Ver&iacute;ssimo Duarte e da comiss&atilde;o da 110&ordf; Festa de S&atilde;o Sebasti&atilde;o, do encerramento das festividades com uma Celebra&ccedil;&atilde;o Eucar&iacute;stica, presidida por Dom Limac&ecirc;do, Bispo Diocesano. Todo o evento foi transmitido pelo YouTube. Ap&oacute;s a Prociss&atilde;o e a Missa de encerramento da Festa de S&atilde;o Sebasti&atilde;o, o prefeito Zeinha Torres, acompanhado da primeira dama, Mary Delanea, do vice-prefeito, Dr. Pedro Alves, e de sua esposa, Dra. Gra&ccedil;a Valadares, teve a honra de compartilhar um jantar com o Bispo Dom Limac&ecirc;do e o &#8230; <\/p>\n<p class=\"read-more-container\"><a title=\"Iguaracy: Zeinha Torres celebra o sucesso da 110\u00aa Festa de Janeiro\" class=\"read-more button\" href=\"https:\/\/blogdojuniorcavalcanti.com.br\/index.php\/2024\/01\/23\/iguaracy-zeinha-torres-celebra-o-sucesso-da-110a-festa-de-janeiro\/#more-31187\" aria-label=\"More on Iguaracy: Zeinha Torres celebra o sucesso da 110\u00aa Festa de Janeiro\">Leia mais<\/a><\/p>\n","protected":false},"author":2,"featured_media":0,"comment_status":"open","ping_status":"open","sticky":false,"template":"","format":"standard","meta":{"footnotes":""},"categories":[26],"tags":[],"class_list":["post-31187","post","type-post","status-publish","format-standard","hentry","category-noticias"],"_links":{"self":[{"href":"https:\/\/blogdojuniorcavalcanti.com.br\/index.php\/wp-json\/wp\/v2\/posts\/31187","targetHints":{"allow":["GET"]}}],"collection":[{"href":"https:\/\/blogdojuniorcavalcanti.com.br\/index.php\/wp-json\/wp\/v2\/posts"}],"about":[{"href":"https:\/\/blogdojuniorcavalcanti.com.br\/index.php\/wp-json\/wp\/v2\/types\/post"}],"author":[{"embeddable":true,"href":"https:\/\/blogdojuniorcavalcanti.com.br\/index.php\/wp-json\/wp\/v2\/users\/2"}],"replies":[{"embeddable":true,"href":"https:\/\/blogdojuniorcavalcanti.com.br\/index.php\/wp-json\/wp\/v2\/comments?post=31187"}],"version-history":[{"count":1,"href":"https:\/\/blogdojuniorcavalcanti.com.br\/index.php\/wp-json\/wp\/v2\/posts\/31187\/revisions"}],"predecessor-version":[{"id":31188,"href":"https:\/\/blogdojuniorcavalcanti.com.br\/index.php\/wp-json\/wp\/v2\/posts\/31187\/revisions\/31188"}],"wp:attachment":[{"href":"https:\/\/blogdojuniorcavalcanti.com.br\/index.php\/wp-json\/wp\/v2\/media?parent=31187"}],"wp:term":[{"taxonomy":"category","embeddable":true,"href":"https:\/\/blogdojuniorcavalcanti.com.br\/index.php\/wp-json\/wp\/v2\/categories?post=31187"},{"taxonomy":"post_tag","embeddable":true,"href":"https:\/\/blogdojuniorcavalcanti.com.br\/index.php\/wp-json\/wp\/v2\/tags?post=31187"}],"curies":[{"name":"wp","href":"https:\/\/api.w.org\/{rel}","templated":true}]}}