{"id":31466,"date":"2024-02-01T16:57:32","date_gmt":"2024-02-01T19:57:32","guid":{"rendered":"https:\/\/blogdojuniorcavalcanti.com.br\/?p=31466"},"modified":"2024-02-01T16:57:32","modified_gmt":"2024-02-01T19:57:32","slug":"vacina-contra-dengue-sera-distribuida-na-proxima-semana-diz-nisia-trindade","status":"publish","type":"post","link":"https:\/\/blogdojuniorcavalcanti.com.br\/index.php\/2024\/02\/01\/vacina-contra-dengue-sera-distribuida-na-proxima-semana-diz-nisia-trindade\/","title":{"rendered":"Vacina contra dengue ser\u00e1 distribu\u00edda na pr\u00f3xima semana, diz N\u00edsia Trindade"},"content":{"rendered":"<p style=\"text-align: justify;\"><span style=\"font-size: 14pt; font-family: arial, helvetica, sans-serif;\"><img fetchpriority=\"high\" decoding=\"async\" class=\"aligncenter\" src=\"https:\/\/s2-oglobo.glbimg.com\/B1s_y6iqmIKcV1OxTd8DrGbZcXg=\/1200x\/smart\/filters:cover():strip_icc()\/i.s3.glbimg.com\/v1\/AUTH_da025474c0c44edd99332dddb09cabe8\/internal_photos\/bs\/2023\/9\/b\/wns6gaSjOcWKBnYAFCNA\/103563580-vacina-qdenga-contra-dengue.jpg\" alt=\"Vacina da dengue na rede privada: quem deve tomar, quanto custa e quais as  contraindica\u00e7\u00f5es\" width=\"637\" height=\"358\" \/><\/span><\/p>\n<p style=\"text-align: justify;\"><span style=\"font-size: 14pt; font-family: arial, helvetica, sans-serif;\">A ministra da Sa\u00fade, N\u00edsia Trindade, disse que as doses de vacina contra a dengue ser\u00e3o distribu\u00eddas na pr\u00f3xima semana aos estados e munic\u00edpios.<\/span><\/p>\n<p style=\"text-align: justify;\"><span style=\"font-size: 14pt; font-family: arial, helvetica, sans-serif;\">\u201cAs vacinas come\u00e7ar\u00e3o a ser distribu\u00eddas na semana que vem e a partir da chegada nos munic\u00edpios eles organizam a sua vacina\u00e7\u00e3o\u201d, afirmou. A declara\u00e7\u00e3o foi dada durante a reuni\u00e3o ordin\u00e1ria da CIT (Comiss\u00e3o Intergestora Tripartite) nesta quinta-feira (1\u00b0).<\/span><\/p>\n<p style=\"text-align: justify;\"><span style=\"font-size: 14pt; font-family: arial, helvetica, sans-serif;\">O imunizante n\u00e3o ser\u00e1 inicialmente enviado para todas as regi\u00f5es de sa\u00fade. No entanto, a pasta afirma que a programa\u00e7\u00e3o ser\u00e1 divulgada com a distribui\u00e7\u00e3o da vacina.<\/span><\/p>\n<p style=\"text-align: justify;\"><span style=\"font-size: 14pt; font-family: arial, helvetica, sans-serif;\">No in\u00edcio da semana, o minist\u00e9rio declarou que aguardava libera\u00e7\u00e3o da Anvisa (Ag\u00eancia Nacional de Vigil\u00e2ncia Sanit\u00e1ria) para realizar o envio das vacinas sem a necessidade da bula impressa. Adicionou tamb\u00e9m que os imunizantes passariam pela an\u00e1lise e controle de qualidade do Instituto Nacional de Controle de Qualidade em Sa\u00fade.<\/span><\/p>\n","protected":false},"excerpt":{"rendered":"<p>A ministra da Sa&uacute;de, N&iacute;sia Trindade, disse que as doses de vacina contra a dengue ser&atilde;o distribu&iacute;das na pr&oacute;xima semana aos estados e munic&iacute;pios. &ldquo;As vacinas come&ccedil;ar&atilde;o a ser distribu&iacute;das na semana que vem e a partir da chegada nos munic&iacute;pios eles organizam a sua vacina&ccedil;&atilde;o&rdquo;, afirmou. A declara&ccedil;&atilde;o foi dada durante a reuni&atilde;o ordin&aacute;ria da CIT (Comiss&atilde;o Intergestora Tripartite) nesta quinta-feira (1&deg;). O imunizante n&atilde;o ser&aacute; inicialmente enviado para todas as regi&otilde;es de sa&uacute;de. No entanto, a pasta afirma que a programa&ccedil;&atilde;o ser&aacute; divulgada com a distribui&ccedil;&atilde;o da vacina. No in&iacute;cio da semana, o minist&eacute;rio declarou que aguardava libera&ccedil;&atilde;o &#8230; <\/p>\n<p class=\"read-more-container\"><a title=\"Vacina contra dengue ser\u00e1 distribu\u00edda na pr\u00f3xima semana, diz N\u00edsia Trindade\" class=\"read-more button\" href=\"https:\/\/blogdojuniorcavalcanti.com.br\/index.php\/2024\/02\/01\/vacina-contra-dengue-sera-distribuida-na-proxima-semana-diz-nisia-trindade\/#more-31466\" aria-label=\"More on Vacina contra dengue ser\u00e1 distribu\u00edda na pr\u00f3xima semana, diz N\u00edsia Trindade\">Leia mais<\/a><\/p>\n","protected":false},"author":2,"featured_media":0,"comment_status":"open","ping_status":"open","sticky":false,"template":"","format":"standard","meta":{"footnotes":""},"categories":[26],"tags":[],"class_list":["post-31466","post","type-post","status-publish","format-standard","hentry","category-noticias"],"_links":{"self":[{"href":"https:\/\/blogdojuniorcavalcanti.com.br\/index.php\/wp-json\/wp\/v2\/posts\/31466","targetHints":{"allow":["GET"]}}],"collection":[{"href":"https:\/\/blogdojuniorcavalcanti.com.br\/index.php\/wp-json\/wp\/v2\/posts"}],"about":[{"href":"https:\/\/blogdojuniorcavalcanti.com.br\/index.php\/wp-json\/wp\/v2\/types\/post"}],"author":[{"embeddable":true,"href":"https:\/\/blogdojuniorcavalcanti.com.br\/index.php\/wp-json\/wp\/v2\/users\/2"}],"replies":[{"embeddable":true,"href":"https:\/\/blogdojuniorcavalcanti.com.br\/index.php\/wp-json\/wp\/v2\/comments?post=31466"}],"version-history":[{"count":1,"href":"https:\/\/blogdojuniorcavalcanti.com.br\/index.php\/wp-json\/wp\/v2\/posts\/31466\/revisions"}],"predecessor-version":[{"id":31467,"href":"https:\/\/blogdojuniorcavalcanti.com.br\/index.php\/wp-json\/wp\/v2\/posts\/31466\/revisions\/31467"}],"wp:attachment":[{"href":"https:\/\/blogdojuniorcavalcanti.com.br\/index.php\/wp-json\/wp\/v2\/media?parent=31466"}],"wp:term":[{"taxonomy":"category","embeddable":true,"href":"https:\/\/blogdojuniorcavalcanti.com.br\/index.php\/wp-json\/wp\/v2\/categories?post=31466"},{"taxonomy":"post_tag","embeddable":true,"href":"https:\/\/blogdojuniorcavalcanti.com.br\/index.php\/wp-json\/wp\/v2\/tags?post=31466"}],"curies":[{"name":"wp","href":"https:\/\/api.w.org\/{rel}","templated":true}]}}