{"id":31589,"date":"2024-02-06T10:46:47","date_gmt":"2024-02-06T13:46:47","guid":{"rendered":"https:\/\/blogdojuniorcavalcanti.com.br\/?p=31589"},"modified":"2024-02-06T10:46:47","modified_gmt":"2024-02-06T13:46:47","slug":"luciano-duque-busca-protecao-para-lider-indigena-marcos-xukuru","status":"publish","type":"post","link":"https:\/\/blogdojuniorcavalcanti.com.br\/index.php\/2024\/02\/06\/luciano-duque-busca-protecao-para-lider-indigena-marcos-xukuru\/","title":{"rendered":"Luciano Duque busca prote\u00e7\u00e3o para l\u00edder ind\u00edgena Marcos Xukuru"},"content":{"rendered":"<p style=\"text-align: justify;\"><span style=\"font-size: 14pt;\"><img fetchpriority=\"high\" decoding=\"async\" class=\"alignleft wp-image-276340 jetpack-lazy-image jetpack-lazy-image--handled\" src=\"https:\/\/i2.wp.com\/nilljunior.com.br\/wp-content\/uploads\/2024\/02\/LucianoDuque-05-02-24.jpeg?resize=400%2C289&amp;ssl=1\" sizes=\"(max-width: 400px) 100vw, 400px\" srcset=\"https:\/\/i2.wp.com\/nilljunior.com.br\/wp-content\/uploads\/2024\/02\/LucianoDuque-05-02-24.jpeg?w=1280&amp;ssl=1 1280w, https:\/\/i2.wp.com\/nilljunior.com.br\/wp-content\/uploads\/2024\/02\/LucianoDuque-05-02-24.jpeg?resize=300%2C217&amp;ssl=1 300w, https:\/\/i2.wp.com\/nilljunior.com.br\/wp-content\/uploads\/2024\/02\/LucianoDuque-05-02-24.jpeg?resize=768%2C556&amp;ssl=1 768w, https:\/\/i2.wp.com\/nilljunior.com.br\/wp-content\/uploads\/2024\/02\/LucianoDuque-05-02-24.jpeg?resize=553%2C400&amp;ssl=1 553w\" alt=\"\" width=\"400\" height=\"289\" data-attachment-id=\"276340\" data-permalink=\"https:\/\/nilljunior.com.br\/luciano-duque-busca-protecao-para-lider-indigena-marcos-xukuru\/lucianoduque-05-02-24\/\" data-orig-file=\"https:\/\/i2.wp.com\/nilljunior.com.br\/wp-content\/uploads\/2024\/02\/LucianoDuque-05-02-24.jpeg?fit=1280%2C926&amp;ssl=1\" data-orig-size=\"1280,926\" data-comments-opened=\"1\" data-image-meta=\"{&quot;aperture&quot;:&quot;0&quot;,&quot;credit&quot;:&quot;&quot;,&quot;camera&quot;:&quot;&quot;,&quot;caption&quot;:&quot;&quot;,&quot;created_timestamp&quot;:&quot;0&quot;,&quot;copyright&quot;:&quot;&quot;,&quot;focal_length&quot;:&quot;0&quot;,&quot;iso&quot;:&quot;0&quot;,&quot;shutter_speed&quot;:&quot;0&quot;,&quot;title&quot;:&quot;&quot;,&quot;orientation&quot;:&quot;0&quot;}\" data-image-title=\"LucianoDuque-05-02-24\" data-image-description=\"\" data-medium-file=\"https:\/\/i2.wp.com\/nilljunior.com.br\/wp-content\/uploads\/2024\/02\/LucianoDuque-05-02-24.jpeg?fit=300%2C217&amp;ssl=1\" data-large-file=\"https:\/\/i2.wp.com\/nilljunior.com.br\/wp-content\/uploads\/2024\/02\/LucianoDuque-05-02-24.jpeg?fit=553%2C400&amp;ssl=1\" data-recalc-dims=\"1\" data-lazy-loaded=\"1\" \/><span style=\"font-family: arial, helvetica, sans-serif;\">Nesta segunda-feira (5), o deputado estadual Luciano Duque utilizou suas redes sociais para destacar uma importante agenda em prol dos direitos e da seguran\u00e7a do l\u00edder ind\u00edgena Marcos Xukuru.<\/span><\/span><\/p>\n<p style=\"text-align: justify;\"><span style=\"font-size: 14pt; font-family: arial, helvetica, sans-serif;\">Acompanhado pelo cacique Marcos Xukuru, Luciano Duque participou de uma reuni\u00e3o com o secret\u00e1rio-executivo de Direitos Humanos, Jayme Asfora, visando tratar da prote\u00e7\u00e3o e seguran\u00e7a do l\u00edder ind\u00edgena.<\/span><\/p>\n<p style=\"text-align: justify;\"><span style=\"font-size: 14pt; font-family: arial, helvetica, sans-serif;\">Marcos Xukuru \u00e9 uma lideran\u00e7a do Povo Xukuru, cuja terra foi reconhecida, demarcada e homologada em 2002, al\u00e9m de ter sido internacionalmente reconhecida como de direito desse povo pela Corte Interamericana de Direitos Humanos (CIDH). No entanto, a luta pela terra resultou em uma tentativa de assassinato contra Marcos, tornando necess\u00e1ria a sua prote\u00e7\u00e3o pela justi\u00e7a. Atualmente, ele encontra-se sem prote\u00e7\u00e3o, o que levanta preocupa\u00e7\u00f5es quanto \u00e0 sua seguran\u00e7a.<\/span><\/p>\n<p style=\"text-align: justify;\"><span style=\"font-size: 14pt; font-family: arial, helvetica, sans-serif;\">Diante desse contexto, o deputado Luciano Duque enfatizou a import\u00e2ncia de garantir a seguran\u00e7a do cacique e os direitos do Povo Xukuru, especialmente em meio ao clima de tens\u00e3o pol\u00edtica que assola o munic\u00edpio atualmente. A presen\u00e7a do deputado estadual Eriberto Filho na reuni\u00e3o tamb\u00e9m foi ressaltada, demonstrando o apoio conjunto na busca por solu\u00e7\u00f5es para a prote\u00e7\u00e3o e bem-estar da comunidade ind\u00edgena.<\/span><\/p>\n","protected":false},"excerpt":{"rendered":"<p>Nesta segunda-feira (5), o deputado estadual Luciano Duque utilizou suas redes sociais para destacar uma importante agenda em prol dos direitos e da seguran&ccedil;a do l&iacute;der ind&iacute;gena Marcos Xukuru. Acompanhado pelo cacique Marcos Xukuru, Luciano Duque participou de uma reuni&atilde;o com o secret&aacute;rio-executivo de Direitos Humanos, Jayme Asfora, visando tratar da prote&ccedil;&atilde;o e seguran&ccedil;a do l&iacute;der ind&iacute;gena. Marcos Xukuru &eacute; uma lideran&ccedil;a do Povo Xukuru, cuja terra foi reconhecida, demarcada e homologada em 2002, al&eacute;m de ter sido internacionalmente reconhecida como de direito desse povo pela Corte Interamericana de Direitos Humanos (CIDH). No entanto, a luta pela terra resultou em &#8230; <\/p>\n<p class=\"read-more-container\"><a title=\"Luciano Duque busca prote\u00e7\u00e3o para l\u00edder ind\u00edgena Marcos Xukuru\" class=\"read-more button\" href=\"https:\/\/blogdojuniorcavalcanti.com.br\/index.php\/2024\/02\/06\/luciano-duque-busca-protecao-para-lider-indigena-marcos-xukuru\/#more-31589\" aria-label=\"More on Luciano Duque busca prote\u00e7\u00e3o para l\u00edder ind\u00edgena Marcos Xukuru\">Leia mais<\/a><\/p>\n","protected":false},"author":2,"featured_media":0,"comment_status":"open","ping_status":"open","sticky":false,"template":"","format":"standard","meta":{"footnotes":""},"categories":[26],"tags":[],"class_list":["post-31589","post","type-post","status-publish","format-standard","hentry","category-noticias"],"_links":{"self":[{"href":"https:\/\/blogdojuniorcavalcanti.com.br\/index.php\/wp-json\/wp\/v2\/posts\/31589","targetHints":{"allow":["GET"]}}],"collection":[{"href":"https:\/\/blogdojuniorcavalcanti.com.br\/index.php\/wp-json\/wp\/v2\/posts"}],"about":[{"href":"https:\/\/blogdojuniorcavalcanti.com.br\/index.php\/wp-json\/wp\/v2\/types\/post"}],"author":[{"embeddable":true,"href":"https:\/\/blogdojuniorcavalcanti.com.br\/index.php\/wp-json\/wp\/v2\/users\/2"}],"replies":[{"embeddable":true,"href":"https:\/\/blogdojuniorcavalcanti.com.br\/index.php\/wp-json\/wp\/v2\/comments?post=31589"}],"version-history":[{"count":1,"href":"https:\/\/blogdojuniorcavalcanti.com.br\/index.php\/wp-json\/wp\/v2\/posts\/31589\/revisions"}],"predecessor-version":[{"id":31590,"href":"https:\/\/blogdojuniorcavalcanti.com.br\/index.php\/wp-json\/wp\/v2\/posts\/31589\/revisions\/31590"}],"wp:attachment":[{"href":"https:\/\/blogdojuniorcavalcanti.com.br\/index.php\/wp-json\/wp\/v2\/media?parent=31589"}],"wp:term":[{"taxonomy":"category","embeddable":true,"href":"https:\/\/blogdojuniorcavalcanti.com.br\/index.php\/wp-json\/wp\/v2\/categories?post=31589"},{"taxonomy":"post_tag","embeddable":true,"href":"https:\/\/blogdojuniorcavalcanti.com.br\/index.php\/wp-json\/wp\/v2\/tags?post=31589"}],"curies":[{"name":"wp","href":"https:\/\/api.w.org\/{rel}","templated":true}]}}