{"id":31820,"date":"2024-02-15T04:57:44","date_gmt":"2024-02-15T07:57:44","guid":{"rendered":"https:\/\/blogdojuniorcavalcanti.com.br\/?p=31820"},"modified":"2024-02-15T04:57:44","modified_gmt":"2024-02-15T07:57:44","slug":"solenidade-marca-o-98o-de-policiais-e-bombeiros-militares-mortos-em-combate-contra-a-coluna-prestes","status":"publish","type":"post","link":"https:\/\/blogdojuniorcavalcanti.com.br\/index.php\/2024\/02\/15\/solenidade-marca-o-98o-de-policiais-e-bombeiros-militares-mortos-em-combate-contra-a-coluna-prestes\/","title":{"rendered":"Solenidade marca o 98\u00ba de Policiais e Bombeiros Militares mortos em combate contra a Coluna Prestes"},"content":{"rendered":"<p style=\"text-align: justify;\"><span style=\"font-size: 14pt;\"><img fetchpriority=\"high\" decoding=\"async\" class=\"alignleft wp-image-276818 jetpack-lazy-image jetpack-lazy-image--handled\" src=\"https:\/\/i0.wp.com\/nilljunior.com.br\/wp-content\/uploads\/2024\/02\/homenagem-pms-mortos-colunaPrestes-2.jpeg?resize=400%2C180&amp;ssl=1\" sizes=\"(max-width: 400px) 100vw, 400px\" srcset=\"https:\/\/i0.wp.com\/nilljunior.com.br\/wp-content\/uploads\/2024\/02\/homenagem-pms-mortos-colunaPrestes-2.jpeg?w=4000&amp;ssl=1 4000w, https:\/\/i0.wp.com\/nilljunior.com.br\/wp-content\/uploads\/2024\/02\/homenagem-pms-mortos-colunaPrestes-2.jpeg?resize=300%2C135&amp;ssl=1 300w, https:\/\/i0.wp.com\/nilljunior.com.br\/wp-content\/uploads\/2024\/02\/homenagem-pms-mortos-colunaPrestes-2.jpeg?resize=768%2C346&amp;ssl=1 768w, https:\/\/i0.wp.com\/nilljunior.com.br\/wp-content\/uploads\/2024\/02\/homenagem-pms-mortos-colunaPrestes-2.jpeg?resize=600%2C270&amp;ssl=1 600w, https:\/\/i0.wp.com\/nilljunior.com.br\/wp-content\/uploads\/2024\/02\/homenagem-pms-mortos-colunaPrestes-2.jpeg?w=2000&amp;ssl=1 2000w, https:\/\/i0.wp.com\/nilljunior.com.br\/wp-content\/uploads\/2024\/02\/homenagem-pms-mortos-colunaPrestes-2.jpeg?w=3000&amp;ssl=1 3000w\" alt=\"\" width=\"400\" height=\"180\" data-attachment-id=\"276818\" data-permalink=\"https:\/\/nilljunior.com.br\/solenidade-marca-o-98o-de-policiais-e-bombeiros-militares-mortos-em-combate-contra-a-coluna-prestes\/homenagem-pms-mortos-colunaprestes-2\/\" data-orig-file=\"https:\/\/i0.wp.com\/nilljunior.com.br\/wp-content\/uploads\/2024\/02\/homenagem-pms-mortos-colunaPrestes-2.jpeg?fit=4000%2C1800&amp;ssl=1\" data-orig-size=\"4000,1800\" data-comments-opened=\"1\" data-image-meta=\"{&quot;aperture&quot;:&quot;0&quot;,&quot;credit&quot;:&quot;&quot;,&quot;camera&quot;:&quot;&quot;,&quot;caption&quot;:&quot;&quot;,&quot;created_timestamp&quot;:&quot;0&quot;,&quot;copyright&quot;:&quot;&quot;,&quot;focal_length&quot;:&quot;0&quot;,&quot;iso&quot;:&quot;0&quot;,&quot;shutter_speed&quot;:&quot;0&quot;,&quot;title&quot;:&quot;&quot;,&quot;orientation&quot;:&quot;0&quot;}\" data-image-title=\"homenagem-pms-mortos-colunaPrestes (2)\" data-image-description=\"\" data-medium-file=\"https:\/\/i0.wp.com\/nilljunior.com.br\/wp-content\/uploads\/2024\/02\/homenagem-pms-mortos-colunaPrestes-2.jpeg?fit=300%2C135&amp;ssl=1\" data-large-file=\"https:\/\/i0.wp.com\/nilljunior.com.br\/wp-content\/uploads\/2024\/02\/homenagem-pms-mortos-colunaPrestes-2.jpeg?fit=600%2C270&amp;ssl=1\" data-recalc-dims=\"1\" data-lazy-loaded=\"1\" \/><span style=\"font-family: arial, helvetica, sans-serif;\">Na manh\u00e3 desta quarta-feira (14), foi realizada uma solenidade especial em homenagem aos Policiais e Bombeiros Militares que tombaram em combate contra os insurgentes da Coluna Prestes, marcando o 98\u00ba ano do tr\u00e1gico evento. O tributo foi dedicado \u00e0 bravura e ao sacrif\u00edcio desses homens que enfrentaram a adversidade em defesa da ordem e da seguran\u00e7a p\u00fablica.<\/span><\/span><\/p>\n<p style=\"text-align: justify;\"><span style=\"font-size: 14pt; font-family: arial, helvetica, sans-serif;\">O evento reuniu autoridades militares, dentre elas o Cel PM Norberto Lima Garc\u00eaz J\u00fanior, Diretor Adjunto da Dinter II, o Cel RRPM Wanderley, o Ten Cel PM Washington, Cmt da 2\u00b0 CIPM, o Major BM Berenger, Cmt do 9\u00b0 GB, o Major PM Crist\u00f3v\u00e3o, representando a DAS, o Ten PM Ivanildo, representando o BEPI, al\u00e9m de outros militares presentes.\u00a0<\/span><\/p>\n<p style=\"text-align: justify;\"><span style=\"font-size: 14pt; font-family: arial, helvetica, sans-serif;\">O evento rememorou o tr\u00e1gico epis\u00f3dio ocorrido em 14 de fevereiro de 1926, quando uma tropa composta por 137 homens, sob o comando do Cel PM Jo\u00e3o Nunes, Cmt Geral, foi emboscada pelas for\u00e7as insurgentes da Coluna Prestes, na regi\u00e3o de Umburanas, zona rural da cidade de Cust\u00f3dia. Nesse confronto, quatro Policiais Militares e quatro Bombeiros Militares perderam suas vidas.<\/span><\/p>\n<p style=\"text-align: justify;\"><span style=\"font-size: 14pt; font-family: arial, helvetica, sans-serif;\">Os policiais militares que faleceram foram: Is\u00eddio Jos\u00e9 de Oliveira (2\u00ba Batalh\u00e3o), Castor Pereira da Costa (Regimento de Cavalaria), Ercias Petronillo Fonseca (Regimento de Cavalaria) e Manoel Bernardino Fonseca (Regimento de Cavalaria). J\u00e1 os bombeiros militares que tombaram foram: Jos\u00e9 Sebasti\u00e3o Bezerra, Pedro Cosme Alexandrino, Ant\u00f4nio Cassemiro Ferreira e Luiz Jos\u00e9 Lima Mendes.<\/span><\/p>\n<p style=\"text-align: justify;\"><span style=\"font-size: 14pt; font-family: arial, helvetica, sans-serif;\">Os corpos dos militares foram sepultados em uma cova \u00fanica na localidade, e em Boletim Geral, o ent\u00e3o Cmt Geral, o Cel PM Jo\u00e3o Nunes, enalteceu a coragem e o sacrif\u00edcio desses homens no campo de batalha.<\/span><\/p>\n<p style=\"text-align: justify;\"><span style=\"font-size: 14pt; font-family: arial, helvetica, sans-serif;\">Durante a solenidade, o Cel PM Norberto destacou a import\u00e2ncia de lembrar dessa data e do significado hist\u00f3rico desse acontecimento para a Pol\u00edcia Militar de Pernambuco, reafirmando o compromisso da corpora\u00e7\u00e3o em preservar a mem\u00f3ria e o legado daqueles que deram suas vidas em prol da seguran\u00e7a da sociedade.<\/span><\/p>\n","protected":false},"excerpt":{"rendered":"<p>Na manh&atilde; desta quarta-feira (14), foi realizada uma solenidade especial em homenagem aos Policiais e Bombeiros Militares que tombaram em combate contra os insurgentes da Coluna Prestes, marcando o 98&ordm; ano do tr&aacute;gico evento. O tributo foi dedicado &agrave; bravura e ao sacrif&iacute;cio desses homens que enfrentaram a adversidade em defesa da ordem e da seguran&ccedil;a p&uacute;blica. O evento reuniu autoridades militares, dentre elas o Cel PM Norberto Lima Garc&ecirc;z J&uacute;nior, Diretor Adjunto da Dinter II, o Cel RRPM Wanderley, o Ten Cel PM Washington, Cmt da 2&deg; CIPM, o Major BM Berenger, Cmt do 9&deg; GB, o Major PM &#8230; <\/p>\n<p class=\"read-more-container\"><a title=\"Solenidade marca o 98\u00ba de Policiais e Bombeiros Militares mortos em combate contra a Coluna Prestes\" class=\"read-more button\" href=\"https:\/\/blogdojuniorcavalcanti.com.br\/index.php\/2024\/02\/15\/solenidade-marca-o-98o-de-policiais-e-bombeiros-militares-mortos-em-combate-contra-a-coluna-prestes\/#more-31820\" aria-label=\"More on Solenidade marca o 98\u00ba de Policiais e Bombeiros Militares mortos em combate contra a Coluna Prestes\">Leia mais<\/a><\/p>\n","protected":false},"author":2,"featured_media":0,"comment_status":"open","ping_status":"open","sticky":false,"template":"","format":"standard","meta":{"footnotes":""},"categories":[26],"tags":[],"class_list":["post-31820","post","type-post","status-publish","format-standard","hentry","category-noticias"],"_links":{"self":[{"href":"https:\/\/blogdojuniorcavalcanti.com.br\/index.php\/wp-json\/wp\/v2\/posts\/31820","targetHints":{"allow":["GET"]}}],"collection":[{"href":"https:\/\/blogdojuniorcavalcanti.com.br\/index.php\/wp-json\/wp\/v2\/posts"}],"about":[{"href":"https:\/\/blogdojuniorcavalcanti.com.br\/index.php\/wp-json\/wp\/v2\/types\/post"}],"author":[{"embeddable":true,"href":"https:\/\/blogdojuniorcavalcanti.com.br\/index.php\/wp-json\/wp\/v2\/users\/2"}],"replies":[{"embeddable":true,"href":"https:\/\/blogdojuniorcavalcanti.com.br\/index.php\/wp-json\/wp\/v2\/comments?post=31820"}],"version-history":[{"count":1,"href":"https:\/\/blogdojuniorcavalcanti.com.br\/index.php\/wp-json\/wp\/v2\/posts\/31820\/revisions"}],"predecessor-version":[{"id":31821,"href":"https:\/\/blogdojuniorcavalcanti.com.br\/index.php\/wp-json\/wp\/v2\/posts\/31820\/revisions\/31821"}],"wp:attachment":[{"href":"https:\/\/blogdojuniorcavalcanti.com.br\/index.php\/wp-json\/wp\/v2\/media?parent=31820"}],"wp:term":[{"taxonomy":"category","embeddable":true,"href":"https:\/\/blogdojuniorcavalcanti.com.br\/index.php\/wp-json\/wp\/v2\/categories?post=31820"},{"taxonomy":"post_tag","embeddable":true,"href":"https:\/\/blogdojuniorcavalcanti.com.br\/index.php\/wp-json\/wp\/v2\/tags?post=31820"}],"curies":[{"name":"wp","href":"https:\/\/api.w.org\/{rel}","templated":true}]}}