{"id":31872,"date":"2024-02-16T04:55:32","date_gmt":"2024-02-16T07:55:32","guid":{"rendered":"https:\/\/blogdojuniorcavalcanti.com.br\/?p=31872"},"modified":"2024-02-16T04:55:32","modified_gmt":"2024-02-16T07:55:32","slug":"carnaval-68-pessoas-foram-mortas-em-pernambuco-sendo-tres-em-polos-de-folia","status":"publish","type":"post","link":"https:\/\/blogdojuniorcavalcanti.com.br\/index.php\/2024\/02\/16\/carnaval-68-pessoas-foram-mortas-em-pernambuco-sendo-tres-em-polos-de-folia\/","title":{"rendered":"Carnaval: 68 pessoas foram mortas em Pernambuco, sendo tr\u00eas em polos de folia"},"content":{"rendered":"<p style=\"text-align: justify;\"><span style=\"font-size: 14pt; font-family: arial, helvetica, sans-serif;\"><img fetchpriority=\"high\" decoding=\"async\" class=\"wp-image-17480 aligncenter\" src=\"https:\/\/afogadosonline.com.br\/wp\/wp-content\/uploads\/2020\/08\/violencia.jpg\" sizes=\"(max-width: 623px) 100vw, 623px\" srcset=\"https:\/\/afogadosonline.com.br\/wp\/wp-content\/uploads\/2020\/08\/violencia.jpg 620w, https:\/\/afogadosonline.com.br\/wp\/wp-content\/uploads\/2020\/08\/violencia-300x176.jpg 300w\" alt=\"\" width=\"623\" height=\"365\" \/><\/span><\/p>\n<p style=\"text-align: justify;\"><span style=\"font-size: 14pt; font-family: arial, helvetica, sans-serif;\">Pernambuco somou tr\u00eas assassinatos em polos de folia durante o Carnaval deste ano. O resultado chama a aten\u00e7\u00e3o porque, em 2023, nenhuma ocorr\u00eancia foi registrada pela pol\u00edcia. Apesar disso, a Secretaria de Defesa Social (SDS) comemorou uma redu\u00e7\u00e3o de 17% no n\u00famero de mortes no Estado entre a 0h da quinta-feira (8\/02) at\u00e9 23h59 da ter\u00e7a-feira (13\/02). Ao todo, 68 pessoas foram assassinadas. No mesmo per\u00edodo do ano anterior, o Estado registrou 82 casos.<\/span><\/p>\n<p style=\"text-align: justify;\"><span style=\"font-size: 14pt; font-family: arial, helvetica, sans-serif;\">Por causa da abertura do Carnaval no Recife e em Olinda, que ocorreu na noite da quinta-feira, a SDS decidiu, pela primeira vez, contabilizar as estat\u00edsticas de viol\u00eancia a partir desse dia. Normalmente, o estudo era feito a partir do S\u00e1bado de Z\u00e9 Pereira.<\/span><\/p>\n<p style=\"text-align: justify;\"><span style=\"font-size: 14pt; font-family: arial, helvetica, sans-serif;\">De acordo com a SDS, em dois dias de Carnaval houve aumento das mortes violentas intencionais no Estado. No s\u00e1bado, 13 pessoas foram mortas \u2013 sendo uma a mais do que no mesmo per\u00edodo do ano passado. J\u00e1 na ter\u00e7a-feira, 12 v\u00edtimas foram contabilizadas, tamb\u00e9m uma a mais que em 2023.<\/span><\/p>\n","protected":false},"excerpt":{"rendered":"<p>Pernambuco somou tr&ecirc;s assassinatos em polos de folia durante o Carnaval deste ano. O resultado chama a aten&ccedil;&atilde;o porque, em 2023, nenhuma ocorr&ecirc;ncia foi registrada pela pol&iacute;cia. Apesar disso, a Secretaria de Defesa Social (SDS) comemorou uma redu&ccedil;&atilde;o de 17% no n&uacute;mero de mortes no Estado entre a 0h da quinta-feira (8\/02) at&eacute; 23h59 da ter&ccedil;a-feira (13\/02). Ao todo, 68 pessoas foram assassinadas. No mesmo per&iacute;odo do ano anterior, o Estado registrou 82 casos. Por causa da abertura do Carnaval no Recife e em Olinda, que ocorreu na noite da quinta-feira, a SDS decidiu, pela primeira vez, contabilizar as estat&iacute;sticas &#8230; <\/p>\n<p class=\"read-more-container\"><a title=\"Carnaval: 68 pessoas foram mortas em Pernambuco, sendo tr\u00eas em polos de folia\" class=\"read-more button\" href=\"https:\/\/blogdojuniorcavalcanti.com.br\/index.php\/2024\/02\/16\/carnaval-68-pessoas-foram-mortas-em-pernambuco-sendo-tres-em-polos-de-folia\/#more-31872\" aria-label=\"More on Carnaval: 68 pessoas foram mortas em Pernambuco, sendo tr\u00eas em polos de folia\">Leia mais<\/a><\/p>\n","protected":false},"author":2,"featured_media":0,"comment_status":"open","ping_status":"open","sticky":false,"template":"","format":"standard","meta":{"footnotes":""},"categories":[26],"tags":[],"class_list":["post-31872","post","type-post","status-publish","format-standard","hentry","category-noticias"],"_links":{"self":[{"href":"https:\/\/blogdojuniorcavalcanti.com.br\/index.php\/wp-json\/wp\/v2\/posts\/31872","targetHints":{"allow":["GET"]}}],"collection":[{"href":"https:\/\/blogdojuniorcavalcanti.com.br\/index.php\/wp-json\/wp\/v2\/posts"}],"about":[{"href":"https:\/\/blogdojuniorcavalcanti.com.br\/index.php\/wp-json\/wp\/v2\/types\/post"}],"author":[{"embeddable":true,"href":"https:\/\/blogdojuniorcavalcanti.com.br\/index.php\/wp-json\/wp\/v2\/users\/2"}],"replies":[{"embeddable":true,"href":"https:\/\/blogdojuniorcavalcanti.com.br\/index.php\/wp-json\/wp\/v2\/comments?post=31872"}],"version-history":[{"count":1,"href":"https:\/\/blogdojuniorcavalcanti.com.br\/index.php\/wp-json\/wp\/v2\/posts\/31872\/revisions"}],"predecessor-version":[{"id":31873,"href":"https:\/\/blogdojuniorcavalcanti.com.br\/index.php\/wp-json\/wp\/v2\/posts\/31872\/revisions\/31873"}],"wp:attachment":[{"href":"https:\/\/blogdojuniorcavalcanti.com.br\/index.php\/wp-json\/wp\/v2\/media?parent=31872"}],"wp:term":[{"taxonomy":"category","embeddable":true,"href":"https:\/\/blogdojuniorcavalcanti.com.br\/index.php\/wp-json\/wp\/v2\/categories?post=31872"},{"taxonomy":"post_tag","embeddable":true,"href":"https:\/\/blogdojuniorcavalcanti.com.br\/index.php\/wp-json\/wp\/v2\/tags?post=31872"}],"curies":[{"name":"wp","href":"https:\/\/api.w.org\/{rel}","templated":true}]}}