{"id":32034,"date":"2024-02-21T17:23:35","date_gmt":"2024-02-21T20:23:35","guid":{"rendered":"https:\/\/blogdojuniorcavalcanti.com.br\/?p=32034"},"modified":"2024-02-21T17:23:35","modified_gmt":"2024-02-21T20:23:35","slug":"morre-dona-candida-mae-do-prefeito-de-itapetim-adelmo-moura","status":"publish","type":"post","link":"https:\/\/blogdojuniorcavalcanti.com.br\/index.php\/2024\/02\/21\/morre-dona-candida-mae-do-prefeito-de-itapetim-adelmo-moura\/","title":{"rendered":"Morre Dona C\u00e2ndida, m\u00e3e do prefeito de Itapetim, Adelmo Moura"},"content":{"rendered":"<p style=\"text-align: justify;\"><span style=\"font-size: 14pt;\"><img fetchpriority=\"high\" decoding=\"async\" class=\"wp-image-277202 jetpack-lazy-image jetpack-lazy-image--handled alignleft\" src=\"https:\/\/i0.wp.com\/nilljunior.com.br\/wp-content\/uploads\/2024\/02\/dona-candida.jpg?resize=400%2C296&amp;ssl=1\" sizes=\"(max-width: 400px) 100vw, 400px\" srcset=\"https:\/\/i0.wp.com\/nilljunior.com.br\/wp-content\/uploads\/2024\/02\/dona-candida.jpg?w=1441&amp;ssl=1 1441w, https:\/\/i0.wp.com\/nilljunior.com.br\/wp-content\/uploads\/2024\/02\/dona-candida.jpg?resize=300%2C222&amp;ssl=1 300w, https:\/\/i0.wp.com\/nilljunior.com.br\/wp-content\/uploads\/2024\/02\/dona-candida.jpg?resize=768%2C569&amp;ssl=1 768w, https:\/\/i0.wp.com\/nilljunior.com.br\/wp-content\/uploads\/2024\/02\/dona-candida.jpg?resize=540%2C400&amp;ssl=1 540w\" alt=\"\" width=\"400\" height=\"296\" data-attachment-id=\"277202\" data-permalink=\"https:\/\/nilljunior.com.br\/morre-dona-candida-mae-do-prefeito-de-itapetim-adelmo-moura\/dona-candida\/\" data-orig-file=\"https:\/\/i0.wp.com\/nilljunior.com.br\/wp-content\/uploads\/2024\/02\/dona-candida.jpg?fit=1441%2C1068&amp;ssl=1\" data-orig-size=\"1441,1068\" data-comments-opened=\"1\" data-image-meta=\"{&quot;aperture&quot;:&quot;0&quot;,&quot;credit&quot;:&quot;&quot;,&quot;camera&quot;:&quot;&quot;,&quot;caption&quot;:&quot;&quot;,&quot;created_timestamp&quot;:&quot;0&quot;,&quot;copyright&quot;:&quot;&quot;,&quot;focal_length&quot;:&quot;0&quot;,&quot;iso&quot;:&quot;0&quot;,&quot;shutter_speed&quot;:&quot;0&quot;,&quot;title&quot;:&quot;&quot;,&quot;orientation&quot;:&quot;0&quot;}\" data-image-title=\"dona-candida\" data-image-description=\"\" data-medium-file=\"https:\/\/i0.wp.com\/nilljunior.com.br\/wp-content\/uploads\/2024\/02\/dona-candida.jpg?fit=300%2C222&amp;ssl=1\" data-large-file=\"https:\/\/i0.wp.com\/nilljunior.com.br\/wp-content\/uploads\/2024\/02\/dona-candida.jpg?fit=540%2C400&amp;ssl=1\" data-recalc-dims=\"1\" data-lazy-loaded=\"1\" \/><span style=\"font-family: arial, helvetica, sans-serif;\">Nesta quarta-feira (21), o prefeito de Itapetim, Adelmo Moura, utilizou suas redes sociais para comunicar o falecimento de sua m\u00e3e, C\u00e2ndida Maria dos Santos Moura, aos 89 anos. Em uma emocionante mensagem, Adelmo expressou sua profunda tristeza e dor pela perda da m\u00e3e querida.<\/span><\/span><\/p>\n<p style=\"text-align: justify;\"><span style=\"font-size: 14pt; font-family: arial, helvetica, sans-serif;\">\u201c\u00c9 com imensa tristeza e o cora\u00e7\u00e3o dilacerado que comunico o falecimento da minha adorada e querida m\u00e3e, Dona C\u00e2ndida, que nos deixou hoje\u201d, escreveu o prefeito em sua publica\u00e7\u00e3o.<\/span><\/p>\n<p style=\"text-align: justify;\"><span style=\"font-size: 14pt; font-family: arial, helvetica, sans-serif;\">Adelmo Moura destacou as qualidades singulares de sua m\u00e3e, descrevendo-a como uma mulher incr\u00edvel, cheia de bondade, sabedoria e amor incondicional por todos ao seu redor. A partida de Dona C\u00e2ndida deixou um vazio imensur\u00e1vel na vida da fam\u00edlia, mas seu legado de amor e dedica\u00e7\u00e3o ser\u00e1 eternamente lembrado com carinho.<\/span><\/p>\n<p style=\"text-align: justify;\"><span style=\"font-size: 14pt; font-family: arial, helvetica, sans-serif;\">\u201cSua presen\u00e7a era uma luz em nossos dias, e seu legado de amor e dedica\u00e7\u00e3o ser\u00e1 sempre uma inspira\u00e7\u00e3o para n\u00f3s\u201d, expressou o prefeito.<\/span><\/p>\n<p style=\"text-align: justify;\"><span style=\"font-size: 14pt; font-family: arial, helvetica, sans-serif;\">Em meio ao luto, Adelmo Moura ressaltou sua gratid\u00e3o pelo apoio recebido de amigos, familiares e conhecidos. Ele agradeceu todas as mensagens de conforto e solidariedade que t\u00eam chegado at\u00e9 ele e sua fam\u00edlia neste momento dif\u00edcil.<\/span><\/p>\n<p style=\"text-align: justify;\"><span style=\"font-size: 14pt; font-family: arial, helvetica, sans-serif;\">\u201cQue mam\u00e3e descanse em paz, e que possamos encontrar conforto na certeza de que ela est\u00e1 em um lugar melhor, olhando por n\u00f3s l\u00e1 de cima\u201d, concluiu Adelmo Moura em sua comovente mensagem.<\/span><\/p>\n<p style=\"text-align: justify;\"><span style=\"font-size: 14pt; font-family: arial, helvetica, sans-serif;\"><b>Vel\u00f3rio e sepultamento \u2013<\/b>\u00a0O vel\u00f3rio est\u00e1 sendo realizado na casa deu seu filho, Argemiro Moura, no S\u00edtio Clarinha, na sa\u00edda para S\u00e3o Vicente. O sepultamento acontecer\u00e1 nesta quinta-feira (22), \u00e0s 8h, no Cemit\u00e9rio Jo\u00e3o XXIII.<\/span><\/p>\n","protected":false},"excerpt":{"rendered":"<p>Nesta quarta-feira (21), o prefeito de Itapetim, Adelmo Moura, utilizou suas redes sociais para comunicar o falecimento de sua m&atilde;e, C&acirc;ndida Maria dos Santos Moura, aos 89 anos. Em uma emocionante mensagem, Adelmo expressou sua profunda tristeza e dor pela perda da m&atilde;e querida. &ldquo;&Eacute; com imensa tristeza e o cora&ccedil;&atilde;o dilacerado que comunico o falecimento da minha adorada e querida m&atilde;e, Dona C&acirc;ndida, que nos deixou hoje&rdquo;, escreveu o prefeito em sua publica&ccedil;&atilde;o. Adelmo Moura destacou as qualidades singulares de sua m&atilde;e, descrevendo-a como uma mulher incr&iacute;vel, cheia de bondade, sabedoria e amor incondicional por todos ao seu redor. &#8230; <\/p>\n<p class=\"read-more-container\"><a title=\"Morre Dona C\u00e2ndida, m\u00e3e do prefeito de Itapetim, Adelmo Moura\" class=\"read-more button\" href=\"https:\/\/blogdojuniorcavalcanti.com.br\/index.php\/2024\/02\/21\/morre-dona-candida-mae-do-prefeito-de-itapetim-adelmo-moura\/#more-32034\" aria-label=\"More on Morre Dona C\u00e2ndida, m\u00e3e do prefeito de Itapetim, Adelmo Moura\">Leia mais<\/a><\/p>\n","protected":false},"author":2,"featured_media":0,"comment_status":"open","ping_status":"open","sticky":false,"template":"","format":"standard","meta":{"footnotes":""},"categories":[26],"tags":[],"class_list":["post-32034","post","type-post","status-publish","format-standard","hentry","category-noticias"],"_links":{"self":[{"href":"https:\/\/blogdojuniorcavalcanti.com.br\/index.php\/wp-json\/wp\/v2\/posts\/32034","targetHints":{"allow":["GET"]}}],"collection":[{"href":"https:\/\/blogdojuniorcavalcanti.com.br\/index.php\/wp-json\/wp\/v2\/posts"}],"about":[{"href":"https:\/\/blogdojuniorcavalcanti.com.br\/index.php\/wp-json\/wp\/v2\/types\/post"}],"author":[{"embeddable":true,"href":"https:\/\/blogdojuniorcavalcanti.com.br\/index.php\/wp-json\/wp\/v2\/users\/2"}],"replies":[{"embeddable":true,"href":"https:\/\/blogdojuniorcavalcanti.com.br\/index.php\/wp-json\/wp\/v2\/comments?post=32034"}],"version-history":[{"count":1,"href":"https:\/\/blogdojuniorcavalcanti.com.br\/index.php\/wp-json\/wp\/v2\/posts\/32034\/revisions"}],"predecessor-version":[{"id":32035,"href":"https:\/\/blogdojuniorcavalcanti.com.br\/index.php\/wp-json\/wp\/v2\/posts\/32034\/revisions\/32035"}],"wp:attachment":[{"href":"https:\/\/blogdojuniorcavalcanti.com.br\/index.php\/wp-json\/wp\/v2\/media?parent=32034"}],"wp:term":[{"taxonomy":"category","embeddable":true,"href":"https:\/\/blogdojuniorcavalcanti.com.br\/index.php\/wp-json\/wp\/v2\/categories?post=32034"},{"taxonomy":"post_tag","embeddable":true,"href":"https:\/\/blogdojuniorcavalcanti.com.br\/index.php\/wp-json\/wp\/v2\/tags?post=32034"}],"curies":[{"name":"wp","href":"https:\/\/api.w.org\/{rel}","templated":true}]}}