{"id":32270,"date":"2024-02-29T17:33:37","date_gmt":"2024-02-29T20:33:37","guid":{"rendered":"https:\/\/blogdojuniorcavalcanti.com.br\/?p=32270"},"modified":"2024-02-29T17:33:37","modified_gmt":"2024-02-29T20:33:37","slug":"governo-de-pernambuco-vai-investir-r-27-milhoes-para-recuperar-a-pe-112-no-agreste","status":"publish","type":"post","link":"https:\/\/blogdojuniorcavalcanti.com.br\/index.php\/2024\/02\/29\/governo-de-pernambuco-vai-investir-r-27-milhoes-para-recuperar-a-pe-112-no-agreste\/","title":{"rendered":"Governo de Pernambuco vai investir R$ 27 milh\u00f5es para recuperar a PE-112, no Agreste"},"content":{"rendered":"<p style=\"text-align: justify;\"><span style=\"font-size: 14pt;\"><b><i><img fetchpriority=\"high\" decoding=\"async\" class=\"alignleft wp-image-277661 jetpack-lazy-image jetpack-lazy-image--handled\" src=\"https:\/\/i2.wp.com\/nilljunior.com.br\/wp-content\/uploads\/2024\/02\/WhatsApp-Image-2024-02-29-at-16.10.05.jpeg?resize=400%2C267&amp;ssl=1\" sizes=\"(max-width: 400px) 100vw, 400px\" srcset=\"https:\/\/i2.wp.com\/nilljunior.com.br\/wp-content\/uploads\/2024\/02\/WhatsApp-Image-2024-02-29-at-16.10.05.jpeg?w=1280&amp;ssl=1 1280w, https:\/\/i2.wp.com\/nilljunior.com.br\/wp-content\/uploads\/2024\/02\/WhatsApp-Image-2024-02-29-at-16.10.05.jpeg?resize=150%2C100&amp;ssl=1 150w, https:\/\/i2.wp.com\/nilljunior.com.br\/wp-content\/uploads\/2024\/02\/WhatsApp-Image-2024-02-29-at-16.10.05.jpeg?resize=300%2C200&amp;ssl=1 300w, https:\/\/i2.wp.com\/nilljunior.com.br\/wp-content\/uploads\/2024\/02\/WhatsApp-Image-2024-02-29-at-16.10.05.jpeg?resize=768%2C512&amp;ssl=1 768w, https:\/\/i2.wp.com\/nilljunior.com.br\/wp-content\/uploads\/2024\/02\/WhatsApp-Image-2024-02-29-at-16.10.05.jpeg?resize=600%2C400&amp;ssl=1 600w\" alt=\"\" width=\"400\" height=\"267\" data-attachment-id=\"277661\" data-permalink=\"https:\/\/nilljunior.com.br\/governo-de-pernambuco-vai-investir-r-27-milhoes-para-recuperar-a-pe-112-no-agreste\/whatsapp-image-2024-02-29-at-16-10-05\/\" data-orig-file=\"https:\/\/i2.wp.com\/nilljunior.com.br\/wp-content\/uploads\/2024\/02\/WhatsApp-Image-2024-02-29-at-16.10.05.jpeg?fit=1280%2C853&amp;ssl=1\" data-orig-size=\"1280,853\" data-comments-opened=\"1\" data-image-meta=\"{&quot;aperture&quot;:&quot;0&quot;,&quot;credit&quot;:&quot;&quot;,&quot;camera&quot;:&quot;&quot;,&quot;caption&quot;:&quot;&quot;,&quot;created_timestamp&quot;:&quot;0&quot;,&quot;copyright&quot;:&quot;&quot;,&quot;focal_length&quot;:&quot;0&quot;,&quot;iso&quot;:&quot;0&quot;,&quot;shutter_speed&quot;:&quot;0&quot;,&quot;title&quot;:&quot;&quot;,&quot;orientation&quot;:&quot;0&quot;}\" data-image-title=\"WhatsApp Image 2024-02-29 at 16.10.05\" data-image-description=\"\" data-medium-file=\"https:\/\/i2.wp.com\/nilljunior.com.br\/wp-content\/uploads\/2024\/02\/WhatsApp-Image-2024-02-29-at-16.10.05.jpeg?fit=300%2C200&amp;ssl=1\" data-large-file=\"https:\/\/i2.wp.com\/nilljunior.com.br\/wp-content\/uploads\/2024\/02\/WhatsApp-Image-2024-02-29-at-16.10.05.jpeg?fit=600%2C400&amp;ssl=1\" data-recalc-dims=\"1\" data-lazy-loaded=\"1\" \/><span style=\"font-family: arial, helvetica, sans-serif;\">An\u00fancio foi feito pela governadora Raquel Lyra, que cumpriu agenda em S\u00e3o Joaquim do Monte nesta quinta (29)<\/span><\/i><\/b><\/span><\/p>\n<p style=\"text-align: justify;\"><span style=\"font-size: 14pt; font-family: arial, helvetica, sans-serif;\">A governadora Raquel Lyra aproveitou sua passagem pelo munic\u00edpio de S\u00e3o Joaquim do Monte, no Agreste Central, nesta quinta (29), para anunciar a restaura\u00e7\u00e3o da PE-112, no trecho que passa pela cidade de S\u00e3o Joaquim do Monte at\u00e9 o encontro com a PE-109, em Bonito.<\/span><\/p>\n<p style=\"text-align: justify;\"><span style=\"font-size: 14pt; font-family: arial, helvetica, sans-serif;\">O Governo de Pernambuco vai investir R$ 27 milh\u00f5es na rodovia e a obra ter\u00e1 seu aviso de licita\u00e7\u00e3o publicado no Di\u00e1rio Oficial desta sexta (1\u00ba).\u00a0<\/span><\/p>\n<p style=\"text-align: justify;\"><span style=\"font-size: 14pt; font-family: arial, helvetica, sans-serif;\">Ser\u00e3o 27,5 quil\u00f4metros restaurados com servi\u00e7os de pavimenta\u00e7\u00e3o, drenagem e sinaliza\u00e7\u00e3o. \u201cSomada \u00e0 PE-109, garantimos a essa parte do Agreste o direito de ir e vir, do escoamento da produ\u00e7\u00e3o, encurtamento de dist\u00e2ncias, o direito da ambul\u00e2ncia chegar com rapidez, da pol\u00edcia poder fazer a prote\u00e7\u00e3o de maneira mais adequada. S\u00e3o obras e investimentos que t\u00eam recursos j\u00e1 garantidos pelo Governo do Estado\u201d, ressaltou Raquel Lyra, acompanhada da vice-governadora Priscila Krause.<\/span><\/p>\n<p style=\"text-align: justify;\"><span style=\"font-size: 14pt; font-family: arial, helvetica, sans-serif;\">O prefeito de S\u00e3o Joaquim do Monte, Duguinha Lins, falou sobre a import\u00e2ncia da rodovia. \u201cA restaura\u00e7\u00e3o da PE-112 significa um novo momento, n\u00e3o s\u00f3 para nossa cidade, mas tamb\u00e9m para toda a regi\u00e3o que come\u00e7a em Camocim de S\u00e3o F\u00e9lix, passa por S\u00e3o Joaquim e vai at\u00e9 Bonito. Essa \u00e9 uma obra muito sonhada e vai melhorar a vida do nosso povo\u201d, registrou.\u00a0<\/span><\/p>\n<p style=\"text-align: justify;\"><span style=\"font-size: 14pt; font-family: arial, helvetica, sans-serif;\">O governo iniciou, no ano passado, a recupera\u00e7\u00e3o da malha vi\u00e1ria em todas as regi\u00f5es do Estado e j\u00e1 assegurou o aporte de R$ 900 milh\u00f5es para tocar as obras. \u201cN\u00e3o tenho d\u00favidas de que a PE-112 ter\u00e1 suas obras iniciadas e conclu\u00eddas, e esse \u00e9 o sonho do nosso mandato para alavancar nossa economia, atraindo empresas e gerando novos empregos\u201d, concluiu o deputado estadual Jo\u00e3ozinho Ten\u00f3rio.<\/span><\/p>\n<p style=\"text-align: justify;\"><span style=\"font-size: 14pt; font-family: arial, helvetica, sans-serif;\">Tamb\u00e9m marcaram presen\u00e7a no an\u00fancio os prefeitos Diogo Lima (Barra de Guabiraba), Dona Gra\u00e7a (Catende), Pit\u00e9 (Quipap\u00e1), Josu\u00e9 Mendes (Agrestina), St\u00eanio Fernandes (Lagoa dos Gatos), Marlos Henrique (Maraial), Rubem Lima (Panelas), Ridete Pellegrino (Jaqueira), Maria Izalta (Ibirajuba), Orlando Jos\u00e9 (Altinho), Dioclecio Filho (Riacho das Almas), Josaf\u00e1 Almeida (S\u00e3o Caetano) e Giorge de Neno (Camocim de S\u00e3o F\u00e9lix). O secret\u00e1rio estadual da Casa Civil, T\u00falio Vila\u00e7a, o de Assist\u00eancia Social, Combate \u00e0 Fome e Pol\u00edticas sobre Drogas, Carlos Braga, vereadores e lideran\u00e7as da regi\u00e3o estiveram no evento.<\/span><\/p>\n","protected":false},"excerpt":{"rendered":"<p>An&uacute;ncio foi feito pela governadora Raquel Lyra, que cumpriu agenda em S&atilde;o Joaquim do Monte nesta quinta (29) A governadora Raquel Lyra aproveitou sua passagem pelo munic&iacute;pio de S&atilde;o Joaquim do Monte, no Agreste Central, nesta quinta (29), para anunciar a restaura&ccedil;&atilde;o da PE-112, no trecho que passa pela cidade de S&atilde;o Joaquim do Monte at&eacute; o encontro com a PE-109, em Bonito. O Governo de Pernambuco vai investir R$ 27 milh&otilde;es na rodovia e a obra ter&aacute; seu aviso de licita&ccedil;&atilde;o publicado no Di&aacute;rio Oficial desta sexta (1&ordm;).&nbsp; Ser&atilde;o 27,5 quil&ocirc;metros restaurados com servi&ccedil;os de pavimenta&ccedil;&atilde;o, drenagem e sinaliza&ccedil;&atilde;o. &#8230; <\/p>\n<p class=\"read-more-container\"><a title=\"Governo de Pernambuco vai investir R$ 27 milh\u00f5es para recuperar a PE-112, no Agreste\" class=\"read-more button\" href=\"https:\/\/blogdojuniorcavalcanti.com.br\/index.php\/2024\/02\/29\/governo-de-pernambuco-vai-investir-r-27-milhoes-para-recuperar-a-pe-112-no-agreste\/#more-32270\" aria-label=\"More on Governo de Pernambuco vai investir R$ 27 milh\u00f5es para recuperar a PE-112, no Agreste\">Leia mais<\/a><\/p>\n","protected":false},"author":2,"featured_media":0,"comment_status":"open","ping_status":"open","sticky":false,"template":"","format":"standard","meta":{"footnotes":""},"categories":[26],"tags":[],"class_list":["post-32270","post","type-post","status-publish","format-standard","hentry","category-noticias"],"_links":{"self":[{"href":"https:\/\/blogdojuniorcavalcanti.com.br\/index.php\/wp-json\/wp\/v2\/posts\/32270","targetHints":{"allow":["GET"]}}],"collection":[{"href":"https:\/\/blogdojuniorcavalcanti.com.br\/index.php\/wp-json\/wp\/v2\/posts"}],"about":[{"href":"https:\/\/blogdojuniorcavalcanti.com.br\/index.php\/wp-json\/wp\/v2\/types\/post"}],"author":[{"embeddable":true,"href":"https:\/\/blogdojuniorcavalcanti.com.br\/index.php\/wp-json\/wp\/v2\/users\/2"}],"replies":[{"embeddable":true,"href":"https:\/\/blogdojuniorcavalcanti.com.br\/index.php\/wp-json\/wp\/v2\/comments?post=32270"}],"version-history":[{"count":1,"href":"https:\/\/blogdojuniorcavalcanti.com.br\/index.php\/wp-json\/wp\/v2\/posts\/32270\/revisions"}],"predecessor-version":[{"id":32271,"href":"https:\/\/blogdojuniorcavalcanti.com.br\/index.php\/wp-json\/wp\/v2\/posts\/32270\/revisions\/32271"}],"wp:attachment":[{"href":"https:\/\/blogdojuniorcavalcanti.com.br\/index.php\/wp-json\/wp\/v2\/media?parent=32270"}],"wp:term":[{"taxonomy":"category","embeddable":true,"href":"https:\/\/blogdojuniorcavalcanti.com.br\/index.php\/wp-json\/wp\/v2\/categories?post=32270"},{"taxonomy":"post_tag","embeddable":true,"href":"https:\/\/blogdojuniorcavalcanti.com.br\/index.php\/wp-json\/wp\/v2\/tags?post=32270"}],"curies":[{"name":"wp","href":"https:\/\/api.w.org\/{rel}","templated":true}]}}