{"id":32281,"date":"2024-03-01T07:36:20","date_gmt":"2024-03-01T10:36:20","guid":{"rendered":"https:\/\/blogdojuniorcavalcanti.com.br\/?p=32281"},"modified":"2024-03-01T07:36:20","modified_gmt":"2024-03-01T10:36:20","slug":"fotografo-afogadense-recebe-mencao-honrosa-da-camara-dos-deputados","status":"publish","type":"post","link":"https:\/\/blogdojuniorcavalcanti.com.br\/index.php\/2024\/03\/01\/fotografo-afogadense-recebe-mencao-honrosa-da-camara-dos-deputados\/","title":{"rendered":"Fot\u00f3grafo afogadense recebe Men\u00e7\u00e3o Honrosa da C\u00e2mara dos Deputados"},"content":{"rendered":"<p style=\"text-align: justify;\"><span style=\"font-size: 14pt; font-family: arial, helvetica, sans-serif;\"><b><i>Wellington J\u00fanior teve men\u00e7\u00e3o protocolada pelo deputado federal Carlos Veras<\/i><\/b><\/span><\/p>\n<p style=\"text-align: justify;\"><span style=\"font-size: 14pt; font-family: arial, helvetica, sans-serif;\">Nesta quarta-feira (28), o fot\u00f3grafo afogadense Wellington J\u00fanior recebeu uma Men\u00e7\u00e3o Honrosa da C\u00e2mara dos Deputados em Bras\u00edlia. A men\u00e7\u00e3o foi protocolada pelo deputado federal Carlos Veras (PT), que divulgou um v\u00eddeo ao lado de Wellington.<\/span><\/p>\n<p style=\"text-align: justify;\"><span style=\"font-size: 14pt; font-family: arial, helvetica, sans-serif;\">\u201cEstamos aqui ao lado do pajeuzeiro, nosso fot\u00f3grafo, no Plen\u00e1rio da C\u00e2mara no meio da Sess\u00e3o porque hoje protocolamos uma Men\u00e7\u00e3o Honrosa a esse companheiro pelo pr\u00eamio de fotografia que ele recebeu e isso \u00e9 um orgulho para o nosso povo do Paje\u00fa\u201d, afirmou Veras no v\u00eddeo.<\/span><\/p>\n<p style=\"text-align: justify;\"><span style=\"font-size: 14pt; font-family: arial, helvetica, sans-serif;\">\u201cEssa men\u00e7\u00e3o honrosa que voc\u00ea recebe aqui na C\u00e2mara Federal \u00e9 fruto do seu trabalho e da sua dedica\u00e7\u00e3o. Com certeza o povo de Afogados da Ingazeira e o povo de Serra Talhada, onde voc\u00ea assessora a nossa prefeita M\u00e1rcia Conrado, est\u00e3o muito felizes, porque n\u00e3o \u00e9 voc\u00ea que recebe a men\u00e7\u00e3o mais alta do Congresso Nacional, mas \u00e9 o povo de Serra Talhada, \u00e9 o povo de Pernambuco. Parab\u00e9ns amigo\u201d, concluiu o parlamentar.<\/span><\/p>\n<p style=\"text-align: justify;\"><span style=\"font-size: 14pt; font-family: arial, helvetica, sans-serif;\">\u00c9 com imensa gratid\u00e3o que recebo esta Men\u00e7\u00e3o Honrosa do ilustre deputado federal Carlos Veras. Capturar momentos e contar hist\u00f3rias atrav\u00e9s das lentes \u00e9 minha paix\u00e3o, e ser reconhecido por isso na C\u00e2mara dos Deputados Federal \u00e9 verdadeiramente especial. Agrade\u00e7o pela valoriza\u00e7\u00e3o do meu trabalho e pelo incentivo cont\u00ednuo \u00e0 arte da fotografia\u201d, agradeceu Wellington.<\/span><\/p>\n<p style=\"text-align: justify;\"><span style=\"font-size: 14pt; font-family: arial, helvetica, sans-serif;\">Wellington J\u00fanior recebeu tr\u00eas premia\u00e7\u00f5es internacionais por seu trabalho no Bras\u00edlia Photo Show, considerado o maior Festival de Fotografias da Am\u00e9rica Latina. Ele venceu nos anos de 2016, 2018 e 2020.<\/span><\/p>\n","protected":false},"excerpt":{"rendered":"<p>Wellington J&uacute;nior teve men&ccedil;&atilde;o protocolada pelo deputado federal Carlos Veras Nesta quarta-feira (28), o fot&oacute;grafo afogadense Wellington J&uacute;nior recebeu uma Men&ccedil;&atilde;o Honrosa da C&acirc;mara dos Deputados em Bras&iacute;lia. A men&ccedil;&atilde;o foi protocolada pelo deputado federal Carlos Veras (PT), que divulgou um v&iacute;deo ao lado de Wellington. &ldquo;Estamos aqui ao lado do pajeuzeiro, nosso fot&oacute;grafo, no Plen&aacute;rio da C&acirc;mara no meio da Sess&atilde;o porque hoje protocolamos uma Men&ccedil;&atilde;o Honrosa a esse companheiro pelo pr&ecirc;mio de fotografia que ele recebeu e isso &eacute; um orgulho para o nosso povo do Paje&uacute;&rdquo;, afirmou Veras no v&iacute;deo. &ldquo;Essa men&ccedil;&atilde;o honrosa que voc&ecirc; recebe aqui &#8230; <\/p>\n<p class=\"read-more-container\"><a title=\"Fot\u00f3grafo afogadense recebe Men\u00e7\u00e3o Honrosa da C\u00e2mara dos Deputados\" class=\"read-more button\" href=\"https:\/\/blogdojuniorcavalcanti.com.br\/index.php\/2024\/03\/01\/fotografo-afogadense-recebe-mencao-honrosa-da-camara-dos-deputados\/#more-32281\" aria-label=\"More on Fot\u00f3grafo afogadense recebe Men\u00e7\u00e3o Honrosa da C\u00e2mara dos Deputados\">Leia mais<\/a><\/p>\n","protected":false},"author":2,"featured_media":32282,"comment_status":"open","ping_status":"open","sticky":false,"template":"","format":"standard","meta":{"footnotes":""},"categories":[25],"tags":[],"class_list":["post-32281","post","type-post","status-publish","format-standard","has-post-thumbnail","hentry","category-destaque","resize-featured-image"],"_links":{"self":[{"href":"https:\/\/blogdojuniorcavalcanti.com.br\/index.php\/wp-json\/wp\/v2\/posts\/32281","targetHints":{"allow":["GET"]}}],"collection":[{"href":"https:\/\/blogdojuniorcavalcanti.com.br\/index.php\/wp-json\/wp\/v2\/posts"}],"about":[{"href":"https:\/\/blogdojuniorcavalcanti.com.br\/index.php\/wp-json\/wp\/v2\/types\/post"}],"author":[{"embeddable":true,"href":"https:\/\/blogdojuniorcavalcanti.com.br\/index.php\/wp-json\/wp\/v2\/users\/2"}],"replies":[{"embeddable":true,"href":"https:\/\/blogdojuniorcavalcanti.com.br\/index.php\/wp-json\/wp\/v2\/comments?post=32281"}],"version-history":[{"count":1,"href":"https:\/\/blogdojuniorcavalcanti.com.br\/index.php\/wp-json\/wp\/v2\/posts\/32281\/revisions"}],"predecessor-version":[{"id":32283,"href":"https:\/\/blogdojuniorcavalcanti.com.br\/index.php\/wp-json\/wp\/v2\/posts\/32281\/revisions\/32283"}],"wp:featuredmedia":[{"embeddable":true,"href":"https:\/\/blogdojuniorcavalcanti.com.br\/index.php\/wp-json\/wp\/v2\/media\/32282"}],"wp:attachment":[{"href":"https:\/\/blogdojuniorcavalcanti.com.br\/index.php\/wp-json\/wp\/v2\/media?parent=32281"}],"wp:term":[{"taxonomy":"category","embeddable":true,"href":"https:\/\/blogdojuniorcavalcanti.com.br\/index.php\/wp-json\/wp\/v2\/categories?post=32281"},{"taxonomy":"post_tag","embeddable":true,"href":"https:\/\/blogdojuniorcavalcanti.com.br\/index.php\/wp-json\/wp\/v2\/tags?post=32281"}],"curies":[{"name":"wp","href":"https:\/\/api.w.org\/{rel}","templated":true}]}}