{"id":32343,"date":"2024-03-03T10:26:19","date_gmt":"2024-03-03T13:26:19","guid":{"rendered":"https:\/\/blogdojuniorcavalcanti.com.br\/?p=32343"},"modified":"2024-03-03T10:26:19","modified_gmt":"2024-03-03T13:26:19","slug":"esquadrilha-da-fumaca-fara-demonstracoes-aereas-em-afranio-e-serra-talhada-no-proximo-final-de-semana","status":"publish","type":"post","link":"https:\/\/blogdojuniorcavalcanti.com.br\/index.php\/2024\/03\/03\/esquadrilha-da-fumaca-fara-demonstracoes-aereas-em-afranio-e-serra-talhada-no-proximo-final-de-semana\/","title":{"rendered":"Esquadrilha da Fuma\u00e7a far\u00e1 demonstra\u00e7\u00f5es a\u00e9reas em Afr\u00e2nio e Serra Talhada no pr\u00f3ximo final de semana"},"content":{"rendered":"<p style=\"text-align: justify;\"><span style=\"font-size: 14pt; font-family: arial, helvetica, sans-serif;\"><em>Reda\u00e7\u00e3o Blog PE Not\u00edcias<\/em><\/span><\/p>\n<p style=\"text-align: justify;\"><span style=\"font-size: 14pt; font-family: arial, helvetica, sans-serif;\">A Esquadrilha da Fuma\u00e7a \u2013 \u201cEsquadr\u00e3o de Demonstra\u00e7\u00e3o A\u00e9rea\u201d, far\u00e1 umas apresenta\u00e7\u00f5es no Estado de Pernambuco neste m\u00eas de mar\u00e7o. A cidade de Afr\u00e2nio, no Sert\u00e3o do Araripe, est\u00e1 abrindo a agenda na sexta-feira (08), \u00e0s 16h. J\u00e1 na cidade de Serra Talhada, no Sert\u00e3o do Paje\u00fa, a apresenta\u00e7\u00e3o ser\u00e1 no s\u00e1bado (09), onde receber\u00e1 o espet\u00e1culo a\u00e9reo com hor\u00e1rio previsto para come\u00e7ar tamb\u00e9m \u00e0s 16h, no Parque dos Ip\u00eas, no bairro Ipsep.<\/span><\/p>\n<p style=\"text-align: justify;\"><span style=\"font-size: 14pt; font-family: arial, helvetica, sans-serif;\">Os pilotos da For\u00e7a A\u00e9rea Brasileira (FAB) prometem encantar o p\u00fablico com manobras acrob\u00e1ticas e precis\u00e3o incompar\u00e1veis. Atualmente, as demonstra\u00e7\u00f5es do grupo s\u00e3o compostas por 07 (sete) avi\u00f5es A-29 Super Tucano.<\/span><\/p>\n<p style=\"text-align: justify;\"><span style=\"font-size: 14pt; font-family: arial, helvetica, sans-serif;\"><strong>Veja a agenda da Esquadrilha da Fuma\u00e7a em Pernambuco:<\/strong><\/span><\/p>\n<p style=\"text-align: justify;\"><span style=\"font-size: 14pt; font-family: arial, helvetica, sans-serif;\"><strong>Sexta-feira, 08 de mar\u00e7o<\/strong><\/span><\/p>\n<ul style=\"text-align: justify;\">\n<li><span style=\"font-size: 14pt; font-family: arial, helvetica, sans-serif;\">Afr\u00e2nio \u2013 \u00a016h<\/span><\/li>\n<\/ul>\n<p style=\"text-align: justify;\"><span style=\"font-size: 14pt; font-family: arial, helvetica, sans-serif;\"><strong>S\u00e1bado, 09 de mar\u00e7o<\/strong><\/span><\/p>\n<ul style=\"text-align: justify;\">\n<li><span style=\"font-size: 14pt; font-family: arial, helvetica, sans-serif;\">Serra Talhada \u2013 16h<\/span><\/li>\n<\/ul>\n<p style=\"text-align: justify;\"><span style=\"font-size: 14pt; font-family: arial, helvetica, sans-serif;\"><strong>Domingo, 10 de mar\u00e7o<\/strong><\/span><\/p>\n<ul style=\"text-align: justify;\">\n<li><span style=\"font-size: 14pt; font-family: arial, helvetica, sans-serif;\">Recife \u2013 16h<\/span><\/li>\n<\/ul>\n<p style=\"text-align: justify;\"><span style=\"font-size: 14pt; font-family: arial, helvetica, sans-serif;\"><strong>S\u00e1bado, 16 de mar\u00e7o<\/strong><\/span><\/p>\n<ul style=\"text-align: justify;\">\n<li><span style=\"font-size: 14pt; font-family: arial, helvetica, sans-serif;\">Caruaru \u2013 16h<\/span><\/li>\n<\/ul>\n<p style=\"text-align: justify;\"><span style=\"font-size: 14pt; font-family: arial, helvetica, sans-serif;\">A Esquadrilha da Fuma\u00e7a \u00e9 o nome popular do \u201cEsquadr\u00e3o de Demonstra\u00e7\u00e3o A\u00e9rea\u201d (EDA), da For\u00e7a A\u00e9rea Brasileira, cujo objetivo \u00e9 realizar demonstra\u00e7\u00f5es a\u00e9reas a fim de difundir, em \u00e2mbito nacional e internacional, a imagem institucional da For\u00e7a A\u00e9rea Brasileira (FAB).<\/span><\/p>\n<p style=\"text-align: justify;\"><span style=\"font-size: 14pt; font-family: arial, helvetica, sans-serif;\">As origens da Esquadrilha da Fuma\u00e7a remontam ao in\u00edcio da d\u00e9cada de 1940, quando foi criada a Escola de Aeron\u00e1utica na Base A\u00e9rea dos Afonsos, na cidade do Rio de Janeiro. A primeira demonstra\u00e7\u00e3o a\u00e9rea oficial do grupamento que formaria a Esquadrilha da Fuma\u00e7a ocorreu em maio de 1952, para uma comitiva estrangeira que visitava a Escola. Formava-se ali o embri\u00e3o da esquadrilha, dentro da Escola de Aeron\u00e1utica.<\/span><\/p>\n","protected":false},"excerpt":{"rendered":"<p>Reda&ccedil;&atilde;o Blog PE Not&iacute;cias A Esquadrilha da Fuma&ccedil;a &ndash; &ldquo;Esquadr&atilde;o de Demonstra&ccedil;&atilde;o A&eacute;rea&rdquo;, far&aacute; umas apresenta&ccedil;&otilde;es no Estado de Pernambuco neste m&ecirc;s de mar&ccedil;o. A cidade de Afr&acirc;nio, no Sert&atilde;o do Araripe, est&aacute; abrindo a agenda na sexta-feira (08), &agrave;s 16h. J&aacute; na cidade de Serra Talhada, no Sert&atilde;o do Paje&uacute;, a apresenta&ccedil;&atilde;o ser&aacute; no s&aacute;bado (09), onde receber&aacute; o espet&aacute;culo a&eacute;reo com hor&aacute;rio previsto para come&ccedil;ar tamb&eacute;m &agrave;s 16h, no Parque dos Ip&ecirc;s, no bairro Ipsep. Os pilotos da For&ccedil;a A&eacute;rea Brasileira (FAB) prometem encantar o p&uacute;blico com manobras acrob&aacute;ticas e precis&atilde;o incompar&aacute;veis. Atualmente, as demonstra&ccedil;&otilde;es do grupo s&atilde;o &#8230; <\/p>\n<p class=\"read-more-container\"><a title=\"Esquadrilha da Fuma\u00e7a far\u00e1 demonstra\u00e7\u00f5es a\u00e9reas em Afr\u00e2nio e Serra Talhada no pr\u00f3ximo final de semana\" class=\"read-more button\" href=\"https:\/\/blogdojuniorcavalcanti.com.br\/index.php\/2024\/03\/03\/esquadrilha-da-fumaca-fara-demonstracoes-aereas-em-afranio-e-serra-talhada-no-proximo-final-de-semana\/#more-32343\" aria-label=\"More on Esquadrilha da Fuma\u00e7a far\u00e1 demonstra\u00e7\u00f5es a\u00e9reas em Afr\u00e2nio e Serra Talhada no pr\u00f3ximo final de semana\">Leia mais<\/a><\/p>\n","protected":false},"author":2,"featured_media":32344,"comment_status":"open","ping_status":"open","sticky":false,"template":"","format":"standard","meta":{"footnotes":""},"categories":[25],"tags":[],"class_list":["post-32343","post","type-post","status-publish","format-standard","has-post-thumbnail","hentry","category-destaque","resize-featured-image"],"_links":{"self":[{"href":"https:\/\/blogdojuniorcavalcanti.com.br\/index.php\/wp-json\/wp\/v2\/posts\/32343","targetHints":{"allow":["GET"]}}],"collection":[{"href":"https:\/\/blogdojuniorcavalcanti.com.br\/index.php\/wp-json\/wp\/v2\/posts"}],"about":[{"href":"https:\/\/blogdojuniorcavalcanti.com.br\/index.php\/wp-json\/wp\/v2\/types\/post"}],"author":[{"embeddable":true,"href":"https:\/\/blogdojuniorcavalcanti.com.br\/index.php\/wp-json\/wp\/v2\/users\/2"}],"replies":[{"embeddable":true,"href":"https:\/\/blogdojuniorcavalcanti.com.br\/index.php\/wp-json\/wp\/v2\/comments?post=32343"}],"version-history":[{"count":1,"href":"https:\/\/blogdojuniorcavalcanti.com.br\/index.php\/wp-json\/wp\/v2\/posts\/32343\/revisions"}],"predecessor-version":[{"id":32345,"href":"https:\/\/blogdojuniorcavalcanti.com.br\/index.php\/wp-json\/wp\/v2\/posts\/32343\/revisions\/32345"}],"wp:featuredmedia":[{"embeddable":true,"href":"https:\/\/blogdojuniorcavalcanti.com.br\/index.php\/wp-json\/wp\/v2\/media\/32344"}],"wp:attachment":[{"href":"https:\/\/blogdojuniorcavalcanti.com.br\/index.php\/wp-json\/wp\/v2\/media?parent=32343"}],"wp:term":[{"taxonomy":"category","embeddable":true,"href":"https:\/\/blogdojuniorcavalcanti.com.br\/index.php\/wp-json\/wp\/v2\/categories?post=32343"},{"taxonomy":"post_tag","embeddable":true,"href":"https:\/\/blogdojuniorcavalcanti.com.br\/index.php\/wp-json\/wp\/v2\/tags?post=32343"}],"curies":[{"name":"wp","href":"https:\/\/api.w.org\/{rel}","templated":true}]}}