{"id":32528,"date":"2024-03-09T04:50:24","date_gmt":"2024-03-09T07:50:24","guid":{"rendered":"https:\/\/blogdojuniorcavalcanti.com.br\/?p=32528"},"modified":"2024-03-09T04:50:24","modified_gmt":"2024-03-09T07:50:24","slug":"prefeitura-de-carnaiba-entrega-mais-18-fogoes-ecologicos-em-comunidades-rurais","status":"publish","type":"post","link":"https:\/\/blogdojuniorcavalcanti.com.br\/index.php\/2024\/03\/09\/prefeitura-de-carnaiba-entrega-mais-18-fogoes-ecologicos-em-comunidades-rurais\/","title":{"rendered":"Prefeitura de Carna\u00edba entrega mais 18 fog\u00f5es ecol\u00f3gicos em comunidades rurais"},"content":{"rendered":"<p style=\"text-align: justify;\"><span style=\"font-size: 14pt; font-family: arial, helvetica, sans-serif;\"><img fetchpriority=\"high\" decoding=\"async\" class=\"wp-image-155494  alignleft\" src=\"https:\/\/penoticias.com.br\/blog\/wp-content\/uploads\/2024\/03\/aa-28.jpg\" sizes=\"(max-width: 670px) 100vw, 670px\" srcset=\"https:\/\/penoticias.com.br\/blog\/wp-content\/uploads\/2024\/03\/aa-28.jpg 801w, https:\/\/penoticias.com.br\/blog\/wp-content\/uploads\/2024\/03\/aa-28-300x172.jpg 300w, https:\/\/penoticias.com.br\/blog\/wp-content\/uploads\/2024\/03\/aa-28-768x441.jpg 768w\" alt=\"\" width=\"400\" height=\"230\" \/><\/span><\/p>\n<p style=\"text-align: justify;\"><span style=\"font-size: 14pt; font-family: arial, helvetica, sans-serif;\">A Prefeitura de Carna\u00edba realizou a entrega oficial de mais 18 fog\u00f5es ecol\u00f3gicos para as comunidades, sendo seis (06) no s\u00edtio Tamboril, e doze (12) no s\u00edtio Matinha.<\/span><\/p>\n<p style=\"text-align: justify;\"><span style=\"font-size: 14pt; font-family: arial, helvetica, sans-serif;\">Os fog\u00f5es ecol\u00f3gicos s\u00e3o uma verdadeira revolu\u00e7\u00e3o para o dia a dia dessas fam\u00edlias, pois al\u00e9m de respeitarem o meio ambiente, ajudam na economia de botij\u00f5es de g\u00e1s. Com a inclus\u00e3o de um forno, as possibilidades se expandem, permitindo a todos desfrutar de bolos e uma variedade de pratos assados.<\/span><\/p>\n<p style=\"text-align: justify;\"><span style=\"font-size: 14pt; font-family: arial, helvetica, sans-serif;\">A Prefeitura Municipal segue comprometida com o bem-estar das comunidades rurais e com a preserva\u00e7\u00e3o do meio ambiente. O prefeito Anchieta Patriota (PSB), esteve nas comunidades juntamente com sua equipe de governo, e alguns vereadores, realizando as entregas.<\/span><\/p>\n","protected":false},"excerpt":{"rendered":"<p>A Prefeitura de Carna&iacute;ba realizou a entrega oficial de mais 18 fog&otilde;es ecol&oacute;gicos para as comunidades, sendo seis (06) no s&iacute;tio Tamboril, e doze (12) no s&iacute;tio Matinha. Os fog&otilde;es ecol&oacute;gicos s&atilde;o uma verdadeira revolu&ccedil;&atilde;o para o dia a dia dessas fam&iacute;lias, pois al&eacute;m de respeitarem o meio ambiente, ajudam na economia de botij&otilde;es de g&aacute;s. Com a inclus&atilde;o de um forno, as possibilidades se expandem, permitindo a todos desfrutar de bolos e uma variedade de pratos assados. A Prefeitura Municipal segue comprometida com o bem-estar das comunidades rurais e com a preserva&ccedil;&atilde;o do meio ambiente. O prefeito Anchieta Patriota &#8230; <\/p>\n<p class=\"read-more-container\"><a title=\"Prefeitura de Carna\u00edba entrega mais 18 fog\u00f5es ecol\u00f3gicos em comunidades rurais\" class=\"read-more button\" href=\"https:\/\/blogdojuniorcavalcanti.com.br\/index.php\/2024\/03\/09\/prefeitura-de-carnaiba-entrega-mais-18-fogoes-ecologicos-em-comunidades-rurais\/#more-32528\" aria-label=\"More on Prefeitura de Carna\u00edba entrega mais 18 fog\u00f5es ecol\u00f3gicos em comunidades rurais\">Leia mais<\/a><\/p>\n","protected":false},"author":2,"featured_media":0,"comment_status":"open","ping_status":"open","sticky":false,"template":"","format":"standard","meta":{"footnotes":""},"categories":[26],"tags":[],"class_list":["post-32528","post","type-post","status-publish","format-standard","hentry","category-noticias"],"_links":{"self":[{"href":"https:\/\/blogdojuniorcavalcanti.com.br\/index.php\/wp-json\/wp\/v2\/posts\/32528","targetHints":{"allow":["GET"]}}],"collection":[{"href":"https:\/\/blogdojuniorcavalcanti.com.br\/index.php\/wp-json\/wp\/v2\/posts"}],"about":[{"href":"https:\/\/blogdojuniorcavalcanti.com.br\/index.php\/wp-json\/wp\/v2\/types\/post"}],"author":[{"embeddable":true,"href":"https:\/\/blogdojuniorcavalcanti.com.br\/index.php\/wp-json\/wp\/v2\/users\/2"}],"replies":[{"embeddable":true,"href":"https:\/\/blogdojuniorcavalcanti.com.br\/index.php\/wp-json\/wp\/v2\/comments?post=32528"}],"version-history":[{"count":1,"href":"https:\/\/blogdojuniorcavalcanti.com.br\/index.php\/wp-json\/wp\/v2\/posts\/32528\/revisions"}],"predecessor-version":[{"id":32529,"href":"https:\/\/blogdojuniorcavalcanti.com.br\/index.php\/wp-json\/wp\/v2\/posts\/32528\/revisions\/32529"}],"wp:attachment":[{"href":"https:\/\/blogdojuniorcavalcanti.com.br\/index.php\/wp-json\/wp\/v2\/media?parent=32528"}],"wp:term":[{"taxonomy":"category","embeddable":true,"href":"https:\/\/blogdojuniorcavalcanti.com.br\/index.php\/wp-json\/wp\/v2\/categories?post=32528"},{"taxonomy":"post_tag","embeddable":true,"href":"https:\/\/blogdojuniorcavalcanti.com.br\/index.php\/wp-json\/wp\/v2\/tags?post=32528"}],"curies":[{"name":"wp","href":"https:\/\/api.w.org\/{rel}","templated":true}]}}