{"id":32769,"date":"2024-03-17T14:46:11","date_gmt":"2024-03-17T17:46:11","guid":{"rendered":"https:\/\/blogdojuniorcavalcanti.com.br\/?p=32769"},"modified":"2024-03-17T14:46:11","modified_gmt":"2024-03-17T17:46:11","slug":"aliados-de-nicinha-ja-a-tratam-como-candidata-a-reeleicao-e-dao-recado-a-valdemir","status":"publish","type":"post","link":"https:\/\/blogdojuniorcavalcanti.com.br\/index.php\/2024\/03\/17\/aliados-de-nicinha-ja-a-tratam-como-candidata-a-reeleicao-e-dao-recado-a-valdemir\/","title":{"rendered":"Aliados de Nicinha j\u00e1 a tratam como candidata a reelei\u00e7\u00e3o e d\u00e3o recado a Valdemir"},"content":{"rendered":"<p style=\"text-align: justify;\"><span style=\"font-size: 14pt;\"><img fetchpriority=\"high\" decoding=\"async\" class=\"alignleft size-large wp-image-278780 jetpack-lazy-image jetpack-lazy-image--handled\" src=\"https:\/\/i2.wp.com\/nilljunior.com.br\/wp-content\/uploads\/2024\/03\/IMG-20240317-WA0089.jpg?resize=400%2C400&amp;ssl=1\" sizes=\"(max-width: 400px) 100vw, 400px\" srcset=\"https:\/\/i2.wp.com\/nilljunior.com.br\/wp-content\/uploads\/2024\/03\/IMG-20240317-WA0089.jpg?resize=400%2C400&amp;ssl=1 400w, https:\/\/i2.wp.com\/nilljunior.com.br\/wp-content\/uploads\/2024\/03\/IMG-20240317-WA0089.jpg?resize=250%2C250&amp;ssl=1 250w, https:\/\/i2.wp.com\/nilljunior.com.br\/wp-content\/uploads\/2024\/03\/IMG-20240317-WA0089.jpg?resize=768%2C768&amp;ssl=1 768w, https:\/\/i2.wp.com\/nilljunior.com.br\/wp-content\/uploads\/2024\/03\/IMG-20240317-WA0089.jpg?w=1080&amp;ssl=1 1080w\" alt=\"\" width=\"400\" height=\"400\" data-attachment-id=\"278780\" data-permalink=\"https:\/\/nilljunior.com.br\/aliados-de-nicinha-ja-a-tratam-como-candidata-a-reeleicao-e-dao-recado-a-valdemir\/img-20240317-wa0089\/\" data-orig-file=\"https:\/\/i2.wp.com\/nilljunior.com.br\/wp-content\/uploads\/2024\/03\/IMG-20240317-WA0089.jpg?fit=1080%2C1080&amp;ssl=1\" data-orig-size=\"1080,1080\" data-comments-opened=\"1\" data-image-meta=\"{&quot;aperture&quot;:&quot;0&quot;,&quot;credit&quot;:&quot;&quot;,&quot;camera&quot;:&quot;&quot;,&quot;caption&quot;:&quot;&quot;,&quot;created_timestamp&quot;:&quot;0&quot;,&quot;copyright&quot;:&quot;&quot;,&quot;focal_length&quot;:&quot;0&quot;,&quot;iso&quot;:&quot;0&quot;,&quot;shutter_speed&quot;:&quot;0&quot;,&quot;title&quot;:&quot;&quot;,&quot;orientation&quot;:&quot;0&quot;}\" data-image-title=\"IMG-20240317-WA0089\" data-image-description=\"\" data-medium-file=\"https:\/\/i2.wp.com\/nilljunior.com.br\/wp-content\/uploads\/2024\/03\/IMG-20240317-WA0089.jpg?fit=250%2C250&amp;ssl=1\" data-large-file=\"https:\/\/i2.wp.com\/nilljunior.com.br\/wp-content\/uploads\/2024\/03\/IMG-20240317-WA0089.jpg?fit=400%2C400&amp;ssl=1\" data-recalc-dims=\"1\" data-lazy-loaded=\"1\" \/><strong><span style=\"font-family: arial, helvetica, sans-serif;\">Por Nill J\u00fanior<\/span><\/strong><\/span><\/p>\n<p style=\"text-align: justify;\"><span style=\"font-size: 14pt;\"><span style=\"font-family: arial, helvetica, sans-serif;\">Parece que a Coluna do Doming\u00e3o tava adivinhando.<\/span><\/span><\/p>\n<p style=\"text-align: justify;\"><span style=\"font-size: 14pt; font-family: arial, helvetica, sans-serif;\">Mal alertou o presidente da C\u00e2mara de Vereadores de Tabira, Valdemir Filho, sobre o mudus operandi de Dinca Brandino, Nicinha e cia, j\u00e1 surge um sinal de que o casal gest\u00e3o vai dar-lhe as costas.<\/span><\/p>\n<p style=\"text-align: justify;\"><span style=\"font-size: 14pt; font-family: arial, helvetica, sans-serif;\">H\u00e1 alguns dias, o blog noticiou que Dinca teria chamado Valdemir para discutir a possibilidade de apoiar sua candidatura.<\/span><\/p>\n<p style=\"text-align: justify;\"><span style=\"font-size: 14pt; font-family: arial, helvetica, sans-serif;\">Valdemir esta semana se movimentou com colegas vereadores e passou a considerar a possibilidade real de disputa.<\/span><\/p>\n<p style=\"text-align: justify;\"><span style=\"font-size: 14pt; font-family: arial, helvetica, sans-serif;\">Bastou isso e, certamente com orienta\u00e7\u00e3o do casal, surge um movimento para descredenciar o projeto de Valdemir. O post de Gleison Rodrigues, um dos principais comandados da dupla, diz tudo.<\/span><\/p>\n<p style=\"text-align: justify;\"><span style=\"font-size: 14pt; font-family: arial, helvetica, sans-serif;\">\u201cTodos tem o direito de se candidatar a prefeito, por\u00e9m, a minha pr\u00e9-candidata \u00e9 Nicinha que ser\u00e1 a primeira mulher prefeita reeleita de Tabira.<\/span><\/p>\n<p style=\"text-align: justify;\"><span style=\"font-size: 14pt; font-family: arial, helvetica, sans-serif;\">Valdemir ainda se coloca candidato de Dinca, mas diz haver possibilidade de apoio de parte das fam\u00edlias Amaral e Ferreira.<\/span><\/p>\n","protected":false},"excerpt":{"rendered":"<p>Por Nill J&uacute;nior Parece que a Coluna do Doming&atilde;o tava adivinhando. Mal alertou o presidente da C&acirc;mara de Vereadores de Tabira, Valdemir Filho, sobre o mudus operandi de Dinca Brandino, Nicinha e cia, j&aacute; surge um sinal de que o casal gest&atilde;o vai dar-lhe as costas. H&aacute; alguns dias, o blog noticiou que Dinca teria chamado Valdemir para discutir a possibilidade de apoiar sua candidatura. Valdemir esta semana se movimentou com colegas vereadores e passou a considerar a possibilidade real de disputa. Bastou isso e, certamente com orienta&ccedil;&atilde;o do casal, surge um movimento para descredenciar o projeto de Valdemir. O &#8230; <\/p>\n<p class=\"read-more-container\"><a title=\"Aliados de Nicinha j\u00e1 a tratam como candidata a reelei\u00e7\u00e3o e d\u00e3o recado a Valdemir\" class=\"read-more button\" href=\"https:\/\/blogdojuniorcavalcanti.com.br\/index.php\/2024\/03\/17\/aliados-de-nicinha-ja-a-tratam-como-candidata-a-reeleicao-e-dao-recado-a-valdemir\/#more-32769\" aria-label=\"More on Aliados de Nicinha j\u00e1 a tratam como candidata a reelei\u00e7\u00e3o e d\u00e3o recado a Valdemir\">Leia mais<\/a><\/p>\n","protected":false},"author":2,"featured_media":0,"comment_status":"open","ping_status":"open","sticky":false,"template":"","format":"standard","meta":{"footnotes":""},"categories":[26],"tags":[],"class_list":["post-32769","post","type-post","status-publish","format-standard","hentry","category-noticias"],"_links":{"self":[{"href":"https:\/\/blogdojuniorcavalcanti.com.br\/index.php\/wp-json\/wp\/v2\/posts\/32769","targetHints":{"allow":["GET"]}}],"collection":[{"href":"https:\/\/blogdojuniorcavalcanti.com.br\/index.php\/wp-json\/wp\/v2\/posts"}],"about":[{"href":"https:\/\/blogdojuniorcavalcanti.com.br\/index.php\/wp-json\/wp\/v2\/types\/post"}],"author":[{"embeddable":true,"href":"https:\/\/blogdojuniorcavalcanti.com.br\/index.php\/wp-json\/wp\/v2\/users\/2"}],"replies":[{"embeddable":true,"href":"https:\/\/blogdojuniorcavalcanti.com.br\/index.php\/wp-json\/wp\/v2\/comments?post=32769"}],"version-history":[{"count":1,"href":"https:\/\/blogdojuniorcavalcanti.com.br\/index.php\/wp-json\/wp\/v2\/posts\/32769\/revisions"}],"predecessor-version":[{"id":32770,"href":"https:\/\/blogdojuniorcavalcanti.com.br\/index.php\/wp-json\/wp\/v2\/posts\/32769\/revisions\/32770"}],"wp:attachment":[{"href":"https:\/\/blogdojuniorcavalcanti.com.br\/index.php\/wp-json\/wp\/v2\/media?parent=32769"}],"wp:term":[{"taxonomy":"category","embeddable":true,"href":"https:\/\/blogdojuniorcavalcanti.com.br\/index.php\/wp-json\/wp\/v2\/categories?post=32769"},{"taxonomy":"post_tag","embeddable":true,"href":"https:\/\/blogdojuniorcavalcanti.com.br\/index.php\/wp-json\/wp\/v2\/tags?post=32769"}],"curies":[{"name":"wp","href":"https:\/\/api.w.org\/{rel}","templated":true}]}}