{"id":32806,"date":"2024-03-18T11:52:09","date_gmt":"2024-03-18T14:52:09","guid":{"rendered":"https:\/\/blogdojuniorcavalcanti.com.br\/?p=32806"},"modified":"2024-03-18T11:53:38","modified_gmt":"2024-03-18T14:53:38","slug":"sertania-vereador-de-situacao-adere-ao-grupo-politico-da-pre-candidata-polyana-abreu","status":"publish","type":"post","link":"https:\/\/blogdojuniorcavalcanti.com.br\/index.php\/2024\/03\/18\/sertania-vereador-de-situacao-adere-ao-grupo-politico-da-pre-candidata-polyana-abreu\/","title":{"rendered":"Sert\u00e2nia: Vereador Denilson das Placas adere ao grupo pol\u00edtico da pr\u00e9-candidata Polyana Abreu"},"content":{"rendered":"<p style=\"text-align: justify;\"><span style=\"font-size: 14pt;\"><img fetchpriority=\"high\" decoding=\"async\" class=\"size-medium wp-image-32807 aligncenter\" src=\"https:\/\/blogdojuniorcavalcanti.com.br\/wp-content\/uploads\/2024\/03\/IMG-20240318-WA0018-300x251.jpg\" alt=\"\" width=\"300\" height=\"251\" srcset=\"https:\/\/blogdojuniorcavalcanti.com.br\/wp-content\/uploads\/2024\/03\/IMG-20240318-WA0018-300x251.jpg 300w, https:\/\/blogdojuniorcavalcanti.com.br\/wp-content\/uploads\/2024\/03\/IMG-20240318-WA0018.jpg 716w\" sizes=\"(max-width: 300px) 100vw, 300px\" \/><span style=\"font-family: arial, helvetica, sans-serif;\">O vereador Denilson das Placas,\u00a0 anteriormente na base governista do prefeito \u00c2ngelo Ferreira, agora se juntou \u00e0 oposi\u00e7\u00e3o para fortalecer o projeto liderado por Pollyanna Abreu. <\/span><\/span><\/p>\n<p style=\"text-align: justify;\"><span style=\"font-size: 14pt; font-family: arial, helvetica, sans-serif;\">Com a sa\u00edda de Denilson, a base do prefeito na C\u00e2mara de Vereadores sofre mais uma baixa. Denilson, que obteve 540 votos nas \u00faltimas elei\u00e7\u00f5es, \u00e9 um aliado representativo de Cruzeiro do Nordeste, uma regi\u00e3o importante do munic\u00edpio. <\/span><\/p>\n<p style=\"text-align: justify;\"><span style=\"font-size: 14pt; font-family: arial, helvetica, sans-serif;\">A ades\u00e3o de pol\u00edticos e cidad\u00e3os sertanienses ao grupo de Pollyanna Abreu tem sido significativa, demonstrando o apoio ao projeto que busca impulsionar o desenvolvimento local.<\/span><\/p>\n","protected":false},"excerpt":{"rendered":"<p>O vereador Denilson das Placas,&nbsp; anteriormente na base governista do prefeito &Acirc;ngelo Ferreira, agora se juntou &agrave; oposi&ccedil;&atilde;o para fortalecer o projeto liderado por Pollyanna Abreu. Com a sa&iacute;da de Denilson, a base do prefeito na C&acirc;mara de Vereadores sofre mais uma baixa. Denilson, que obteve 540 votos nas &uacute;ltimas elei&ccedil;&otilde;es, &eacute; um aliado representativo de Cruzeiro do Nordeste, uma regi&atilde;o importante do munic&iacute;pio. A ades&atilde;o de pol&iacute;ticos e cidad&atilde;os sertanienses ao grupo de Pollyanna Abreu tem sido significativa, demonstrando o apoio ao projeto que busca impulsionar o desenvolvimento local.<\/p>\n","protected":false},"author":2,"featured_media":0,"comment_status":"open","ping_status":"open","sticky":false,"template":"","format":"standard","meta":{"footnotes":""},"categories":[1],"tags":[],"class_list":["post-32806","post","type-post","status-publish","format-standard","hentry","category-sem-categoria"],"_links":{"self":[{"href":"https:\/\/blogdojuniorcavalcanti.com.br\/index.php\/wp-json\/wp\/v2\/posts\/32806","targetHints":{"allow":["GET"]}}],"collection":[{"href":"https:\/\/blogdojuniorcavalcanti.com.br\/index.php\/wp-json\/wp\/v2\/posts"}],"about":[{"href":"https:\/\/blogdojuniorcavalcanti.com.br\/index.php\/wp-json\/wp\/v2\/types\/post"}],"author":[{"embeddable":true,"href":"https:\/\/blogdojuniorcavalcanti.com.br\/index.php\/wp-json\/wp\/v2\/users\/2"}],"replies":[{"embeddable":true,"href":"https:\/\/blogdojuniorcavalcanti.com.br\/index.php\/wp-json\/wp\/v2\/comments?post=32806"}],"version-history":[{"count":3,"href":"https:\/\/blogdojuniorcavalcanti.com.br\/index.php\/wp-json\/wp\/v2\/posts\/32806\/revisions"}],"predecessor-version":[{"id":32810,"href":"https:\/\/blogdojuniorcavalcanti.com.br\/index.php\/wp-json\/wp\/v2\/posts\/32806\/revisions\/32810"}],"wp:attachment":[{"href":"https:\/\/blogdojuniorcavalcanti.com.br\/index.php\/wp-json\/wp\/v2\/media?parent=32806"}],"wp:term":[{"taxonomy":"category","embeddable":true,"href":"https:\/\/blogdojuniorcavalcanti.com.br\/index.php\/wp-json\/wp\/v2\/categories?post=32806"},{"taxonomy":"post_tag","embeddable":true,"href":"https:\/\/blogdojuniorcavalcanti.com.br\/index.php\/wp-json\/wp\/v2\/tags?post=32806"}],"curies":[{"name":"wp","href":"https:\/\/api.w.org\/{rel}","templated":true}]}}