{"id":33248,"date":"2024-04-02T18:02:21","date_gmt":"2024-04-02T21:02:21","guid":{"rendered":"https:\/\/blogdojuniorcavalcanti.com.br\/?p=33248"},"modified":"2024-04-02T18:02:21","modified_gmt":"2024-04-02T21:02:21","slug":"em-nota-marilia-arraes-anuncia-apoio-a-joao-campos","status":"publish","type":"post","link":"https:\/\/blogdojuniorcavalcanti.com.br\/index.php\/2024\/04\/02\/em-nota-marilia-arraes-anuncia-apoio-a-joao-campos\/","title":{"rendered":"Em nota, Mar\u00edlia Arraes anuncia apoio a Jo\u00e3o Campos"},"content":{"rendered":"<p style=\"text-align: justify;\"><span style=\"font-size: 14pt;\"><strong><img fetchpriority=\"high\" decoding=\"async\" class=\"alignleft wp-image-279751 jetpack-lazy-image jetpack-lazy-image--handled\" src=\"https:\/\/i0.wp.com\/nilljunior.com.br\/wp-content\/uploads\/2024\/04\/af337d76-0c0c-4811-8032-22cd67a21b70.jpg?resize=400%2C322&amp;ssl=1\" sizes=\"(max-width: 400px) 100vw, 400px\" srcset=\"https:\/\/i0.wp.com\/nilljunior.com.br\/wp-content\/uploads\/2024\/04\/af337d76-0c0c-4811-8032-22cd67a21b70.jpg?w=832&amp;ssl=1 832w, https:\/\/i0.wp.com\/nilljunior.com.br\/wp-content\/uploads\/2024\/04\/af337d76-0c0c-4811-8032-22cd67a21b70.jpg?resize=300%2C242&amp;ssl=1 300w, https:\/\/i0.wp.com\/nilljunior.com.br\/wp-content\/uploads\/2024\/04\/af337d76-0c0c-4811-8032-22cd67a21b70.jpg?resize=768%2C618&amp;ssl=1 768w, https:\/\/i0.wp.com\/nilljunior.com.br\/wp-content\/uploads\/2024\/04\/af337d76-0c0c-4811-8032-22cd67a21b70.jpg?resize=497%2C400&amp;ssl=1 497w\" alt=\"\" width=\"400\" height=\"322\" data-attachment-id=\"279751\" data-permalink=\"https:\/\/nilljunior.com.br\/em-nota-marilia-arraes-anuncia-apoio-a-joao-campos\/af337d76-0c0c-4811-8032-22cd67a21b70\/\" data-orig-file=\"https:\/\/i0.wp.com\/nilljunior.com.br\/wp-content\/uploads\/2024\/04\/af337d76-0c0c-4811-8032-22cd67a21b70.jpg?fit=832%2C670&amp;ssl=1\" data-orig-size=\"832,670\" data-comments-opened=\"1\" data-image-meta=\"{&quot;aperture&quot;:&quot;0&quot;,&quot;credit&quot;:&quot;&quot;,&quot;camera&quot;:&quot;&quot;,&quot;caption&quot;:&quot;&quot;,&quot;created_timestamp&quot;:&quot;0&quot;,&quot;copyright&quot;:&quot;&quot;,&quot;focal_length&quot;:&quot;0&quot;,&quot;iso&quot;:&quot;0&quot;,&quot;shutter_speed&quot;:&quot;0&quot;,&quot;title&quot;:&quot;&quot;,&quot;orientation&quot;:&quot;1&quot;}\" data-image-title=\"af337d76-0c0c-4811-8032-22cd67a21b70\" data-image-description=\"\" data-medium-file=\"https:\/\/i0.wp.com\/nilljunior.com.br\/wp-content\/uploads\/2024\/04\/af337d76-0c0c-4811-8032-22cd67a21b70.jpg?fit=300%2C242&amp;ssl=1\" data-large-file=\"https:\/\/i0.wp.com\/nilljunior.com.br\/wp-content\/uploads\/2024\/04\/af337d76-0c0c-4811-8032-22cd67a21b70.jpg?fit=497%2C400&amp;ssl=1\" data-recalc-dims=\"1\" data-lazy-loaded=\"1\" \/><span style=\"font-family: arial, helvetica, sans-serif;\">Nota Oficial<\/span><\/strong><\/span><\/p>\n<p style=\"text-align: justify;\"><span style=\"font-size: 14pt; font-family: arial, helvetica, sans-serif;\">Minha vida sempre foi marcada pela luta em defesa da democracia e das causas progressistas. Em 2022, quando reelegemos o presidente Lula para comandar o Brasil, conquistamos uma vit\u00f3ria conjunta, fruto uma frente ampla. De l\u00e1 para c\u00e1, ningu\u00e9m ficou parado em cima do muro. Superamos diverg\u00eancias e avan\u00e7amos com a melhor op\u00e7\u00e3o para o Brasil.<\/span><\/p>\n<p style=\"text-align: justify;\"><span style=\"font-size: 14pt; font-family: arial, helvetica, sans-serif;\">Para quem tem compromisso com a popula\u00e7\u00e3o, de verdade, a pol\u00edtica do rancor ou do retrovisor n\u00e3o tem espa\u00e7o. O que importa \u00e9 a soma de esfor\u00e7os para multiplicar os resultados que o Recife come\u00e7ou a apresentar.<\/span><\/p>\n<p style=\"text-align: justify;\"><span style=\"font-size: 14pt; font-family: arial, helvetica, sans-serif;\">Hoje, anunciamos o apoio \u00e0 reelei\u00e7\u00e3o do prefeito Jo\u00e3o Campos e fazemos isso de onde sempre estivemos: ao lado do povo. Faremos isso na periferia do Recife, que conhece como ningu\u00e9m os problemas e necessidades de nossa cidade e n\u00e3o em salas fechadas ou escrit\u00f3rios refrigerados. Faremos isso ao lado de quem sempre foi nossa prioridade, nossa gente. Foi ouvindo nossa gente, foi vendo muitos dos sonhos que n\u00f3s defendemos sendo constru\u00eddos e priorizados que tomamos essa decis\u00e3o. Reconhecer o que \u00e9 acerto \u00e9 essencial para continuar avan\u00e7ado.<\/span><\/p>\n<p style=\"text-align: justify;\"><span style=\"font-size: 14pt; font-family: arial, helvetica, sans-serif;\">Mais do que uma alian\u00e7a pol\u00edtica, esta \u00e9 uma uni\u00e3o pelo Recife e por nossa gente. Pelo trabalho capaz de transformar vidas com a a\u00e7\u00e3o que chega na ponta e que d\u00e1 resultado. Sigo do lado onde sempre estive, do lado certo da hist\u00f3ria e aqui segurei acompanhada de quem se prop\u00f5es a estar nesta mesma caminhada.<\/span><\/p>\n<p style=\"text-align: justify;\"><span style=\"font-size: 14pt; font-family: arial, helvetica, sans-serif;\"><strong>Mar\u00edlia Arraes<\/strong><\/span><\/p>\n","protected":false},"excerpt":{"rendered":"<p>Nota Oficial Minha vida sempre foi marcada pela luta em defesa da democracia e das causas progressistas. Em 2022, quando reelegemos o presidente Lula para comandar o Brasil, conquistamos uma vit&oacute;ria conjunta, fruto uma frente ampla. De l&aacute; para c&aacute;, ningu&eacute;m ficou parado em cima do muro. Superamos diverg&ecirc;ncias e avan&ccedil;amos com a melhor op&ccedil;&atilde;o para o Brasil. Para quem tem compromisso com a popula&ccedil;&atilde;o, de verdade, a pol&iacute;tica do rancor ou do retrovisor n&atilde;o tem espa&ccedil;o. O que importa &eacute; a soma de esfor&ccedil;os para multiplicar os resultados que o Recife come&ccedil;ou a apresentar. Hoje, anunciamos o apoio &agrave; &#8230; <\/p>\n<p class=\"read-more-container\"><a title=\"Em nota, Mar\u00edlia Arraes anuncia apoio a Jo\u00e3o Campos\" class=\"read-more button\" href=\"https:\/\/blogdojuniorcavalcanti.com.br\/index.php\/2024\/04\/02\/em-nota-marilia-arraes-anuncia-apoio-a-joao-campos\/#more-33248\" aria-label=\"More on Em nota, Mar\u00edlia Arraes anuncia apoio a Jo\u00e3o Campos\">Leia mais<\/a><\/p>\n","protected":false},"author":2,"featured_media":0,"comment_status":"open","ping_status":"open","sticky":false,"template":"","format":"standard","meta":{"footnotes":""},"categories":[26],"tags":[],"class_list":["post-33248","post","type-post","status-publish","format-standard","hentry","category-noticias"],"_links":{"self":[{"href":"https:\/\/blogdojuniorcavalcanti.com.br\/index.php\/wp-json\/wp\/v2\/posts\/33248","targetHints":{"allow":["GET"]}}],"collection":[{"href":"https:\/\/blogdojuniorcavalcanti.com.br\/index.php\/wp-json\/wp\/v2\/posts"}],"about":[{"href":"https:\/\/blogdojuniorcavalcanti.com.br\/index.php\/wp-json\/wp\/v2\/types\/post"}],"author":[{"embeddable":true,"href":"https:\/\/blogdojuniorcavalcanti.com.br\/index.php\/wp-json\/wp\/v2\/users\/2"}],"replies":[{"embeddable":true,"href":"https:\/\/blogdojuniorcavalcanti.com.br\/index.php\/wp-json\/wp\/v2\/comments?post=33248"}],"version-history":[{"count":1,"href":"https:\/\/blogdojuniorcavalcanti.com.br\/index.php\/wp-json\/wp\/v2\/posts\/33248\/revisions"}],"predecessor-version":[{"id":33249,"href":"https:\/\/blogdojuniorcavalcanti.com.br\/index.php\/wp-json\/wp\/v2\/posts\/33248\/revisions\/33249"}],"wp:attachment":[{"href":"https:\/\/blogdojuniorcavalcanti.com.br\/index.php\/wp-json\/wp\/v2\/media?parent=33248"}],"wp:term":[{"taxonomy":"category","embeddable":true,"href":"https:\/\/blogdojuniorcavalcanti.com.br\/index.php\/wp-json\/wp\/v2\/categories?post=33248"},{"taxonomy":"post_tag","embeddable":true,"href":"https:\/\/blogdojuniorcavalcanti.com.br\/index.php\/wp-json\/wp\/v2\/tags?post=33248"}],"curies":[{"name":"wp","href":"https:\/\/api.w.org\/{rel}","templated":true}]}}