{"id":33250,"date":"2024-04-03T05:05:21","date_gmt":"2024-04-03T08:05:21","guid":{"rendered":"https:\/\/blogdojuniorcavalcanti.com.br\/?p=33250"},"modified":"2024-04-03T05:05:21","modified_gmt":"2024-04-03T08:05:21","slug":"comissao-de-justica-aprova-projeto-que-encerra-faixas-salariais-da-pm","status":"publish","type":"post","link":"https:\/\/blogdojuniorcavalcanti.com.br\/index.php\/2024\/04\/03\/comissao-de-justica-aprova-projeto-que-encerra-faixas-salariais-da-pm\/","title":{"rendered":"Comiss\u00e3o de Justi\u00e7a aprova projeto que encerra faixas salariais da PM"},"content":{"rendered":"<p style=\"text-align: justify;\"><span style=\"font-size: 14pt; font-family: arial, helvetica, sans-serif;\">Nesta ter\u00e7a-feira (02.04), a Comiss\u00e3o de Justi\u00e7a da Assembleia Legislativa de Pernambuco (Alepe), aprovou o Projeto de Lei Complementar (PLC) n\u00ba 1671\/2024, que reestrutura a carreira dos militares em Pernambuco. Ap\u00f3s adiamento da vota\u00e7\u00e3o na reuni\u00e3o anterior, o debate foi marcado por discord\u00e2ncias entre parlamentares e manifesta\u00e7\u00f5es da categoria.<\/span><\/p>\n<p style=\"text-align: justify;\"><span style=\"font-size: 14pt; font-family: arial, helvetica, sans-serif;\">O projeto, encaminhado pelo Poder Executivo, prop\u00f5e a extin\u00e7\u00e3o das faixas salariais implementadas em 2017, que permitem pagamentos diferentes a policiais e bombeiros da mesma patente, al\u00e9m de prever reajustes nos sal\u00e1rios.<\/span><\/p>\n<p style=\"text-align: justify;\"><span style=\"font-size: 14pt; font-family: arial, helvetica, sans-serif;\">Na vota\u00e7\u00e3o, o PLC n\u00ba 1671 foi aprovado com cinco votos a favor e quatro contra. Votaram pela constitucionalidade do texto a relatora D\u00e9bora Almeida (PSDB), junto com os deputados Jo\u00e3o Paulo (PT), Renato Antunes (PL), Luciano Duque (Solidariedade) e Ant\u00f4nio Moraes (PP). Os votos contr\u00e1rios foram de Romero Albuquerque (Uni\u00e3o), Waldemar Borges (PSB), Sileno Guedes (PSB) e Rodrigo Farias (PSB).<\/span><\/p>\n<p style=\"text-align: justify;\"><span style=\"font-size: 14pt; font-family: arial, helvetica, sans-serif;\">Durante o encontro, houve contesta\u00e7\u00f5es sobre os dados apresentados pelo Governo, especialmente em rela\u00e7\u00e3o aos valores dos sal\u00e1rios aumentados. O deputado Coronel Alberto Feitosa apresentou outro levantamento, com n\u00fameros menores de aumento l\u00edquido para os policiais militares.<\/span><\/p>\n<p style=\"text-align: justify;\"><span style=\"font-size: 14pt; font-family: arial, helvetica, sans-serif;\">Parlamentares favor\u00e1veis ao projeto destacaram a import\u00e2ncia da extin\u00e7\u00e3o das faixas salariais, reconhecendo, no entanto, a inconstitucionalidade delas. A relatora D\u00e9bora Almeida ressaltou que, embora as faixas sejam inconstitucionais, sua extin\u00e7\u00e3o precisa ser feita de forma escalonada, observando a Lei de Responsabilidade Fiscal.<\/span><\/p>\n<p style=\"text-align: justify;\"><span style=\"font-size: 14pt; font-family: arial, helvetica, sans-serif;\">Al\u00e9m da aprova\u00e7\u00e3o do projeto, a Comiss\u00e3o tamb\u00e9m aprovou duas emendas: a Emenda 2\/2024, que prev\u00ea remunera\u00e7\u00e3o para militares inativos, e a Emenda 4\/2024, que estabelece uma segunda data anual para promo\u00e7\u00f5es por merecimento.<\/span><\/p>\n<p style=\"text-align: justify;\"><span style=\"font-size: 14pt; font-family: arial, helvetica, sans-serif;\">No entanto, outras emendas e substitutivos ao projeto foram rejeitados, incluindo propostas que tratavam da constitucionalidade da quest\u00e3o e da negocia\u00e7\u00e3o de valores com a categoria.<\/span><\/p>\n","protected":false},"excerpt":{"rendered":"<p>Nesta ter&ccedil;a-feira (02.04), a Comiss&atilde;o de Justi&ccedil;a da Assembleia Legislativa de Pernambuco (Alepe), aprovou o Projeto de Lei Complementar (PLC) n&ordm; 1671\/2024, que reestrutura a carreira dos militares em Pernambuco. Ap&oacute;s adiamento da vota&ccedil;&atilde;o na reuni&atilde;o anterior, o debate foi marcado por discord&acirc;ncias entre parlamentares e manifesta&ccedil;&otilde;es da categoria. O projeto, encaminhado pelo Poder Executivo, prop&otilde;e a extin&ccedil;&atilde;o das faixas salariais implementadas em 2017, que permitem pagamentos diferentes a policiais e bombeiros da mesma patente, al&eacute;m de prever reajustes nos sal&aacute;rios. Na vota&ccedil;&atilde;o, o PLC n&ordm; 1671 foi aprovado com cinco votos a favor e quatro contra. Votaram pela constitucionalidade &#8230; <\/p>\n<p class=\"read-more-container\"><a title=\"Comiss\u00e3o de Justi\u00e7a aprova projeto que encerra faixas salariais da PM\" class=\"read-more button\" href=\"https:\/\/blogdojuniorcavalcanti.com.br\/index.php\/2024\/04\/03\/comissao-de-justica-aprova-projeto-que-encerra-faixas-salariais-da-pm\/#more-33250\" aria-label=\"More on Comiss\u00e3o de Justi\u00e7a aprova projeto que encerra faixas salariais da PM\">Leia mais<\/a><\/p>\n","protected":false},"author":2,"featured_media":33251,"comment_status":"open","ping_status":"open","sticky":false,"template":"","format":"standard","meta":{"footnotes":""},"categories":[25],"tags":[],"class_list":["post-33250","post","type-post","status-publish","format-standard","has-post-thumbnail","hentry","category-destaque","resize-featured-image"],"_links":{"self":[{"href":"https:\/\/blogdojuniorcavalcanti.com.br\/index.php\/wp-json\/wp\/v2\/posts\/33250","targetHints":{"allow":["GET"]}}],"collection":[{"href":"https:\/\/blogdojuniorcavalcanti.com.br\/index.php\/wp-json\/wp\/v2\/posts"}],"about":[{"href":"https:\/\/blogdojuniorcavalcanti.com.br\/index.php\/wp-json\/wp\/v2\/types\/post"}],"author":[{"embeddable":true,"href":"https:\/\/blogdojuniorcavalcanti.com.br\/index.php\/wp-json\/wp\/v2\/users\/2"}],"replies":[{"embeddable":true,"href":"https:\/\/blogdojuniorcavalcanti.com.br\/index.php\/wp-json\/wp\/v2\/comments?post=33250"}],"version-history":[{"count":1,"href":"https:\/\/blogdojuniorcavalcanti.com.br\/index.php\/wp-json\/wp\/v2\/posts\/33250\/revisions"}],"predecessor-version":[{"id":33252,"href":"https:\/\/blogdojuniorcavalcanti.com.br\/index.php\/wp-json\/wp\/v2\/posts\/33250\/revisions\/33252"}],"wp:featuredmedia":[{"embeddable":true,"href":"https:\/\/blogdojuniorcavalcanti.com.br\/index.php\/wp-json\/wp\/v2\/media\/33251"}],"wp:attachment":[{"href":"https:\/\/blogdojuniorcavalcanti.com.br\/index.php\/wp-json\/wp\/v2\/media?parent=33250"}],"wp:term":[{"taxonomy":"category","embeddable":true,"href":"https:\/\/blogdojuniorcavalcanti.com.br\/index.php\/wp-json\/wp\/v2\/categories?post=33250"},{"taxonomy":"post_tag","embeddable":true,"href":"https:\/\/blogdojuniorcavalcanti.com.br\/index.php\/wp-json\/wp\/v2\/tags?post=33250"}],"curies":[{"name":"wp","href":"https:\/\/api.w.org\/{rel}","templated":true}]}}