{"id":33366,"date":"2024-04-07T08:40:48","date_gmt":"2024-04-07T11:40:48","guid":{"rendered":"https:\/\/blogdojuniorcavalcanti.com.br\/?p=33366"},"modified":"2024-04-07T08:40:48","modified_gmt":"2024-04-07T11:40:48","slug":"raquel-lyra-representa-pe-no-primeiro-dia-da-brazil-conference-2024-em-harvard","status":"publish","type":"post","link":"https:\/\/blogdojuniorcavalcanti.com.br\/index.php\/2024\/04\/07\/raquel-lyra-representa-pe-no-primeiro-dia-da-brazil-conference-2024-em-harvard\/","title":{"rendered":"Raquel Lyra representa PE no primeiro dia da Brazil Conference 2024 em Harvard"},"content":{"rendered":"<p style=\"text-align: justify;\"><span style=\"font-size: 14pt;\"><b><i><span style=\"font-family: arial, helvetica, sans-serif;\">Evento \u00e9 organizado pela comunidade de estudantes brasileiros da universidade americana<\/span><\/i><\/b><\/span><\/p>\n<p style=\"text-align: justify;\"><span style=\"font-size: 14pt; font-family: arial, helvetica, sans-serif;\">O primeiro dia de programa\u00e7\u00f5es da 10\u00b0 edi\u00e7\u00e3o da Brazil Conference, neste s\u00e1bado (6), conta com a participa\u00e7\u00e3o da governadora Raquel Lyra. O evento acontece na Universidade de Harvard e no Instituto de Tecnologia de Massachusetts (MIT), na cidade de Boston, nos Estados Unidos. Neste primeiro dia, a gestora se re\u00fane com estudantes brasileiros das entidades americanas das \u00e1reas de administra\u00e7\u00e3o p\u00fablica, direito, economia, neg\u00f3cios e sa\u00fade.<\/span><\/p>\n<p style=\"text-align: justify;\"><span style=\"font-size: 14pt; font-family: arial, helvetica, sans-serif;\">\u201c\u00c9 um privil\u00e9gio poder participar da Brazil Conference, um evento que re\u00fane a comunidade brasileira de Harvard. Esta \u00e9 uma oportunidade para debater temas de import\u00e2ncia social, cultural e econ\u00f4mica para nosso estado e todo o Brasil. Temos dois dias de programa\u00e7\u00e3o pela frente e, sem d\u00favida, ser\u00e1 uma experi\u00eancia em que podemos apresentar os avan\u00e7os do nosso governo e debater temas importantes para Pernambuco e para o Brasil\u201d, destaca Raquel Lyra.<\/span><\/p>\n<p style=\"text-align: justify;\"><span style=\"font-size: 14pt; font-family: arial, helvetica, sans-serif;\">Neste domingo (7), a gestora ir\u00e1 apresentar o painel \u201cAs inova\u00e7\u00f5es e os Desafios na Gest\u00e3o de Pernambuco\u201d. Realizado anualmente, o evento \u00e9 organizado por estudantes da Universidade de Harvard que re\u00fane personalidades brasileiras de diferentes \u00e1reas para abordar temas como pol\u00edtica, economia, cultura e tecnologia. Este ano, a edi\u00e7\u00e3o tem como tema \u201cO Encontro dos V\u00e1rios Brasis\u201d. O evento pode ser acompanhado atrav\u00e9s do site: youtube.com\/@BrazilConference.\u00a0<\/span><\/p>\n<p style=\"text-align: justify;\"><span style=\"font-size: 14pt; font-family: arial, helvetica, sans-serif;\">Acompanham a governadora na agenda os secret\u00e1rios Rodolfo Costa Pinto (Comunica\u00e7\u00e3o), Fernando Holanda (Assessoria Especial) e Daniella Brito (executiva de Imprensa).<\/span><\/p>\n","protected":false},"excerpt":{"rendered":"<p>Evento &eacute; organizado pela comunidade de estudantes brasileiros da universidade americana O primeiro dia de programa&ccedil;&otilde;es da 10&deg; edi&ccedil;&atilde;o da Brazil Conference, neste s&aacute;bado (6), conta com a participa&ccedil;&atilde;o da governadora Raquel Lyra. O evento acontece na Universidade de Harvard e no Instituto de Tecnologia de Massachusetts (MIT), na cidade de Boston, nos Estados Unidos. Neste primeiro dia, a gestora se re&uacute;ne com estudantes brasileiros das entidades americanas das &aacute;reas de administra&ccedil;&atilde;o p&uacute;blica, direito, economia, neg&oacute;cios e sa&uacute;de. &ldquo;&Eacute; um privil&eacute;gio poder participar da Brazil Conference, um evento que re&uacute;ne a comunidade brasileira de Harvard. Esta &eacute; uma oportunidade para &#8230; <\/p>\n<p class=\"read-more-container\"><a title=\"Raquel Lyra representa PE no primeiro dia da Brazil Conference 2024 em Harvard\" class=\"read-more button\" href=\"https:\/\/blogdojuniorcavalcanti.com.br\/index.php\/2024\/04\/07\/raquel-lyra-representa-pe-no-primeiro-dia-da-brazil-conference-2024-em-harvard\/#more-33366\" aria-label=\"More on Raquel Lyra representa PE no primeiro dia da Brazil Conference 2024 em Harvard\">Leia mais<\/a><\/p>\n","protected":false},"author":2,"featured_media":33367,"comment_status":"open","ping_status":"open","sticky":false,"template":"","format":"standard","meta":{"footnotes":""},"categories":[25],"tags":[],"class_list":["post-33366","post","type-post","status-publish","format-standard","has-post-thumbnail","hentry","category-destaque","resize-featured-image"],"_links":{"self":[{"href":"https:\/\/blogdojuniorcavalcanti.com.br\/index.php\/wp-json\/wp\/v2\/posts\/33366","targetHints":{"allow":["GET"]}}],"collection":[{"href":"https:\/\/blogdojuniorcavalcanti.com.br\/index.php\/wp-json\/wp\/v2\/posts"}],"about":[{"href":"https:\/\/blogdojuniorcavalcanti.com.br\/index.php\/wp-json\/wp\/v2\/types\/post"}],"author":[{"embeddable":true,"href":"https:\/\/blogdojuniorcavalcanti.com.br\/index.php\/wp-json\/wp\/v2\/users\/2"}],"replies":[{"embeddable":true,"href":"https:\/\/blogdojuniorcavalcanti.com.br\/index.php\/wp-json\/wp\/v2\/comments?post=33366"}],"version-history":[{"count":1,"href":"https:\/\/blogdojuniorcavalcanti.com.br\/index.php\/wp-json\/wp\/v2\/posts\/33366\/revisions"}],"predecessor-version":[{"id":33368,"href":"https:\/\/blogdojuniorcavalcanti.com.br\/index.php\/wp-json\/wp\/v2\/posts\/33366\/revisions\/33368"}],"wp:featuredmedia":[{"embeddable":true,"href":"https:\/\/blogdojuniorcavalcanti.com.br\/index.php\/wp-json\/wp\/v2\/media\/33367"}],"wp:attachment":[{"href":"https:\/\/blogdojuniorcavalcanti.com.br\/index.php\/wp-json\/wp\/v2\/media?parent=33366"}],"wp:term":[{"taxonomy":"category","embeddable":true,"href":"https:\/\/blogdojuniorcavalcanti.com.br\/index.php\/wp-json\/wp\/v2\/categories?post=33366"},{"taxonomy":"post_tag","embeddable":true,"href":"https:\/\/blogdojuniorcavalcanti.com.br\/index.php\/wp-json\/wp\/v2\/tags?post=33366"}],"curies":[{"name":"wp","href":"https:\/\/api.w.org\/{rel}","templated":true}]}}