{"id":33499,"date":"2024-04-12T10:22:09","date_gmt":"2024-04-12T13:22:09","guid":{"rendered":"https:\/\/blogdojuniorcavalcanti.com.br\/?p=33499"},"modified":"2024-04-12T10:22:09","modified_gmt":"2024-04-12T13:22:09","slug":"sintepe-convoca-categoria-para-assembleia-geral-2","status":"publish","type":"post","link":"https:\/\/blogdojuniorcavalcanti.com.br\/index.php\/2024\/04\/12\/sintepe-convoca-categoria-para-assembleia-geral-2\/","title":{"rendered":"Sintepe convoca categoria para assembleia geral"},"content":{"rendered":"<p style=\"text-align: justify;\"><span style=\"font-size: 14pt;\"><img fetchpriority=\"high\" decoding=\"async\" class=\"alignleft wp-image-261958 jetpack-lazy-image jetpack-lazy-image--handled\" src=\"https:\/\/i2.wp.com\/nilljunior.com.br\/wp-content\/uploads\/2023\/07\/sintepe-05-07-23.jpg?resize=400%2C250&amp;ssl=1\" sizes=\"(max-width: 400px) 100vw, 400px\" srcset=\"https:\/\/i2.wp.com\/nilljunior.com.br\/wp-content\/uploads\/2023\/07\/sintepe-05-07-23.jpg?w=585&amp;ssl=1 585w, https:\/\/i2.wp.com\/nilljunior.com.br\/wp-content\/uploads\/2023\/07\/sintepe-05-07-23.jpg?resize=300%2C188&amp;ssl=1 300w\" alt=\"\" width=\"400\" height=\"250\" data-attachment-id=\"261958\" data-permalink=\"https:\/\/nilljunior.com.br\/sintepe-decreta-greve-na-rede-estadual-de-ensino-de-pernambuco\/sintepe-05-07-23\/\" data-orig-file=\"https:\/\/i2.wp.com\/nilljunior.com.br\/wp-content\/uploads\/2023\/07\/sintepe-05-07-23.jpg?fit=585%2C366&amp;ssl=1\" data-orig-size=\"585,366\" data-comments-opened=\"1\" data-image-meta=\"{&quot;aperture&quot;:&quot;0&quot;,&quot;credit&quot;:&quot;&quot;,&quot;camera&quot;:&quot;&quot;,&quot;caption&quot;:&quot;&quot;,&quot;created_timestamp&quot;:&quot;0&quot;,&quot;copyright&quot;:&quot;&quot;,&quot;focal_length&quot;:&quot;0&quot;,&quot;iso&quot;:&quot;0&quot;,&quot;shutter_speed&quot;:&quot;0&quot;,&quot;title&quot;:&quot;&quot;,&quot;orientation&quot;:&quot;0&quot;}\" data-image-title=\"sintepe-05-07-23\" data-image-description=\"\" data-medium-file=\"https:\/\/i2.wp.com\/nilljunior.com.br\/wp-content\/uploads\/2023\/07\/sintepe-05-07-23.jpg?fit=300%2C188&amp;ssl=1\" data-large-file=\"https:\/\/i2.wp.com\/nilljunior.com.br\/wp-content\/uploads\/2023\/07\/sintepe-05-07-23.jpg?fit=585%2C366&amp;ssl=1\" data-recalc-dims=\"1\" data-lazy-loaded=\"1\" \/><span style=\"font-family: arial, helvetica, sans-serif;\">O Sindicato dos Trabalhadores e Trabalhadoras em Educa\u00e7\u00e3o de Pernambuco (Sintepe) divulgou em suas redes sociais um comunicado convocando toda a categoria para uma Assembleia Geral, agendada para esta sexta-feira (12), \u00e0s 14h, no Teatro Boa Vista, localizado na Rua Dom B\u00f4sco, bairro da Boa Vista, na capital pernambucana.<\/span><\/span><\/p>\n<p style=\"text-align: justify;\"><span style=\"font-size: 14pt; font-family: arial, helvetica, sans-serif;\">Com uma pauta de discuss\u00f5es de grande relev\u00e2ncia para os profissionais da educa\u00e7\u00e3o, o encontro abordar\u00e1 quest\u00f5es relacionadas \u00e0 Campanha Salarial Educacional de 2024, bem como as negocia\u00e7\u00f5es em andamento com o Governo.<\/span><\/p>\n<p style=\"text-align: justify;\"><span style=\"font-size: 14pt; font-family: arial, helvetica, sans-serif;\">A Campanha Salarial Educacional \u00e9 um tema central para os trabalhadores da educa\u00e7\u00e3o, visto que envolve quest\u00f5es fundamentais relacionadas \u00e0 valoriza\u00e7\u00e3o profissional e condi\u00e7\u00f5es de trabalho adequadas.\u00a0<\/span><\/p>\n<p style=\"text-align: justify;\"><span style=\"font-size: 14pt; font-family: arial, helvetica, sans-serif;\">A Assembleia Geral ser\u00e1 uma oportunidade para os membros do Sintepe discutirem estrat\u00e9gias e definirem diretrizes para as negocia\u00e7\u00f5es em curso com o Governo do Estado.<\/span><\/p>\n<p style=\"text-align: justify;\"><span style=\"font-size: 14pt; font-family: arial, helvetica, sans-serif;\">A participa\u00e7\u00e3o dos profissionais da educa\u00e7\u00e3o \u00e9 essencial para garantir uma representa\u00e7\u00e3o efetiva dos interesses da categoria e para fortalecer as reivindica\u00e7\u00f5es junto \u00e0s autoridades competentes.\u00a0<\/span><\/p>\n<p style=\"text-align: justify;\"><span style=\"font-size: 14pt; font-family: arial, helvetica, sans-serif;\">A expectativa \u00e9 de uma ampla ades\u00e3o dos trabalhadores, demonstrando a uni\u00e3o e o comprometimento com a busca por melhorias nas condi\u00e7\u00f5es de trabalho e na qualidade da educa\u00e7\u00e3o em Pernambuco.<\/span><\/p>\n","protected":false},"excerpt":{"rendered":"<p>O Sindicato dos Trabalhadores e Trabalhadoras em Educa&ccedil;&atilde;o de Pernambuco (Sintepe) divulgou em suas redes sociais um comunicado convocando toda a categoria para uma Assembleia Geral, agendada para esta sexta-feira (12), &agrave;s 14h, no Teatro Boa Vista, localizado na Rua Dom B&ocirc;sco, bairro da Boa Vista, na capital pernambucana. Com uma pauta de discuss&otilde;es de grande relev&acirc;ncia para os profissionais da educa&ccedil;&atilde;o, o encontro abordar&aacute; quest&otilde;es relacionadas &agrave; Campanha Salarial Educacional de 2024, bem como as negocia&ccedil;&otilde;es em andamento com o Governo. A Campanha Salarial Educacional &eacute; um tema central para os trabalhadores da educa&ccedil;&atilde;o, visto que envolve quest&otilde;es fundamentais &#8230; <\/p>\n<p class=\"read-more-container\"><a title=\"Sintepe convoca categoria para assembleia geral\" class=\"read-more button\" href=\"https:\/\/blogdojuniorcavalcanti.com.br\/index.php\/2024\/04\/12\/sintepe-convoca-categoria-para-assembleia-geral-2\/#more-33499\" aria-label=\"More on Sintepe convoca categoria para assembleia geral\">Leia mais<\/a><\/p>\n","protected":false},"author":2,"featured_media":0,"comment_status":"open","ping_status":"open","sticky":false,"template":"","format":"standard","meta":{"footnotes":""},"categories":[26],"tags":[],"class_list":["post-33499","post","type-post","status-publish","format-standard","hentry","category-noticias"],"_links":{"self":[{"href":"https:\/\/blogdojuniorcavalcanti.com.br\/index.php\/wp-json\/wp\/v2\/posts\/33499","targetHints":{"allow":["GET"]}}],"collection":[{"href":"https:\/\/blogdojuniorcavalcanti.com.br\/index.php\/wp-json\/wp\/v2\/posts"}],"about":[{"href":"https:\/\/blogdojuniorcavalcanti.com.br\/index.php\/wp-json\/wp\/v2\/types\/post"}],"author":[{"embeddable":true,"href":"https:\/\/blogdojuniorcavalcanti.com.br\/index.php\/wp-json\/wp\/v2\/users\/2"}],"replies":[{"embeddable":true,"href":"https:\/\/blogdojuniorcavalcanti.com.br\/index.php\/wp-json\/wp\/v2\/comments?post=33499"}],"version-history":[{"count":1,"href":"https:\/\/blogdojuniorcavalcanti.com.br\/index.php\/wp-json\/wp\/v2\/posts\/33499\/revisions"}],"predecessor-version":[{"id":33500,"href":"https:\/\/blogdojuniorcavalcanti.com.br\/index.php\/wp-json\/wp\/v2\/posts\/33499\/revisions\/33500"}],"wp:attachment":[{"href":"https:\/\/blogdojuniorcavalcanti.com.br\/index.php\/wp-json\/wp\/v2\/media?parent=33499"}],"wp:term":[{"taxonomy":"category","embeddable":true,"href":"https:\/\/blogdojuniorcavalcanti.com.br\/index.php\/wp-json\/wp\/v2\/categories?post=33499"},{"taxonomy":"post_tag","embeddable":true,"href":"https:\/\/blogdojuniorcavalcanti.com.br\/index.php\/wp-json\/wp\/v2\/tags?post=33499"}],"curies":[{"name":"wp","href":"https:\/\/api.w.org\/{rel}","templated":true}]}}