{"id":33530,"date":"2024-04-13T08:04:13","date_gmt":"2024-04-13T11:04:13","guid":{"rendered":"https:\/\/blogdojuniorcavalcanti.com.br\/?p=33530"},"modified":"2024-04-13T08:04:13","modified_gmt":"2024-04-13T11:04:13","slug":"seis-vereadores-da-base-e-vice-dizem-conducao-de-evandro","status":"publish","type":"post","link":"https:\/\/blogdojuniorcavalcanti.com.br\/index.php\/2024\/04\/13\/seis-vereadores-da-base-e-vice-dizem-conducao-de-evandro\/","title":{"rendered":"Seis vereadores da base e vice dizem condu\u00e7\u00e3o de Evandro"},"content":{"rendered":"<p style=\"text-align: justify;\"><span style=\"font-size: 14pt;\"><img fetchpriority=\"high\" decoding=\"async\" class=\"alignleft wp-image-275163 jetpack-lazy-image jetpack-lazy-image--handled\" src=\"https:\/\/i0.wp.com\/nilljunior.com.br\/wp-content\/uploads\/2024\/01\/EvandroValadares-14-01-24.jpg?resize=400%2C291&amp;ssl=1\" sizes=\"(max-width: 400px) 100vw, 400px\" srcset=\"https:\/\/i0.wp.com\/nilljunior.com.br\/wp-content\/uploads\/2024\/01\/EvandroValadares-14-01-24.jpg?w=680&amp;ssl=1 680w, https:\/\/i0.wp.com\/nilljunior.com.br\/wp-content\/uploads\/2024\/01\/EvandroValadares-14-01-24.jpg?resize=300%2C218&amp;ssl=1 300w, https:\/\/i0.wp.com\/nilljunior.com.br\/wp-content\/uploads\/2024\/01\/EvandroValadares-14-01-24.jpg?resize=549%2C400&amp;ssl=1 549w\" alt=\"\" width=\"400\" height=\"291\" data-attachment-id=\"275163\" data-permalink=\"https:\/\/nilljunior.com.br\/evandro-valadares-e-alvo-de-golpe-via-whatsapp\/evandrovaladares-14-01-24\/\" data-orig-file=\"https:\/\/i0.wp.com\/nilljunior.com.br\/wp-content\/uploads\/2024\/01\/EvandroValadares-14-01-24.jpg?fit=680%2C495&amp;ssl=1\" data-orig-size=\"680,495\" data-comments-opened=\"1\" data-image-meta=\"{&quot;aperture&quot;:&quot;0&quot;,&quot;credit&quot;:&quot;&quot;,&quot;camera&quot;:&quot;&quot;,&quot;caption&quot;:&quot;&quot;,&quot;created_timestamp&quot;:&quot;0&quot;,&quot;copyright&quot;:&quot;&quot;,&quot;focal_length&quot;:&quot;0&quot;,&quot;iso&quot;:&quot;0&quot;,&quot;shutter_speed&quot;:&quot;0&quot;,&quot;title&quot;:&quot;&quot;,&quot;orientation&quot;:&quot;1&quot;}\" data-image-title=\"EvandroValadares-14-01-24\" data-image-description=\"\" data-medium-file=\"https:\/\/i0.wp.com\/nilljunior.com.br\/wp-content\/uploads\/2024\/01\/EvandroValadares-14-01-24.jpg?fit=300%2C218&amp;ssl=1\" data-large-file=\"https:\/\/i0.wp.com\/nilljunior.com.br\/wp-content\/uploads\/2024\/01\/EvandroValadares-14-01-24.jpg?fit=549%2C400&amp;ssl=1\" data-recalc-dims=\"1\" data-lazy-loaded=\"1\" \/><span style=\"font-family: arial, helvetica, sans-serif;\">O\u00a0<strong>blogueiro J\u00fanior Finfa<\/strong>\u00a0fez contato com alguns vereadores da base do prefeito de S\u00e3o Jos\u00e9 do Egito, Evandro Valadares.<\/span><\/span><\/p>\n<p style=\"text-align: justify;\"><span style=\"font-size: 14pt; font-family: arial, helvetica, sans-serif;\">Todos os parlamentares egipcienses afirmaram, que independente de quem seja o nome escolhido pelo grupo de Evandro, eles apoiam integralmente.<\/span><\/p>\n<p style=\"text-align: justify;\"><span style=\"font-size: 14pt; font-family: arial, helvetica, sans-serif;\">Este blogueiro entrou tamb\u00e9m em contato com o Secret\u00e1rio de Gabinete Roberto Sampaio, e o mesmo afirmou que tamb\u00e9m apoia qualquer nome apresentado pelo prefeito egipciense.<\/span><\/p>\n<p style=\"text-align: justify;\"><span style=\"font-size: 14pt; font-family: arial, helvetica, sans-serif;\">Por \u00faltimo em contato telef\u00f4nico com o vice-prefeito Ecl\u00e9riston Ramos, ele confirmou que n\u00e3o ser\u00e1 candidato a prefeito, mais est\u00e1 integrado totalmente \u00e0 escolha do nome da Frente Popular.<\/span><\/p>\n<p style=\"text-align: justify;\"><span style=\"font-size: 14pt; font-family: arial, helvetica, sans-serif;\">\u201cComecei junto com Evandro e terminarei minha trajet\u00f3ria pol\u00edtica junto com ele. O nome escolhido pelo grupo ter\u00e1 o meu voto\u201d.<\/span><\/p>\n<p style=\"text-align: justify;\"><span style=\"font-size: 14pt; font-family: arial, helvetica, sans-serif;\">A movimenta\u00e7\u00e3o \u00e9 uma resposta \u00e0 movimenta\u00e7\u00e3o da ex-vereadora Ana Maria Dantas, que garantiu manter sua pr\u00e9-candidatura,\u00a0 al\u00e9m de questionar a condu\u00e7\u00e3o do gestor.<\/span><\/p>\n","protected":false},"excerpt":{"rendered":"<p>O&nbsp;blogueiro J&uacute;nior Finfa&nbsp;fez contato com alguns vereadores da base do prefeito de S&atilde;o Jos&eacute; do Egito, Evandro Valadares. Todos os parlamentares egipcienses afirmaram, que independente de quem seja o nome escolhido pelo grupo de Evandro, eles apoiam integralmente. Este blogueiro entrou tamb&eacute;m em contato com o Secret&aacute;rio de Gabinete Roberto Sampaio, e o mesmo afirmou que tamb&eacute;m apoia qualquer nome apresentado pelo prefeito egipciense. Por &uacute;ltimo em contato telef&ocirc;nico com o vice-prefeito Ecl&eacute;riston Ramos, ele confirmou que n&atilde;o ser&aacute; candidato a prefeito, mais est&aacute; integrado totalmente &agrave; escolha do nome da Frente Popular. &ldquo;Comecei junto com Evandro e terminarei minha &#8230; <\/p>\n<p class=\"read-more-container\"><a title=\"Seis vereadores da base e vice dizem condu\u00e7\u00e3o de Evandro\" class=\"read-more button\" href=\"https:\/\/blogdojuniorcavalcanti.com.br\/index.php\/2024\/04\/13\/seis-vereadores-da-base-e-vice-dizem-conducao-de-evandro\/#more-33530\" aria-label=\"More on Seis vereadores da base e vice dizem condu\u00e7\u00e3o de Evandro\">Leia mais<\/a><\/p>\n","protected":false},"author":2,"featured_media":0,"comment_status":"open","ping_status":"open","sticky":false,"template":"","format":"standard","meta":{"footnotes":""},"categories":[26],"tags":[],"class_list":["post-33530","post","type-post","status-publish","format-standard","hentry","category-noticias"],"_links":{"self":[{"href":"https:\/\/blogdojuniorcavalcanti.com.br\/index.php\/wp-json\/wp\/v2\/posts\/33530","targetHints":{"allow":["GET"]}}],"collection":[{"href":"https:\/\/blogdojuniorcavalcanti.com.br\/index.php\/wp-json\/wp\/v2\/posts"}],"about":[{"href":"https:\/\/blogdojuniorcavalcanti.com.br\/index.php\/wp-json\/wp\/v2\/types\/post"}],"author":[{"embeddable":true,"href":"https:\/\/blogdojuniorcavalcanti.com.br\/index.php\/wp-json\/wp\/v2\/users\/2"}],"replies":[{"embeddable":true,"href":"https:\/\/blogdojuniorcavalcanti.com.br\/index.php\/wp-json\/wp\/v2\/comments?post=33530"}],"version-history":[{"count":1,"href":"https:\/\/blogdojuniorcavalcanti.com.br\/index.php\/wp-json\/wp\/v2\/posts\/33530\/revisions"}],"predecessor-version":[{"id":33531,"href":"https:\/\/blogdojuniorcavalcanti.com.br\/index.php\/wp-json\/wp\/v2\/posts\/33530\/revisions\/33531"}],"wp:attachment":[{"href":"https:\/\/blogdojuniorcavalcanti.com.br\/index.php\/wp-json\/wp\/v2\/media?parent=33530"}],"wp:term":[{"taxonomy":"category","embeddable":true,"href":"https:\/\/blogdojuniorcavalcanti.com.br\/index.php\/wp-json\/wp\/v2\/categories?post=33530"},{"taxonomy":"post_tag","embeddable":true,"href":"https:\/\/blogdojuniorcavalcanti.com.br\/index.php\/wp-json\/wp\/v2\/tags?post=33530"}],"curies":[{"name":"wp","href":"https:\/\/api.w.org\/{rel}","templated":true}]}}