{"id":33616,"date":"2024-04-17T11:46:19","date_gmt":"2024-04-17T14:46:19","guid":{"rendered":"https:\/\/blogdojuniorcavalcanti.com.br\/?p=33616"},"modified":"2024-04-17T11:46:19","modified_gmt":"2024-04-17T14:46:19","slug":"pajeu-sedia-etapa-do-projeto-cariri-cangaco-afogados-carnaiba-ingazeira-e-iguaracy-estao-na-programacao","status":"publish","type":"post","link":"https:\/\/blogdojuniorcavalcanti.com.br\/index.php\/2024\/04\/17\/pajeu-sedia-etapa-do-projeto-cariri-cangaco-afogados-carnaiba-ingazeira-e-iguaracy-estao-na-programacao\/","title":{"rendered":"Paje\u00fa sedia etapa do Projeto Cariri Canga\u00e7o. Afogados, Carna\u00edba, Ingazeira e Iguaracy est\u00e3o na programa\u00e7\u00e3o"},"content":{"rendered":"<p style=\"text-align: justify;\"><span style=\"font-size: 14pt; font-family: arial, helvetica, sans-serif;\"><img fetchpriority=\"high\" decoding=\"async\" class=\"alignleft\" src=\"https:\/\/i0.wp.com\/afogadosfm.com.br\/afogadosfm\/wp-content\/uploads\/2024\/04\/IMG-20240417-WA0177.jpg?resize=828%2C480&amp;ssl=1\" width=\"398\" height=\"231\" \/>Os munic\u00edpios de Afogados da Ingazeira, Carna\u00edba, Ingazeira e Iguaracy ir\u00e3o sediar, de 18 \u00e0 21 de Abril, mais uma etapa do projeto Cariri Canga\u00e7o, o mais conceituado encontro de escritores e pesquisadores de temas nordestinos.<\/span><\/p>\n<p style=\"text-align: justify;\"><span style=\"font-size: 14pt; font-family: arial, helvetica, sans-serif;\">O Canga\u00e7o foi um importante fen\u00f4meno hist\u00f3rico-social que marcou a hist\u00f3ria do Nordeste no final do s\u00e9culo XIX e primeiras d\u00e9cadas do s\u00e9culo XX.<\/span><\/p>\n<p style=\"text-align: justify;\"><span style=\"font-size: 14pt; font-family: arial, helvetica, sans-serif;\">O Paje\u00fa, n\u00e3o apenas por ter sido o ber\u00e7o de nascimento de Virgulino Ferreira, o \u201cLampi\u00e3o\u201d, principal personagem do canga\u00e7o, mas tamb\u00e9m por terem nascido na regi\u00e3o personagens importantes do canga\u00e7o como o cangaceiro Ant\u00f4nio Silvino, Adolfo meia-noite e o tenente Jo\u00e3o Bezerra, policial que comandou a volante que matou Lampi\u00e3o e quase todo o seu bando.<\/span><\/p>\n<p style=\"text-align: justify;\"><span style=\"font-size: 14pt; font-family: arial, helvetica, sans-serif;\">Em reconhecimento \u00e0 import\u00e2ncia que a regi\u00e3o do Paje\u00fa tem para a hist\u00f3ria do canga\u00e7o, o projeto Cariri Canga\u00e7o ir\u00e1 realizar no Paje\u00fa uma extensa programa\u00e7\u00e3o, com lan\u00e7amento de livros, palestras, debates, visitas t\u00e9cnicas, entregas de comendas, apresenta\u00e7\u00f5es culturais, entre os dias 18 e 21 de Abril. A abertura oficial acontece amanh\u00e3 (18), a partir das 18h, no cineteatro S\u00e3o Jos\u00e9. O Cariri Canga\u00e7o \u00e9 um projeto que re\u00fane historiadores, estudiosos e pesquisadores com o objetivo de divulgar, estudar, pesquisar e debater esse importante per\u00edodo de nossa hist\u00f3ria.<\/span><\/p>\n<p style=\"text-align: justify;\"><span style=\"font-size: 14pt; font-family: arial, helvetica, sans-serif;\">Coordenador do evento em Afogados, o historiador e Secret\u00e1rio de Cultura de Afogados, Augusto Martins, destaca a import\u00e2ncia do encontro: \u201cSer\u00e1 um evento muito importante, que contar\u00e1 com o apoio da Prefeitura de Afogados. Afogados da Ingazeira \u00e9 uma importante refer\u00eancia para a hist\u00f3ria do canga\u00e7o no Nordeste. Somos a terra que viu nascer Ant\u00f4nio Silvino e o tenente Jo\u00e3o Bezerra. Reuniremos aqui, no m\u00eas de abril, alguns dos maiores estudiosos do canga\u00e7o em uma programa\u00e7\u00e3o que vai conter com debates, palestras, visitas t\u00e9cnicas, feiras de livros, dentre outras. A programa\u00e7\u00e3o tamb\u00e9m envolver\u00e1 cidades como Iguaracy, Ingazeira e Carna\u00edba, que tamb\u00e9m estiveram na rota do canga\u00e7o,\u201d destacou Augusto Martins.<\/span><\/p>\n<p style=\"text-align: justify;\"><span style=\"font-size: 14pt; font-family: arial, helvetica, sans-serif;\">Para o curador do Cariri Canga\u00e7o, Manoel Severo , a \u201cchegada do Empreendimento ao Alto Pajeu significa o reconhecimento de todo o Brasil \u00e0 for\u00e7a da mem\u00f3ria, hist\u00f3ria e tradi\u00e7\u00e3o de Afogados da Ingazeira , como tamb\u00e9m de toda regi\u00e3o , uma vez que ser\u00e1 em cons\u00f3rcio com as cidades de Carnaiba, Ingazeira e Yguaraci. Ser\u00e1 uma grande festa regional , sediada aqui ; dai gostar\u00edamos de agradecer todo o apoio da gest\u00e3o municipal , atrav\u00e9s do prefeito como tambem o secret\u00e1rio de cultura Augusto Martins \u201c<\/span><\/p>\n<p style=\"text-align: justify;\"><span style=\"font-size: 14pt; font-family: arial, helvetica, sans-serif;\">Quem quiser se inteirar sobre o assunto e conhecer as a\u00e7\u00f5es desenvolvidas pelo projeto, pode seguir o perfil do grupo no Instagram: @cariricangaco<\/span><\/p>\n<p style=\"text-align: justify;\"><span style=\"font-size: 14pt; font-family: arial, helvetica, sans-serif;\">O Cariri Canga\u00e7o \u00e9 uma realiza\u00e7\u00e3o do Instituto Cariri do Brasil e do Conselho Alcino Alves Costa \u2013 Cariri Canga\u00e7o, com o apoio das Prefeituras de Afogados da Ingazeira, Carna\u00edba, Ingazeira e Iguaracy. O apoio institucional \u00e9 da Sociedade Brasileira de Estudos do Canga\u00e7o, Academia Brasileira de Letras e Artes do Canga\u00e7o, Academia Brasileira de Estudos do Sert\u00e3o Nordestino, Grupo de Estudos do Canga\u00e7o de Pernambuco, Grupo Paraibano de Estudos do Canga\u00e7o, Grupo de Estudos do Canga\u00e7o do Cear\u00e1, Centro de Pesquisa e Documenta\u00e7\u00e3o do Paje\u00fa e Instituto Hist\u00f3rico e Geogr\u00e1fico do Paje\u00fa.<\/span><\/p>\n<p style=\"text-align: justify;\"><span style=\"font-size: 14pt; font-family: arial, helvetica, sans-serif;\">Confira a \u00edntegra da programa\u00e7\u00e3o:<\/span><\/p>\n<p style=\"text-align: justify;\"><span style=\"font-size: 14pt; font-family: arial, helvetica, sans-serif;\">Quinta, 18 de Abril<\/span><\/p>\n<p style=\"text-align: justify;\"><span style=\"font-size: 14pt; font-family: arial, helvetica, sans-serif;\">NOITE SOLENE DE ABERTURA<\/span><\/p>\n<p style=\"text-align: justify;\"><span style=\"font-size: 14pt; font-family: arial, helvetica, sans-serif;\">CINE TEATRO S\u00c3O JOS\u00c9<\/span><br \/>\n<span style=\"font-size: 14pt; font-family: arial, helvetica, sans-serif;\">Rua Newton C\u00e9sar de Macedo Lima, s\/n \u2013\u00a0Afogados\u00a0da\u00a0Ingazeira<\/span><\/p>\n<p style=\"text-align: justify;\"><span style=\"font-size: 14pt; font-family: arial, helvetica, sans-serif;\">18h\u00a0\u2013 Abertura Festiva da Feira de Livros<\/span><br \/>\n<span style=\"font-size: 14pt; font-family: arial, helvetica, sans-serif;\">19h \u2013 In\u00edcio da Noite Solene\u00a0<\/span><br \/>\n<span style=\"font-size: 14pt; font-family: arial, helvetica, sans-serif;\">Mestre de Cerim\u00f4nia: Marcelo Litwak<\/span><\/p>\n<p style=\"text-align: justify;\"><span style=\"font-size: 14pt; font-family: arial, helvetica, sans-serif;\">Apresenta\u00e7\u00e3o Art\u00edstica: Grupo de Xaxado Bandoleiros de Solid\u00e3o<\/span><\/p>\n<p style=\"text-align: justify;\"><span style=\"font-size: 14pt; font-family: arial, helvetica, sans-serif;\">Mesa Solene de Abertura:<\/span><br \/>\n<span style=\"font-size: 14pt; font-family: arial, helvetica, sans-serif;\">MANOEL SEVERO BARBOSA \u2013\u00a0Curador Cariri Canga\u00e7o<\/span><br \/>\n<span style=\"font-size: 14pt; font-family: arial, helvetica, sans-serif;\">ALESSANDRO PALMEIRA-\u00a0Prefeito de Afogados da Ingazeira<\/span><br \/>\n<span style=\"font-size: 14pt; font-family: arial, helvetica, sans-serif;\">ANCHIETA PATRIOTA-\u00a0Prefeito de Carna\u00edba<\/span><br \/>\n<span style=\"font-size: 14pt; font-family: arial, helvetica, sans-serif;\">LUCIANO TORRES \u2013\u00a0Prefeito de Ingazeira<\/span><br \/>\n<span style=\"font-size: 14pt; font-family: arial, helvetica, sans-serif;\">ZEINHA TORRES \u2013\u00a0Prefeito de Iguaracy<\/span><br \/>\n<span style=\"font-size: 14pt; font-family: arial, helvetica, sans-serif;\">AUGUSTO MARTINS \u2013\u00a0Presidente da Comiss\u00e3o Organizadora\/ Sec de Cultura de Afogados da Ingazeira<\/span><br \/>\n<span style=\"font-size: 14pt; font-family: arial, helvetica, sans-serif;\">JOS\u00c9 PATRIOTA\u00a0\u2013 Deputado Estadual\u00a0<\/span><br \/>\n<span style=\"font-size: 14pt; font-family: arial, helvetica, sans-serif;\">PADRE LUIZ MARQUES FERREIRA \u2013 Diocese de Afogados\u00a0<\/span><br \/>\n<span style=\"font-size: 14pt; font-family: arial, helvetica, sans-serif;\">HESDRAS SOUTO\u00a0\u2013 Presidente do CPDOC\u00a0<\/span><br \/>\n<span style=\"font-size: 14pt; font-family: arial, helvetica, sans-serif;\">ALBERTO RODRIGUES \u2013\u00a0Presidente do IHGP\u00a0<\/span><br \/>\n<span style=\"font-size: 14pt; font-family: arial, helvetica, sans-serif;\">PROFESSOR PEREIRA \u2013\u00a0SBEC Sociedade Brasileira de Estudos do Canga\u00e7o<\/span><br \/>\n<span style=\"font-size: 14pt; font-family: arial, helvetica, sans-serif;\">ARCHIMEDES MARQUES \u2013\u00a0Academia Brasileira de Letras e Artes do Canga\u00e7o<\/span><br \/>\n<span style=\"font-size: 14pt; font-family: arial, helvetica, sans-serif;\">ADRIANO CARVALHO \u2013\u00a0Academia Brasileira de Estudos do Sert\u00e3o<\/span><br \/>\n<span style=\"font-size: 14pt; font-family: arial, helvetica, sans-serif;\">BISMARCK MARTINS \u2013\u00a0GPEC Grupo Paraibano de Estudos do Canga\u00e7o<\/span><br \/>\n<span style=\"font-size: 14pt; font-family: arial, helvetica, sans-serif;\">ANDRE VASCONCELOS \u2013 ASTUR \u2013 Pernambuco<\/span><br \/>\n<span style=\"font-size: 14pt; font-family: arial, helvetica, sans-serif;\">ROBERTO BATISTA\u00a0\u2013\u00a0GECAPE Grupo de Estudos do Canga\u00e7o de Pernambuco<\/span><br \/>\n<span style=\"font-size: 14pt; font-family: arial, helvetica, sans-serif;\">JO\u00c3O DE SOUSA LIMA \u2013\u00a0Academia de Letras de Paulo Afonso<\/span><\/p>\n<p style=\"text-align: justify;\"><span style=\"font-size: 14pt; font-family: arial, helvetica, sans-serif;\">19h\u00a0Hino Nacional\u00a0\u2013 Banda de M\u00fasica Bernardo Delvanir Ferreira<\/span><\/p>\n<p style=\"text-align: justify;\"><span style=\"font-size: 14pt; font-family: arial, helvetica, sans-serif;\">19h15 \u2013\u00a0Entrada do Estandarte do Cariri Canga\u00e7o<\/span><br \/>\n<span style=\"font-size: 14pt; font-family: arial, helvetica, sans-serif;\">Conselheiros Cariri Canga\u00e7o: C\u00e9lia Maria Parahybana \u2013 Jo\u00e3o Pessoa PB<\/span><br \/>\n<span style=\"font-size: 14pt; font-family: arial, helvetica, sans-serif;\">Capit\u00e3o Quirino Silva \u2013 Jo\u00e3o Pessoa PB<\/span><\/p>\n<p style=\"text-align: justify;\"><span style=\"font-size: 14pt; font-family: arial, helvetica, sans-serif;\">19h40 \u2013\u00a0Apresenta\u00e7\u00e3o do Cariri Canga\u00e7o<\/span><br \/>\n<span style=\"font-size: 14pt; font-family: arial, helvetica, sans-serif;\">Conselheiro LUIZ FERRAZ FILHO \u2013 Serra Talhada PE<\/span><br \/>\n<span style=\"font-size: 14pt; font-family: arial, helvetica, sans-serif;\">TAILENE BARROS \u2013 Serra Talhada PE<\/span><\/p>\n<p style=\"text-align: justify;\"><span style=\"font-size: 14pt; font-family: arial, helvetica, sans-serif;\">19h50 \u2013 Cumprimentos aos Convidados<\/span><br \/>\n<span style=\"font-size: 14pt; font-family: arial, helvetica, sans-serif;\">MANOEL SEVERO BARBOSA \u2013\u00a0Curador Cariri Canga\u00e7o<\/span><br \/>\n<span style=\"font-size: 14pt; font-family: arial, helvetica, sans-serif;\">ALESSANDRO PALMEIRA-\u00a0Prefeito Municipal de Afogados da Ingazeira<\/span><br \/>\n<span style=\"font-size: 14pt; font-family: arial, helvetica, sans-serif;\">AUGUSTO MARTINS \u2013\u00a0Presidente da Comiss\u00e3o Organizadora<\/span><br \/>\n<span style=\"font-size: 14pt; font-family: arial, helvetica, sans-serif;\">JOS\u00c9 PATRIOTA\u00a0\u2013 Deputado Estadual\u00a0<\/span><\/p>\n<p style=\"text-align: justify;\"><span style=\"font-size: 14pt; font-family: arial, helvetica, sans-serif;\">20h30 \u2013\u00a0Entrega de Comendas \u201cM\u00e9rito Cultural Cariri Canga\u00e7o\u201d<\/span><\/p>\n<ol style=\"text-align: justify;\">\n<li><span style=\"font-size: 14pt; font-family: arial, helvetica, sans-serif;\">Prefeito\u00a0Alessandro Palmeira \u2013\u00a0<\/span><br \/>\n<span style=\"font-size: 14pt; font-family: arial, helvetica, sans-serif;\">Entregue por Conselheiro Zezito Maia \u2013 Catol\u00e9 do Rocha PB<\/span><\/li>\n<li><span style=\"font-size: 14pt; font-family: arial, helvetica, sans-serif;\">Gast\u00e3o Cerquinha da Fonseca(in memorian)<\/span><br \/>\n<span style=\"font-size: 14pt; font-family: arial, helvetica, sans-serif;\">Entregue por Conselheira\u00a0Elane Marques \u2013 Aracaju SE<\/span><br \/>\n<span style=\"font-size: 14pt; font-family: arial, helvetica, sans-serif;\">3.Joel Ferreira Lima \u2013 Museu da Saudade<\/span><br \/>\n<span style=\"font-size: 14pt; font-family: arial, helvetica, sans-serif;\">Entregue por Conselheiro Luiz Ferraz Filho \u2013 Serra Talhada PE<\/span><\/li>\n<li><span style=\"font-size: 14pt; font-family: arial, helvetica, sans-serif;\">Jos\u00e9 Rufino da Costa Neto \u2013\u00a0Ded\u00e9 Monteiro<\/span><br \/>\n<span style=\"font-size: 14pt; font-family: arial, helvetica, sans-serif;\">Entregue por Conselheiro Moustafa Veras \u2013 Afogados da Ingazeira PE<\/span><br \/>\n<span style=\"font-size: 14pt; font-family: arial, helvetica, sans-serif;\">5.\u00a0Nivaldo Alves Galindo Filho \u2013\u00a0Nill Junior<\/span><br \/>\n<span style=\"font-size: 14pt; font-family: arial, helvetica, sans-serif;\">Entregue por Conselheira Ana Gleide Leal \u2013 Floresta PE<\/span><br \/>\n<span style=\"font-size: 14pt; font-family: arial, helvetica, sans-serif;\">6.\u00a0Diocese de Afogados da Ingazeira \u2013\u00a0Padre Luizinho<\/span><br \/>\n<span style=\"font-size: 14pt; font-family: arial, helvetica, sans-serif;\">Entregue por Conselheiro Gilmar Teixeira \u2013 Feira de Santana BA<\/span><\/li>\n<\/ol>\n<p style=\"text-align: justify;\"><span style=\"font-size: 14pt; font-family: arial, helvetica, sans-serif;\">20h50 \u2013 Homenagem Especial \u201cIn Memorian\u201d<\/span><br \/>\n<span style=\"font-size: 14pt; font-family: arial, helvetica, sans-serif;\">NARCISO APARECIDO DIAS<\/span><br \/>\n<span style=\"font-size: 14pt; font-family: arial, helvetica, sans-serif;\">Entregue por Conselheiros, Jorge Rem\u00edgio e Luiz Ruben \u2013 Recife PE<\/span><\/p>\n<p style=\"text-align: justify;\"><span style=\"font-size: 14pt; font-family: arial, helvetica, sans-serif;\">21h \u2013 Homenagens pela ABLAC<\/span><br \/>\n<span style=\"font-size: 14pt; font-family: arial, helvetica, sans-serif;\">Archimedes Marques e Elane Marques<\/span><\/p>\n<p style=\"text-align: justify;\"><span style=\"font-size: 14pt; font-family: arial, helvetica, sans-serif;\">21h10 \u2013 Posse de Novos Conselheiros Cariri Canga\u00e7o<\/span><\/p>\n<p style=\"text-align: justify;\"><span style=\"font-size: 14pt; font-family: arial, helvetica, sans-serif;\">HESDRAS S\u00c9RVULO SOUTO DE SIQUEIRA CAMPOS FARIAS<\/span><br \/>\n<span style=\"font-size: 14pt; font-family: arial, helvetica, sans-serif;\">Estola e Diploma entregues por Conselheiros<\/span><br \/>\n<span style=\"font-size: 14pt; font-family: arial, helvetica, sans-serif;\">ANDR\u00c9 VASCONCELOS \u2013 Triunfo PE<\/span><br \/>\n<span style=\"font-size: 14pt; font-family: arial, helvetica, sans-serif;\">LUMA HOLANDA \u2013 Jo\u00e3o Pessoa PB<\/span><br \/>\n<span style=\"font-size: 14pt; font-family: arial, helvetica, sans-serif;\">ORLANDO NASCIMENTO CARVALHO<\/span><br \/>\n<span style=\"font-size: 14pt; font-family: arial, helvetica, sans-serif;\">Estola e Diploma entregues por Conselheiros<\/span><br \/>\n<span style=\"font-size: 14pt; font-family: arial, helvetica, sans-serif;\">MANOEL BELARMINO \u2013 Po\u00e7o Redondo SE<\/span><br \/>\n<span style=\"font-size: 14pt; font-family: arial, helvetica, sans-serif;\">JO\u00c3O DE SOUSA LIMA \u2013 Paulo Afonso BA<\/span><\/p>\n<p style=\"text-align: justify;\"><span style=\"font-size: 14pt; font-family: arial, helvetica, sans-serif;\">21h15 \u2013 Conselheiros Mirins<\/span><br \/>\n<span style=\"font-size: 14pt; font-family: arial, helvetica, sans-serif;\">HENRIQUE DINIZ FERRAZ NOVAES<\/span><br \/>\n<span style=\"font-size: 14pt; font-family: arial, helvetica, sans-serif;\">Estola e Diploma entregues por Conselheiro<\/span><br \/>\n<span style=\"font-size: 14pt; font-family: arial, helvetica, sans-serif;\">CL\u00caNIO NOVAES e HELGA DINIZ \u2013 S\u00e3o Jos\u00e9 de Belmonte PE<\/span><br \/>\n<span style=\"font-size: 14pt; font-family: arial, helvetica, sans-serif;\">FELIPE ANT\u00d4NIO CAMPOS TELES PEREIRA DE MENEZES<\/span><br \/>\n<span style=\"font-size: 14pt; font-family: arial, helvetica, sans-serif;\">Estola e Diploma entregues por Conselheiro<\/span><br \/>\n<span style=\"font-size: 14pt; font-family: arial, helvetica, sans-serif;\">LOURO TELES e JOSEANE TELES \u2013 Calumbi PE<\/span><\/p>\n<p style=\"text-align: justify;\"><span style=\"font-size: 14pt; font-family: arial, helvetica, sans-serif;\">21h30 \u2013 Homenagem \u201cMulher Arretada Cariri Canga\u00e7o\u201d \u2013<\/span><br \/>\n<span style=\"font-size: 14pt; font-family: arial, helvetica, sans-serif;\">Manoel Severo e Tailene Nogueira Barros<\/span><\/p>\n<p style=\"text-align: justify;\"><span style=\"font-size: 14pt; font-family: arial, helvetica, sans-serif;\">22h \u2013 Passagem do Estandarte do Cariri Canga\u00e7o<\/span><br \/>\n<span style=\"font-size: 14pt; font-family: arial, helvetica, sans-serif;\">Atual Sede : Afogados da Ingazeira PE<\/span><br \/>\n<span style=\"font-size: 14pt; font-family: arial, helvetica, sans-serif;\">AUGUSTO MARTINS \u2013 HESDRAS SOUTO \u2013 LUIZ FERRAZ FILHO \u2013 LOURO TELES\u00a0<\/span><br \/>\n<span style=\"font-size: 14pt; font-family: arial, helvetica, sans-serif;\">MOUSTAFA VERAS \u2013 TAILENE BARROS \u2013 LUMA HOLANDA<\/span><br \/>\n<span style=\"font-size: 14pt; font-family: arial, helvetica, sans-serif;\">Pr\u00f3xima Sede: Jardim CE<\/span><br \/>\n<span style=\"font-size: 14pt; font-family: arial, helvetica, sans-serif;\">ADRIANO CARVALHO \u2013 LUIZ LEMOS \u2013 JO\u00c3O PAULO SOUZA<\/span><\/p>\n<p style=\"text-align: justify;\"><span style=\"font-size: 14pt; font-family: arial, helvetica, sans-serif;\">22h10 Encerramento<\/span><\/p>\n<p style=\"text-align: justify;\"><span style=\"font-size: 14pt; font-family: arial, helvetica, sans-serif;\">Sexta, 19 de abril<\/span><\/p>\n<p style=\"text-align: justify;\"><span style=\"font-size: 14pt; font-family: arial, helvetica, sans-serif;\">8h -SA\u00cdDA PARA VISITA T\u00c9CNICA<\/span><br \/>\n<span style=\"font-size: 14pt; font-family: arial, helvetica, sans-serif;\">Serra da Col\u00f4nia \u2013 Local do Nascimento de Ant\u00f4nio Silvino<\/span><br \/>\n<span style=\"font-size: 14pt; font-family: arial, helvetica, sans-serif;\">CARNA\u00cdBA \u2013 PE<\/span><\/p>\n<p style=\"text-align: justify;\"><span style=\"font-size: 14pt; font-family: arial, helvetica, sans-serif;\">9h \u2013 SOLENIDADE\u00a0<\/span><br \/>\n<span style=\"font-size: 14pt; font-family: arial, helvetica, sans-serif;\">9h10 Entrega da Comenda M\u00e9rito Cultural\u00a0<\/span><br \/>\n<span style=\"font-size: 14pt; font-family: arial, helvetica, sans-serif;\">Prefeito de Carna\u00edba, Anchieta Patriota<\/span><\/p>\n<p style=\"text-align: justify;\"><span style=\"font-size: 14pt; font-family: arial, helvetica, sans-serif;\">9h20 CONFER\u00caNCIA DE CAMPO NA SERRA DA COL\u00d4NIA<\/span><br \/>\n<span style=\"font-size: 14pt; font-family: arial, helvetica, sans-serif;\">As Origens de Ant\u00f4nio Silvino \u2013 \u00a0<\/span><br \/>\n<span style=\"font-size: 14pt; font-family: arial, helvetica, sans-serif;\">Hesdras Souto (Tuparetama\/PE)<\/span><\/p>\n<p style=\"text-align: justify;\"><span style=\"font-size: 14pt; font-family: arial, helvetica, sans-serif;\">10h \u2013 CAPELA DE SANTO ANT\u00d4NIO DA COL\u00d4NIA<\/span><br \/>\n<span style=\"font-size: 14pt; font-family: arial, helvetica, sans-serif;\">Entrega e Consagra\u00e7\u00e3o Comenda de \u201cLugar de Mem\u00f3ria Cariri Canga\u00e7o\u201d<\/span><br \/>\n<span style=\"font-size: 14pt; font-family: arial, helvetica, sans-serif;\">Padre Luizinho Marques<\/span><br \/>\n<span style=\"font-size: 14pt; font-family: arial, helvetica, sans-serif;\">Entrega por Conselheiros Joaquim Pereira e Wescley Dutra<\/span><\/p>\n<p style=\"text-align: justify;\"><span style=\"font-size: 14pt; font-family: arial, helvetica, sans-serif;\">11h30 \u2013 VISITA DE CAMPO<\/span><br \/>\n<span style=\"font-size: 14pt; font-family: arial, helvetica, sans-serif;\">Museu do R\u00e1dio \u2013 Afogados da Ingazeira<\/span><\/p>\n<p style=\"text-align: justify;\"><span style=\"font-size: 14pt; font-family: arial, helvetica, sans-serif;\">11h45 \u2013 Entrega da Comenda M\u00e9rito Cultural\u00a0<\/span><br \/>\n<span style=\"font-size: 14pt; font-family: arial, helvetica, sans-serif;\">Museu do R\u00e1dio \u2013 Nill Junior<\/span><br \/>\n<span style=\"font-size: 14pt; font-family: arial, helvetica, sans-serif;\">Entrega por Conselheiros Archimedes e Elane Marques<\/span><\/p>\n<p style=\"text-align: justify;\"><span style=\"font-size: 14pt; font-family: arial, helvetica, sans-serif;\">13h \u2013 ALMO\u00c7O EM AFOGADOS DA INGAZEIRA\u00a0<\/span><\/p>\n<p style=\"text-align: justify;\"><span style=\"font-size: 14pt; font-family: arial, helvetica, sans-serif;\">18h30 \u2013 PAINEL E DEBATES<\/span><br \/>\n<span style=\"font-size: 14pt; font-family: arial, helvetica, sans-serif;\">Audit\u00f3rio da C\u00e2mara Municipal<\/span><br \/>\n<span style=\"font-size: 14pt; font-family: arial, helvetica, sans-serif;\">Rua Dr. Roberto Nogueira Lima, 236, Afogados da Ingazeira \u2013 PE<\/span><\/p>\n<p style=\"text-align: justify;\"><span style=\"font-size: 14pt; font-family: arial, helvetica, sans-serif;\">19h \u2013 LAN\u00c7AMENTOS E APRESENTA\u00c7\u00c3O DE LIVROS<\/span><\/p>\n<ol style=\"text-align: justify;\">\n<li><span style=\"font-size: 14pt; font-family: arial, helvetica, sans-serif;\">As andan\u00e7as de Ant\u00f4nio Silvino pelos sert\u00f5es do Serid\u00f3 e Curimata\u00fa<\/span><br \/>\n<span style=\"font-size: 14pt; font-family: arial, helvetica, sans-serif;\">Fabiana Agra\u00a0Picu\u00ed PB<\/span><\/li>\n<li><span style=\"font-size: 14pt; font-family: arial, helvetica, sans-serif;\">Manoel Netto \u2013 No rastro de Lampi\u00e3o<\/span><br \/>\n<span style=\"font-size: 14pt; font-family: arial, helvetica, sans-serif;\">Leonardo Gominho\u00a0Floresta PE<\/span><\/li>\n<li><span style=\"font-size: 14pt; font-family: arial, helvetica, sans-serif;\">Manoel Batista de Morais \u2013 Cangaceiro Ant\u00f4nio Silvino\u00a0<\/span><br \/>\n<span style=\"font-size: 14pt; font-family: arial, helvetica, sans-serif;\">C\u00e9lia Maria Silva\u00a0Jo\u00e3o Pessoa PB<\/span><br \/>\n<span style=\"font-size: 14pt; font-family: arial, helvetica, sans-serif;\">\u00a04. Carna\u00edba: Mem\u00f3rias, Transforma\u00e7\u00f5es Espaciais e Socioculturais<\/span><br \/>\n<span style=\"font-size: 14pt; font-family: arial, helvetica, sans-serif;\">Jos\u00e9 Anchieta de Siqueira\u00a0S\u00e3o Paulo SP<\/span><\/li>\n<\/ol>\n<p style=\"text-align: justify;\"><span style=\"font-size: 14pt; font-family: arial, helvetica, sans-serif;\">19h30 \u2013 CONFER\u00caNCIAS<\/span><\/p>\n<ol style=\"text-align: justify;\">\n<li><span style=\"font-size: 14pt; font-family: arial, helvetica, sans-serif;\">AS V\u00c1RIAS FACES DA PRIS\u00c3O DE ANTONIO SILVINO<\/span><br \/>\n<span style=\"font-size: 14pt; font-family: arial, helvetica, sans-serif;\">Debate com Painelistas<\/span><br \/>\n<span style=\"font-size: 14pt; font-family: arial, helvetica, sans-serif;\">Geraldo Ferraz Recife PE<\/span><br \/>\n<span style=\"font-size: 14pt; font-family: arial, helvetica, sans-serif;\">\u00a0Ivanildo Silveira Natal RN<\/span><br \/>\n<span style=\"font-size: 14pt; font-family: arial, helvetica, sans-serif;\">Fabiana Agra Picu\u00ed PB<\/span><br \/>\n<span style=\"font-size: 14pt; font-family: arial, helvetica, sans-serif;\">Luiz Ferraz Filho Serra Talhada PE<\/span><br \/>\n<span style=\"font-size: 14pt; font-family: arial, helvetica, sans-serif;\">Hesdras Souto Tuparetama PE<\/span><br \/>\n<span style=\"font-size: 14pt; font-family: arial, helvetica, sans-serif;\">Louro Teles Calumbi PE<\/span><\/li>\n<\/ol>\n<p style=\"text-align: justify;\"><span style=\"font-size: 14pt; font-family: arial, helvetica, sans-serif;\">22h Encerramento<\/span><\/p>\n<p style=\"text-align: justify;\"><span style=\"font-size: 14pt; font-family: arial, helvetica, sans-serif;\">S\u00e1bado, 20 de Abril<\/span><\/p>\n<p style=\"text-align: justify;\"><span style=\"font-size: 14pt; font-family: arial, helvetica, sans-serif;\">8h -SA\u00cdDA PARA VISITA T\u00c9CNICA EM INGAZEIRA<\/span><br \/>\n<span style=\"font-size: 14pt; font-family: arial, helvetica, sans-serif;\">Ingazeira \u2013 Passagens de Ant\u00f4nio Silvino<\/span><br \/>\n<span style=\"font-size: 14pt; font-family: arial, helvetica, sans-serif;\">INGAZEIRA \u2013 PE<\/span><\/p>\n<p style=\"text-align: justify;\"><span style=\"font-size: 14pt; font-family: arial, helvetica, sans-serif;\">9h\u00a0\u2013\u00a0SOLENIDADE: IGREJA MATRIZ DE S\u00c3O JOS\u00c9<\/span><br \/>\n<span style=\"font-size: 14pt; font-family: arial, helvetica, sans-serif;\">INGAZEIRA \u2013 PE<\/span><\/p>\n<p style=\"text-align: justify;\"><span style=\"font-size: 14pt; font-family: arial, helvetica, sans-serif;\">9h10 \u2013 Entrega da Comenda M\u00e9rito Cultural\u00a0<\/span><br \/>\n<span style=\"font-size: 14pt; font-family: arial, helvetica, sans-serif;\">Prefeito de Ingazeira, Luciano Torres<\/span><br \/>\n<span style=\"font-size: 14pt; font-family: arial, helvetica, sans-serif;\">Entregue por Conselheiros Cl\u00eanio Novaes e Junior Almeida<\/span><\/p>\n<p style=\"text-align: justify;\"><span style=\"font-size: 14pt; font-family: arial, helvetica, sans-serif;\">9h15 \u2013 Entrega e Consagra\u00e7\u00e3o Comenda de\u00a0<\/span><br \/>\n<span style=\"font-size: 14pt; font-family: arial, helvetica, sans-serif;\">\u201cLugar de Mem\u00f3ria Cariri Canga\u00e7o\u201d<\/span><br \/>\n<span style=\"font-size: 14pt; font-family: arial, helvetica, sans-serif;\">Igreja Matriz de S\u00e3o Jos\u00e9<\/span><br \/>\n<span style=\"font-size: 14pt; font-family: arial, helvetica, sans-serif;\">Entrega por Conselheiros Celsinho Rodrigues e Jaqueline Rodrigues<\/span><\/p>\n<p style=\"text-align: justify;\"><span style=\"font-size: 14pt; font-family: arial, helvetica, sans-serif;\">9h20 \u2013 CONFER\u00caNCIA DE CAMPO E\u00a0<\/span><br \/>\n<span style=\"font-size: 14pt; font-family: arial, helvetica, sans-serif;\">O GRANDE ENCONTRO DA FAM\u00cdLIA MORAES<\/span><br \/>\n<span style=\"font-size: 14pt; font-family: arial, helvetica, sans-serif;\">(Descendentes de Ant\u00f4nio Silvino)<\/span><br \/>\n<span style=\"font-size: 14pt; font-family: arial, helvetica, sans-serif;\">As Passagens de Ant\u00f4nio Silvino:\u00a0<\/span><br \/>\n<span style=\"font-size: 14pt; font-family: arial, helvetica, sans-serif;\">Hesdras Souto e Osmano Moraes<\/span><\/p>\n<p style=\"text-align: justify;\"><span style=\"font-size: 14pt; font-family: arial, helvetica, sans-serif;\">9h50 \u2013 Comenda para Ant\u00f4nio Silvino<\/span><br \/>\n<span style=\"font-size: 14pt; font-family: arial, helvetica, sans-serif;\">\u201cPersonagem Eterno do Sert\u00e3o\u201d<\/span><br \/>\n<span style=\"font-size: 14pt; font-family: arial, helvetica, sans-serif;\">Fam\u00edlia Moraes<\/span><br \/>\n<span style=\"font-size: 14pt; font-family: arial, helvetica, sans-serif;\">Entregue por Conselheiros, Carlos Alberto Silva e Josu\u00e9 Macedo Santana<\/span><\/p>\n<p style=\"text-align: justify;\"><span style=\"font-size: 14pt; font-family: arial, helvetica, sans-serif;\">10h \u2013 VISITA \u00c0S CASAS DAS IRM\u00c3S DE ANTONIO SILVINO<\/span><\/p>\n<p style=\"text-align: justify;\"><span style=\"font-size: 14pt; font-family: arial, helvetica, sans-serif;\">10h30 -SA\u00cdDA PARA VISITA\u00a0T\u00c9CNICA EM JABITAC\u00c1<\/span><br \/>\n<span style=\"font-size: 14pt; font-family: arial, helvetica, sans-serif;\">Jabitac\u00e1 \u2013 Passagens do Cangaceiro Meia-Noite<\/span><br \/>\n<span style=\"font-size: 14pt; font-family: arial, helvetica, sans-serif;\">IGUARACY \u2013 PE<\/span><\/p>\n<p style=\"text-align: justify;\"><span style=\"font-size: 14pt; font-family: arial, helvetica, sans-serif;\">11h\u00a0\u2013\u00a0SOLENIDADE: IGREJA NOSSA SENHORA DA CONCEI\u00c7\u00c3O<\/span><br \/>\n<span style=\"font-size: 14pt; font-family: arial, helvetica, sans-serif;\">JABITAC\u00c1, IGUARACY \u2013 PE<\/span><br \/>\n<span style=\"font-size: 14pt; font-family: arial, helvetica, sans-serif;\">11h10 \u2013 Entrega da Comenda M\u00e9rito Cultural\u00a0<\/span><br \/>\n<span style=\"font-size: 14pt; font-family: arial, helvetica, sans-serif;\">Prefeito de Iguaracy, Zeinha Torres<\/span><br \/>\n<span style=\"font-size: 14pt; font-family: arial, helvetica, sans-serif;\">Entregue pelo Conselheiro \u00c2ngelo Osmiro<\/span><\/p>\n<p style=\"text-align: justify;\"><span style=\"font-size: 14pt; font-family: arial, helvetica, sans-serif;\">11h15 \u2013 Entrega e Consagra\u00e7\u00e3o Comenda de\u00a0\u201cLugar de Mem\u00f3ria Cariri Canga\u00e7o\u201d: Igreja Nossa Senhora da Concei\u00e7\u00e3o<\/span><br \/>\n<span style=\"font-size: 14pt; font-family: arial, helvetica, sans-serif;\">Entrega por Conselheiras Luma Holanda e C\u00e9lia Maria<\/span><\/p>\n<p style=\"text-align: justify;\"><span style=\"font-size: 14pt; font-family: arial, helvetica, sans-serif;\">11h20 \u2013 CONFER\u00caNCIA DE CAMPO<\/span><br \/>\n<span style=\"font-size: 14pt; font-family: arial, helvetica, sans-serif;\">Passagens do Cangaceiro Adolfo Meia-Noite<\/span><br \/>\n<span style=\"font-size: 14pt; font-family: arial, helvetica, sans-serif;\">Moustaf\u00e1 Veras\/ Afogados da Ingazeira \u2013 PE<\/span><\/p>\n<p style=\"text-align: justify;\"><span style=\"font-size: 14pt; font-family: arial, helvetica, sans-serif;\">12h30 \u2013 Retorno para Afogados da Ingazeira<\/span><\/p>\n<p style=\"text-align: justify;\"><span style=\"font-size: 14pt; font-family: arial, helvetica, sans-serif;\">TARDE<\/span><\/p>\n<p style=\"text-align: justify;\"><span style=\"font-size: 14pt; font-family: arial, helvetica, sans-serif;\">16h \u2013 PAINEL E DEBATES<\/span><br \/>\n<span style=\"font-size: 14pt; font-family: arial, helvetica, sans-serif;\">Audit\u00f3rio da C\u00e2mara Municipal<\/span><br \/>\n<span style=\"font-size: 14pt; font-family: arial, helvetica, sans-serif;\">R. Dr. Roberto Nogueira Lima, 236, Afogados da Ingazeira \u2013 PE<\/span><br \/>\n<span style=\"font-size: 14pt; font-family: arial, helvetica, sans-serif;\">\u00a0<\/span><br \/>\n<span style=\"font-size: 14pt; font-family: arial, helvetica, sans-serif;\">16h15 \u2013 LAN\u00c7AMENTOS E APRESENTA\u00c7\u00c3O DE LIVROS<\/span><\/p>\n<ol style=\"text-align: justify;\">\n<li><span style=\"font-size: 14pt; font-family: arial, helvetica, sans-serif;\">Ant\u00f4nio Matilde \u2013 O Mestre de Armas de Lampi\u00e3o<\/span><br \/>\n<span style=\"font-size: 14pt; font-family: arial, helvetica, sans-serif;\">Bismarck Martin\/ Pocinho PB<\/span><\/li>\n<li><span style=\"font-size: 14pt; font-family: arial, helvetica, sans-serif;\">Lampi\u00e3o em Serrinha do Catimbau<\/span><br \/>\n<span style=\"font-size: 14pt; font-family: arial, helvetica, sans-serif;\">Junior Almeida\/ Capoeiras PE<\/span><\/li>\n<li><span style=\"font-size: 14pt; font-family: arial, helvetica, sans-serif;\">Francisco Ricardo Nobre, o Ingl\u00eas da Volta e sua descend\u00eancia<\/span><br \/>\n<span style=\"font-size: 14pt; font-family: arial, helvetica, sans-serif;\">\u00a0de Yoni Sampaio &amp; Geraldo Ten\u00f3rio Aoun\u00a0Recife PE<\/span><br \/>\n<span style=\"font-size: 14pt; font-family: arial, helvetica, sans-serif;\">por Joaquim Pereira Recife PE<\/span><\/li>\n<li><span style=\"font-size: 14pt; font-family: arial, helvetica, sans-serif;\">Di\u00e1rio do Canga\u00e7o \u2013 Das origens da cidade de Vila Bella\u00a0\u00e0 ascens\u00e3o de Lampi\u00e3o. \u00a0<\/span><br \/>\n<span style=\"font-size: 14pt; font-family: arial, helvetica, sans-serif;\">Paulo Cesar Gomes\/ Serra Talhada PE<\/span><\/li>\n<\/ol>\n<p style=\"text-align: justify;\"><span style=\"font-size: 14pt; font-family: arial, helvetica, sans-serif;\">\u00a017h30 \u2013\u00a0Entrega de Comendas \u201cM\u00e9rito Cultural Cariri Canga\u00e7o\u201d<\/span><\/p>\n<ol style=\"text-align: justify;\">\n<li><span style=\"font-size: 14pt; font-family: arial, helvetica, sans-serif;\">Tenente Jo\u00e3o Bezerra da Silva (in memorian)<\/span><br \/>\n<span style=\"font-size: 14pt; font-family: arial, helvetica, sans-serif;\">Entregue por Conselheiro Bismarck Martins \u2013 Pocinho PB<\/span><\/li>\n<li><span style=\"font-size: 14pt; font-family: arial, helvetica, sans-serif;\">Tenente Jo\u00e3o Gomes de Lira (in memorian)<\/span><br \/>\n<span style=\"font-size: 14pt; font-family: arial, helvetica, sans-serif;\">Entregue por Conselheiro Louro Teles \u2013 Calumbi PE<\/span><\/li>\n<\/ol>\n<p style=\"text-align: justify;\"><span style=\"font-size: 14pt; font-family: arial, helvetica, sans-serif;\">17h40 \u2013 Homenagem \u201cMulher Arretada Cariri Canga\u00e7o\u201d<\/span><br \/>\n<span style=\"font-size: 14pt; font-family: arial, helvetica, sans-serif;\">Entregue por Conselheiras, Elane Marques e Jaqueline Rodrigues<\/span><br \/>\n<span style=\"font-size: 14pt; font-family: arial, helvetica, sans-serif;\">ANE RANZAN\u00a0Recife PE<\/span><\/p>\n<p style=\"text-align: justify;\"><span style=\"font-size: 14pt; font-family: arial, helvetica, sans-serif;\">17h50 \u2013 CONFER\u00caNCIAS<\/span><\/p>\n<ol style=\"text-align: justify;\">\n<li><span style=\"font-size: 14pt; font-family: arial, helvetica, sans-serif;\">Tenente Jo\u00e3o Bezerra da Silva: O Comandante de Angico\u00a0\u00a0<\/span><br \/>\n<span style=\"font-size: 14pt; font-family: arial, helvetica, sans-serif;\">Paulo Britto\u00a0\u00a0Recife PE<\/span><\/li>\n<li><span style=\"font-size: 14pt; font-family: arial, helvetica, sans-serif;\">Tenente Jo\u00e3o Gomes de Lira: Mem\u00f3rias de um Soldado de Volante<\/span><br \/>\n<span style=\"font-size: 14pt; font-family: arial, helvetica, sans-serif;\">Rubelvan Lira\u00a0Nazar\u00e9 do Pico PE<\/span><br \/>\n<span style=\"font-size: 14pt; font-family: arial, helvetica, sans-serif;\">Cl\u00f3vis Lira Afogados da Ingazeira PE<\/span><\/li>\n<li><span style=\"font-size: 14pt; font-family: arial, helvetica, sans-serif;\">Manoel Ar\u00e3o: O Maior Literato de Afogados de Todos os Tempos<\/span><br \/>\n<span style=\"font-size: 14pt; font-family: arial, helvetica, sans-serif;\">Saulo Duarte\u00a0Flores PE<\/span><\/li>\n<\/ol>\n<p style=\"text-align: justify;\"><span style=\"font-size: 14pt; font-family: arial, helvetica, sans-serif;\">19h30 \u2013 APRESENTA\u00c7\u00d5ES ARTISTICAS NA PRA\u00c7A<\/span><\/p>\n<p style=\"text-align: justify;\"><span style=\"font-size: 14pt; font-family: arial, helvetica, sans-serif;\">Domingo, 21 de abril<\/span><\/p>\n<p style=\"text-align: justify;\"><span style=\"font-size: 14pt; font-family: arial, helvetica, sans-serif;\">8h -SA\u00cdDA PARA VISITA T\u00c9CNICA EM CARNA\u00cdBA<\/span><\/p>\n<p style=\"text-align: justify;\"><span style=\"font-size: 14pt; font-family: arial, helvetica, sans-serif;\">8h45 \u2013 VISITA AO MONUMENTO<\/span><br \/>\n<span style=\"font-size: 14pt; font-family: arial, helvetica, sans-serif;\">\u00a0POETA Z\u00c9 MARCOLINO<\/span><br \/>\n<span style=\"font-size: 14pt; font-family: arial, helvetica, sans-serif;\">Santo Ant\u00f4nio \u2013 Carna\u00edba PE<\/span><\/p>\n<p style=\"text-align: justify;\"><span style=\"font-size: 14pt; font-family: arial, helvetica, sans-serif;\">9h VISITA AO MUSEU<\/span><br \/>\n<span style=\"font-size: 14pt; font-family: arial, helvetica, sans-serif;\">\u00a0DE Z\u00c9 DANTAS<\/span><br \/>\n<span style=\"font-size: 14pt; font-family: arial, helvetica, sans-serif;\">Pra\u00e7a de Eventos Milton Pierre s\/n Centro \u2013 Carna\u00edba PE<\/span><\/p>\n<p style=\"text-align: justify;\"><span style=\"font-size: 14pt; font-family: arial, helvetica, sans-serif;\">Apresenta\u00e7\u00e3o da Banda de P\u00edfanos do Riacho do Meio.<\/span><br \/>\n<span style=\"font-size: 14pt; font-family: arial, helvetica, sans-serif;\">C\u00ed\u00e7o do Pife e Joel do Museu da Saudade<\/span><\/p>\n<p style=\"text-align: justify;\"><span style=\"font-size: 14pt; font-family: arial, helvetica, sans-serif;\">9h10 \u2013 Entrega da Comenda M\u00e9rito Cultural\u00a0ao Museu de Z\u00e9 Dantas.<\/span><br \/>\n<span style=\"font-size: 14pt; font-family: arial, helvetica, sans-serif;\">Entregue por Conselheiro Emmanuel Arruda<\/span><\/p>\n<p style=\"text-align: justify;\"><span style=\"font-size: 14pt; font-family: arial, helvetica, sans-serif;\">10h \u2013 VISITA \u00c0 CASA E BUSTO DE Z\u00c9 DANTAS<\/span><\/p>\n<p style=\"text-align: justify;\"><span style=\"font-size: 14pt; font-family: arial, helvetica, sans-serif;\">ENCERRAMENTO<\/span><\/p>\n","protected":false},"excerpt":{"rendered":"<p>Os munic&iacute;pios de Afogados da Ingazeira, Carna&iacute;ba, Ingazeira e Iguaracy ir&atilde;o sediar, de 18 &agrave; 21 de Abril, mais uma etapa do projeto Cariri Canga&ccedil;o, o mais conceituado encontro de escritores e pesquisadores de temas nordestinos. O Canga&ccedil;o foi um importante fen&ocirc;meno hist&oacute;rico-social que marcou a hist&oacute;ria do Nordeste no final do s&eacute;culo XIX e primeiras d&eacute;cadas do s&eacute;culo XX. O Paje&uacute;, n&atilde;o apenas por ter sido o ber&ccedil;o de nascimento de Virgulino Ferreira, o &ldquo;Lampi&atilde;o&rdquo;, principal personagem do canga&ccedil;o, mas tamb&eacute;m por terem nascido na regi&atilde;o personagens importantes do canga&ccedil;o como o cangaceiro Ant&ocirc;nio Silvino, Adolfo meia-noite e o &#8230; <\/p>\n<p class=\"read-more-container\"><a title=\"Paje\u00fa sedia etapa do Projeto Cariri Canga\u00e7o. Afogados, Carna\u00edba, Ingazeira e Iguaracy est\u00e3o na programa\u00e7\u00e3o\" class=\"read-more button\" href=\"https:\/\/blogdojuniorcavalcanti.com.br\/index.php\/2024\/04\/17\/pajeu-sedia-etapa-do-projeto-cariri-cangaco-afogados-carnaiba-ingazeira-e-iguaracy-estao-na-programacao\/#more-33616\" aria-label=\"More on Paje\u00fa sedia etapa do Projeto Cariri Canga\u00e7o. Afogados, Carna\u00edba, Ingazeira e Iguaracy est\u00e3o na programa\u00e7\u00e3o\">Leia mais<\/a><\/p>\n","protected":false},"author":2,"featured_media":0,"comment_status":"open","ping_status":"open","sticky":false,"template":"","format":"standard","meta":{"footnotes":""},"categories":[26],"tags":[],"class_list":["post-33616","post","type-post","status-publish","format-standard","hentry","category-noticias"],"_links":{"self":[{"href":"https:\/\/blogdojuniorcavalcanti.com.br\/index.php\/wp-json\/wp\/v2\/posts\/33616","targetHints":{"allow":["GET"]}}],"collection":[{"href":"https:\/\/blogdojuniorcavalcanti.com.br\/index.php\/wp-json\/wp\/v2\/posts"}],"about":[{"href":"https:\/\/blogdojuniorcavalcanti.com.br\/index.php\/wp-json\/wp\/v2\/types\/post"}],"author":[{"embeddable":true,"href":"https:\/\/blogdojuniorcavalcanti.com.br\/index.php\/wp-json\/wp\/v2\/users\/2"}],"replies":[{"embeddable":true,"href":"https:\/\/blogdojuniorcavalcanti.com.br\/index.php\/wp-json\/wp\/v2\/comments?post=33616"}],"version-history":[{"count":1,"href":"https:\/\/blogdojuniorcavalcanti.com.br\/index.php\/wp-json\/wp\/v2\/posts\/33616\/revisions"}],"predecessor-version":[{"id":33617,"href":"https:\/\/blogdojuniorcavalcanti.com.br\/index.php\/wp-json\/wp\/v2\/posts\/33616\/revisions\/33617"}],"wp:attachment":[{"href":"https:\/\/blogdojuniorcavalcanti.com.br\/index.php\/wp-json\/wp\/v2\/media?parent=33616"}],"wp:term":[{"taxonomy":"category","embeddable":true,"href":"https:\/\/blogdojuniorcavalcanti.com.br\/index.php\/wp-json\/wp\/v2\/categories?post=33616"},{"taxonomy":"post_tag","embeddable":true,"href":"https:\/\/blogdojuniorcavalcanti.com.br\/index.php\/wp-json\/wp\/v2\/tags?post=33616"}],"curies":[{"name":"wp","href":"https:\/\/api.w.org\/{rel}","templated":true}]}}