{"id":33830,"date":"2024-04-26T07:34:27","date_gmt":"2024-04-26T10:34:27","guid":{"rendered":"https:\/\/blogdojuniorcavalcanti.com.br\/?p=33830"},"modified":"2024-04-26T07:34:27","modified_gmt":"2024-04-26T10:34:27","slug":"raquel-lyra-destaca-expectativa-de-geracao-de-novos-empregos","status":"publish","type":"post","link":"https:\/\/blogdojuniorcavalcanti.com.br\/index.php\/2024\/04\/26\/raquel-lyra-destaca-expectativa-de-geracao-de-novos-empregos\/","title":{"rendered":"Raquel Lyra destaca expectativa de gera\u00e7\u00e3o de novos empregos"},"content":{"rendered":"<p style=\"text-align: justify;\"><span style=\"font-size: 14pt; font-family: arial, helvetica, sans-serif;\"><b><i>A Stellantis e seus fornecedores chegam a gerar mais de 60 mil empregos diretos e indiretos na regi\u00e3o da Mata Norte<\/i><\/b><\/span><\/p>\n<p style=\"text-align: justify;\"><span style=\"font-size: 14pt; font-family: arial, helvetica, sans-serif;\">Um novo ciclo de investimentos ser\u00e1 realizado em Pernambuco pela Stellantis no seu Polo Automotivo, localizado no munic\u00edpio de Goiana, na Zona da Mata Norte. O an\u00fancio foi feito nesta quinta-feira (25), em cerim\u00f4nia na f\u00e1brica automotiva, e foi acompanhado pela governadora Raquel Lyra, com a presen\u00e7a do presidente da Stellantis para Am\u00e9rica do Sul, Emanuele Cappellano. Para o ciclo de 2025 a 2030, a montadora ir\u00e1 investir R$ 13 bilh\u00f5es, que representam um impulsionamento no desenvolvimento econ\u00f4mico da regi\u00e3o e do Estado. Durante a solenidade, a governadora celebrou a nova conquista para Pernambuco e destacou o potencial de gera\u00e7\u00e3o de novos empregos.<\/span><\/p>\n<p style=\"text-align: justify;\"><span style=\"font-size: 14pt; font-family: arial, helvetica, sans-serif;\">Na ocasi\u00e3o, a gestora visitou o parque de fornecedores do Polo, conhecendo a linha de montagem. \u201cHoje \u00e9 um dia de celebra\u00e7\u00e3o. Esse novo ciclo de investimentos feito pela Stellantis garante mais tecnologia, sustentabilidade e ainda a gera\u00e7\u00e3o de novos sonhos para quem vive na Zona da Mata Norte do Estado. A presen\u00e7a do Polo Automotivo estimula a diversidade da nossa matriz econ\u00f4mica, atraindo novas ind\u00fastrias de fornecedores se instalando aqui no Estado, e estimulando a cria\u00e7\u00e3o de mais emprego e renda para a popula\u00e7\u00e3o\u201d, destacou Raquel Lyra.<\/span><\/p>\n<p style=\"text-align: justify;\"><span style=\"font-size: 14pt; font-family: arial, helvetica, sans-serif;\">O investimento anunciado pela Stellantis vai impulsionar o lan\u00e7amento de produtos durante o per\u00edodo e de novas oportunidades estrat\u00e9gicas de neg\u00f3cios, al\u00e9m de proporcionar o desenvolvimento de autom\u00f3veis h\u00edbridos e tecnologias de descarboniza\u00e7\u00e3o em toda a cadeia de suprimentos automotivos.<\/span><\/p>\n<p style=\"text-align: justify;\"><span style=\"font-size: 14pt; font-family: arial, helvetica, sans-serif;\">Segundo Emanuele Cappellano, o montante empregado neste novo ciclo \u00e9 maior em compara\u00e7\u00e3o \u00e0quele feito na constru\u00e7\u00e3o da f\u00e1brica. \u201cEsse, com certeza, \u00e9 o maior investimento da ind\u00fastria automotiva aqui no Nordeste, superando todo o investimento que foi aplicado para construir o Polo entre 2012 e 2015. Com isso, iremos renovar nossa gama de produtos, trazer novas tecnologias e atrair novos fornecedores para a cadeia produtiva\u201d, detalhou.\u00a0<\/span><\/p>\n<p style=\"text-align: justify;\"><span style=\"font-size: 14pt; font-family: arial, helvetica, sans-serif;\">Segundo a Stellantis, o novo montante investido tamb\u00e9m resultar\u00e1 na amplia\u00e7\u00e3o significativa do parque local de fornecedores da montadora nos pr\u00f3ximos anos. A cadeia dever\u00e1 contar com cerca de 100 fornecedores instalados em Pernambuco at\u00e9 2030. Atualmente, s\u00e3o 38 no Estado. \u201cEsses R$ 13 bilh\u00f5es s\u00e3o uma marca hist\u00f3rica para Pernambuco e inicia um ciclo de investimentos que vai muito al\u00e9m da f\u00e1brica. Significa a economia do conhecimento e a transi\u00e7\u00e3o energ\u00e9tica na tecnologia feita em Pernambuco para equipar os carros da fabricante no mundo todo\u201d, ressaltou o secret\u00e1rio de Desenvolvimento Econ\u00f4mico, Guilherme Cavalcanti.<\/span><\/p>\n<p style=\"text-align: justify;\"><span style=\"font-size: 14pt; font-family: arial, helvetica, sans-serif;\">Inaugurado em abril de 2015, o Polo Automotivo Stellantis de Goiana est\u00e1 completando nove anos. Desde a implanta\u00e7\u00e3o at\u00e9 este ano, j\u00e1 foram investidos R$ 18 bilh\u00f5es em Pernambuco pela companhia. Ao todo, desde o in\u00edcio, a Stellantis e seus fornecedores j\u00e1 geraram mais de 60 mil empregos diretos e indiretos na regi\u00e3o.<\/span><\/p>\n<p style=\"text-align: justify;\"><span style=\"font-size: 14pt; font-family: arial, helvetica, sans-serif;\">Presente no evento, o prefeito de Goiana, Eduardo Hon\u00f3rio, comemorou a chegada de mais investimentos para o munic\u00edpio. \u201cEsse investimento chega n\u00e3o s\u00f3 para Goiana, mas tamb\u00e9m beneficia toda a Mata Norte. Fico muito feliz com mais este an\u00fancio que ir\u00e1 garantir a atra\u00e7\u00e3o de mais emprego para a nossa regi\u00e3o\u201d, comentou.<\/span><\/p>\n<p style=\"text-align: justify;\"><span style=\"font-size: 14pt; font-family: arial, helvetica, sans-serif;\">A capacidade de produ\u00e7\u00e3o da planta automotiva \u00e9 de 280 mil ve\u00edculos por ano. Desde sua inaugura\u00e7\u00e3o, foram produzidas mais de 1,5 milh\u00e3o de unidades, das quais mais de 200 mil foram exportadas, tamb\u00e9m alcan\u00e7ando recordes: em 2023, a Stellantis foi respons\u00e1vel pela movimenta\u00e7\u00e3o de mais de R$ 2,5 bilh\u00f5es no Porto de Suape gra\u00e7as \u00e0 produ\u00e7\u00e3o de Goiana. No Polo, s\u00e3o produzidos cinco modelos de tr\u00eas marcas (Jeep Renegade, Compass e Commander, e as picapes Fiat Toro e Ram Rampage).<\/span><\/p>\n<p style=\"text-align: justify;\"><span style=\"font-size: 14pt; font-family: arial, helvetica, sans-serif;\">Acompanharam a agenda os deputados estaduais Luciano Duque e M\u00e1rio Ricardo, os secret\u00e1rios estaduais Herc\u00edlio Mamede (Casa Militar), Mariana Melo (Mulher), Fernando Holanda (Assessoria Especial \u00e0 governadora e Rela\u00e7\u00f5es Internacionais), Ana Luiza Ferreira (Meio Ambiente, Sustentabilidade e Fernando de Noronha) e Diogo Bezerra (Mobilidade e Infraestrutura). O presidente da Ag\u00eancia de Desenvolvimento Econ\u00f4mico de Pernambuco (Adepe), Andr\u00e9 Teixeira, e o presidente do Porto de Suape, M\u00e1rcio Guiot, tamb\u00e9m estiveram presentes.<\/span><\/p>\n","protected":false},"excerpt":{"rendered":"<p>A Stellantis e seus fornecedores chegam a gerar mais de 60 mil empregos diretos e indiretos na regi&atilde;o da Mata Norte Um novo ciclo de investimentos ser&aacute; realizado em Pernambuco pela Stellantis no seu Polo Automotivo, localizado no munic&iacute;pio de Goiana, na Zona da Mata Norte. O an&uacute;ncio foi feito nesta quinta-feira (25), em cerim&ocirc;nia na f&aacute;brica automotiva, e foi acompanhado pela governadora Raquel Lyra, com a presen&ccedil;a do presidente da Stellantis para Am&eacute;rica do Sul, Emanuele Cappellano. Para o ciclo de 2025 a 2030, a montadora ir&aacute; investir R$ 13 bilh&otilde;es, que representam um impulsionamento no desenvolvimento econ&ocirc;mico da &#8230; <\/p>\n<p class=\"read-more-container\"><a title=\"Raquel Lyra destaca expectativa de gera\u00e7\u00e3o de novos empregos\" class=\"read-more button\" href=\"https:\/\/blogdojuniorcavalcanti.com.br\/index.php\/2024\/04\/26\/raquel-lyra-destaca-expectativa-de-geracao-de-novos-empregos\/#more-33830\" aria-label=\"More on Raquel Lyra destaca expectativa de gera\u00e7\u00e3o de novos empregos\">Leia mais<\/a><\/p>\n","protected":false},"author":2,"featured_media":33831,"comment_status":"open","ping_status":"open","sticky":false,"template":"","format":"standard","meta":{"footnotes":""},"categories":[25],"tags":[],"class_list":["post-33830","post","type-post","status-publish","format-standard","has-post-thumbnail","hentry","category-destaque","resize-featured-image"],"_links":{"self":[{"href":"https:\/\/blogdojuniorcavalcanti.com.br\/index.php\/wp-json\/wp\/v2\/posts\/33830","targetHints":{"allow":["GET"]}}],"collection":[{"href":"https:\/\/blogdojuniorcavalcanti.com.br\/index.php\/wp-json\/wp\/v2\/posts"}],"about":[{"href":"https:\/\/blogdojuniorcavalcanti.com.br\/index.php\/wp-json\/wp\/v2\/types\/post"}],"author":[{"embeddable":true,"href":"https:\/\/blogdojuniorcavalcanti.com.br\/index.php\/wp-json\/wp\/v2\/users\/2"}],"replies":[{"embeddable":true,"href":"https:\/\/blogdojuniorcavalcanti.com.br\/index.php\/wp-json\/wp\/v2\/comments?post=33830"}],"version-history":[{"count":1,"href":"https:\/\/blogdojuniorcavalcanti.com.br\/index.php\/wp-json\/wp\/v2\/posts\/33830\/revisions"}],"predecessor-version":[{"id":33832,"href":"https:\/\/blogdojuniorcavalcanti.com.br\/index.php\/wp-json\/wp\/v2\/posts\/33830\/revisions\/33832"}],"wp:featuredmedia":[{"embeddable":true,"href":"https:\/\/blogdojuniorcavalcanti.com.br\/index.php\/wp-json\/wp\/v2\/media\/33831"}],"wp:attachment":[{"href":"https:\/\/blogdojuniorcavalcanti.com.br\/index.php\/wp-json\/wp\/v2\/media?parent=33830"}],"wp:term":[{"taxonomy":"category","embeddable":true,"href":"https:\/\/blogdojuniorcavalcanti.com.br\/index.php\/wp-json\/wp\/v2\/categories?post=33830"},{"taxonomy":"post_tag","embeddable":true,"href":"https:\/\/blogdojuniorcavalcanti.com.br\/index.php\/wp-json\/wp\/v2\/tags?post=33830"}],"curies":[{"name":"wp","href":"https:\/\/api.w.org\/{rel}","templated":true}]}}