{"id":33833,"date":"2024-04-26T07:35:25","date_gmt":"2024-04-26T10:35:25","guid":{"rendered":"https:\/\/blogdojuniorcavalcanti.com.br\/?p=33833"},"modified":"2024-04-26T07:35:25","modified_gmt":"2024-04-26T10:35:25","slug":"tce-pe-mantem-multa-a-camara-de-vereadores-de-serra-talhada","status":"publish","type":"post","link":"https:\/\/blogdojuniorcavalcanti.com.br\/index.php\/2024\/04\/26\/tce-pe-mantem-multa-a-camara-de-vereadores-de-serra-talhada\/","title":{"rendered":"TCE-PE mant\u00e9m multa \u00e0 C\u00e2mara de Vereadores de Serra Talhada"},"content":{"rendered":"<p style=\"text-align: justify;\"><span style=\"font-size: 14pt;\"><img fetchpriority=\"high\" decoding=\"async\" class=\"alignleft wp-image-281252 jetpack-lazy-image jetpack-lazy-image--handled\" src=\"https:\/\/i1.wp.com\/nilljunior.com.br\/wp-content\/uploads\/2024\/04\/manoel-enfermeiro.jpg?resize=400%2C225&amp;ssl=1\" sizes=\"(max-width: 400px) 100vw, 400px\" srcset=\"https:\/\/i1.wp.com\/nilljunior.com.br\/wp-content\/uploads\/2024\/04\/manoel-enfermeiro.jpg?w=800&amp;ssl=1 800w, https:\/\/i1.wp.com\/nilljunior.com.br\/wp-content\/uploads\/2024\/04\/manoel-enfermeiro.jpg?resize=300%2C169&amp;ssl=1 300w, https:\/\/i1.wp.com\/nilljunior.com.br\/wp-content\/uploads\/2024\/04\/manoel-enfermeiro.jpg?resize=768%2C432&amp;ssl=1 768w, https:\/\/i1.wp.com\/nilljunior.com.br\/wp-content\/uploads\/2024\/04\/manoel-enfermeiro.jpg?resize=600%2C338&amp;ssl=1 600w\" alt=\"\" width=\"400\" height=\"225\" data-attachment-id=\"281252\" data-permalink=\"https:\/\/nilljunior.com.br\/tce-pe-mantem-multa-a-camara-de-vereadores-de-serra-talhada\/manoel-enfermeiro\/\" data-orig-file=\"https:\/\/i1.wp.com\/nilljunior.com.br\/wp-content\/uploads\/2024\/04\/manoel-enfermeiro.jpg?fit=800%2C450&amp;ssl=1\" data-orig-size=\"800,450\" data-comments-opened=\"1\" data-image-meta=\"{&quot;aperture&quot;:&quot;0&quot;,&quot;credit&quot;:&quot;&quot;,&quot;camera&quot;:&quot;&quot;,&quot;caption&quot;:&quot;&quot;,&quot;created_timestamp&quot;:&quot;0&quot;,&quot;copyright&quot;:&quot;&quot;,&quot;focal_length&quot;:&quot;0&quot;,&quot;iso&quot;:&quot;0&quot;,&quot;shutter_speed&quot;:&quot;0&quot;,&quot;title&quot;:&quot;&quot;,&quot;orientation&quot;:&quot;0&quot;}\" data-image-title=\"manoel-enfermeiro\" data-image-description=\"\" data-medium-file=\"https:\/\/i1.wp.com\/nilljunior.com.br\/wp-content\/uploads\/2024\/04\/manoel-enfermeiro.jpg?fit=300%2C169&amp;ssl=1\" data-large-file=\"https:\/\/i1.wp.com\/nilljunior.com.br\/wp-content\/uploads\/2024\/04\/manoel-enfermeiro.jpg?fit=600%2C338&amp;ssl=1\" data-recalc-dims=\"1\" data-lazy-loaded=\"1\" \/><span style=\"font-family: arial, helvetica, sans-serif;\">Nesta ter\u00e7a-feira (23), a primeira turma da corte de contas de Pernambuco julgou o processo 211002902ED001, que trata dos Embargos de Declara\u00e7\u00e3o interpostos pelo Presidente da C\u00e2mara Municipal de Serra Talhada, Sr. Manoel Casciano da Silva \u2013 \u2018Manoel Enfermeiro\u2019, em rela\u00e7\u00e3o ao Ac\u00f3rd\u00e3o TC n\u00ba 824\/2023 da Segunda C\u00e2mara. Este ac\u00f3rd\u00e3o referia-se ao processo TC n\u00ba 21100290-2, no qual foram constatadas irregularidades em gastos p\u00fablicos.<\/span><\/span><\/p>\n<p style=\"text-align: justify;\"><span style=\"font-size: 14pt; font-family: arial, helvetica, sans-serif;\">O relator do processo, Conselheiro Substituto Carlos Pimentel, conduziu o julgamento, que resultou na manuten\u00e7\u00e3o integral do Ac\u00f3rd\u00e3o TC n\u00ba 0824\/2023. A Primeira C\u00e2mara, de forma un\u00e2nime, conheceu dos Embargos de Declara\u00e7\u00e3o e, no m\u00e9rito, negou-lhes provimento, mantendo assim a decis\u00e3o anterior.<\/span><\/p>\n<p style=\"text-align: justify;\"><span style=\"font-size: 14pt; font-family: arial, helvetica, sans-serif;\">ENTENDA O CASO<\/span><\/p>\n<p style=\"text-align: justify;\"><span style=\"font-size: 14pt; font-family: arial, helvetica, sans-serif;\">O processo em quest\u00e3o investigou gastos relacionados \u00e0 contrata\u00e7\u00e3o de empresas de capacita\u00e7\u00e3o, inscri\u00e7\u00f5es de agentes p\u00fablicos em eventos e pagamentos de di\u00e1rias em cidades como Jo\u00e3o Pessoa e Macei\u00f3. O Tribunal de Contas identificou que v\u00e1rias despesas ocorreram em per\u00edodos de isolamento social devido \u00e0 Covid-19 e durante o per\u00edodo carnavalesco, levantando suspeitas de irregularidades.<\/span><\/p>\n<p style=\"text-align: justify;\"><span style=\"font-size: 14pt; font-family: arial, helvetica, sans-serif;\">De acordo com os documentos apresentados, foram gastos aproximadamente R$ 316.750,00 de forma indevida. Especificamente, R$ 70.700,00 foram destinados apenas para inscri\u00e7\u00f5es em eventos, enquanto R$ 246.050,00 foram desembolsados em pagamentos de di\u00e1rias.<\/span><\/p>\n<p style=\"text-align: justify;\"><span style=\"font-size: 14pt; font-family: arial, helvetica, sans-serif;\">Tal conduta foi considerada grave pelo Tribunal, visto que gastos sem comprova\u00e7\u00e3o, especialmente em momentos cr\u00edticos como durante a pandemia, caracterizam ind\u00edcios de improbidade administrativa e peculato, prejudicando o interesse p\u00fablico.<\/span><\/p>\n<p style=\"text-align: justify;\"><span style=\"font-size: 14pt; font-family: arial, helvetica, sans-serif;\">Como consequ\u00eancia, o presidente da C\u00e2mara Municipal de Serra Talhada, vereador Manoel Enfermeiro, foi multado em R$ 9.183,00, al\u00e9m de ser responsabilizado pelo d\u00e9bito de R$ 246.050,00. Al\u00e9m disso, foram impostos d\u00e9bitos solid\u00e1rios de R$ 32.200,00 com a empresa IMB Cursos e de R$ 38.500,00 com a empresa Treinar \u2013 Tecnologia e Capacita\u00e7\u00e3o. As informa\u00e7\u00f5es s\u00e3o do\u00a0<b>blog do J\u00fanior Campos<\/b>.<\/span><\/p>\n","protected":false},"excerpt":{"rendered":"<p>Nesta ter&ccedil;a-feira (23), a primeira turma da corte de contas de Pernambuco julgou o processo 211002902ED001, que trata dos Embargos de Declara&ccedil;&atilde;o interpostos pelo Presidente da C&acirc;mara Municipal de Serra Talhada, Sr. Manoel Casciano da Silva &ndash; &lsquo;Manoel Enfermeiro&rsquo;, em rela&ccedil;&atilde;o ao Ac&oacute;rd&atilde;o TC n&ordm; 824\/2023 da Segunda C&acirc;mara. Este ac&oacute;rd&atilde;o referia-se ao processo TC n&ordm; 21100290-2, no qual foram constatadas irregularidades em gastos p&uacute;blicos. O relator do processo, Conselheiro Substituto Carlos Pimentel, conduziu o julgamento, que resultou na manuten&ccedil;&atilde;o integral do Ac&oacute;rd&atilde;o TC n&ordm; 0824\/2023. A Primeira C&acirc;mara, de forma un&acirc;nime, conheceu dos Embargos de Declara&ccedil;&atilde;o e, no m&eacute;rito, &#8230; <\/p>\n<p class=\"read-more-container\"><a title=\"TCE-PE mant\u00e9m multa \u00e0 C\u00e2mara de Vereadores de Serra Talhada\" class=\"read-more button\" href=\"https:\/\/blogdojuniorcavalcanti.com.br\/index.php\/2024\/04\/26\/tce-pe-mantem-multa-a-camara-de-vereadores-de-serra-talhada\/#more-33833\" aria-label=\"More on TCE-PE mant\u00e9m multa \u00e0 C\u00e2mara de Vereadores de Serra Talhada\">Leia mais<\/a><\/p>\n","protected":false},"author":2,"featured_media":0,"comment_status":"open","ping_status":"open","sticky":false,"template":"","format":"standard","meta":{"footnotes":""},"categories":[26],"tags":[],"class_list":["post-33833","post","type-post","status-publish","format-standard","hentry","category-noticias"],"_links":{"self":[{"href":"https:\/\/blogdojuniorcavalcanti.com.br\/index.php\/wp-json\/wp\/v2\/posts\/33833","targetHints":{"allow":["GET"]}}],"collection":[{"href":"https:\/\/blogdojuniorcavalcanti.com.br\/index.php\/wp-json\/wp\/v2\/posts"}],"about":[{"href":"https:\/\/blogdojuniorcavalcanti.com.br\/index.php\/wp-json\/wp\/v2\/types\/post"}],"author":[{"embeddable":true,"href":"https:\/\/blogdojuniorcavalcanti.com.br\/index.php\/wp-json\/wp\/v2\/users\/2"}],"replies":[{"embeddable":true,"href":"https:\/\/blogdojuniorcavalcanti.com.br\/index.php\/wp-json\/wp\/v2\/comments?post=33833"}],"version-history":[{"count":1,"href":"https:\/\/blogdojuniorcavalcanti.com.br\/index.php\/wp-json\/wp\/v2\/posts\/33833\/revisions"}],"predecessor-version":[{"id":33834,"href":"https:\/\/blogdojuniorcavalcanti.com.br\/index.php\/wp-json\/wp\/v2\/posts\/33833\/revisions\/33834"}],"wp:attachment":[{"href":"https:\/\/blogdojuniorcavalcanti.com.br\/index.php\/wp-json\/wp\/v2\/media?parent=33833"}],"wp:term":[{"taxonomy":"category","embeddable":true,"href":"https:\/\/blogdojuniorcavalcanti.com.br\/index.php\/wp-json\/wp\/v2\/categories?post=33833"},{"taxonomy":"post_tag","embeddable":true,"href":"https:\/\/blogdojuniorcavalcanti.com.br\/index.php\/wp-json\/wp\/v2\/tags?post=33833"}],"curies":[{"name":"wp","href":"https:\/\/api.w.org\/{rel}","templated":true}]}}