{"id":34215,"date":"2024-05-13T16:57:10","date_gmt":"2024-05-13T19:57:10","guid":{"rendered":"https:\/\/blogdojuniorcavalcanti.com.br\/?p=34215"},"modified":"2024-05-13T16:57:10","modified_gmt":"2024-05-13T19:57:10","slug":"campanha-do-maio-amarelo-em-iguaracy-alerta-sobre-acidentes-de-transporte-terrestre","status":"publish","type":"post","link":"https:\/\/blogdojuniorcavalcanti.com.br\/index.php\/2024\/05\/13\/campanha-do-maio-amarelo-em-iguaracy-alerta-sobre-acidentes-de-transporte-terrestre\/","title":{"rendered":"Campanha do Maio Amarelo em Iguaracy alerta sobre acidentes de transporte terrestre"},"content":{"rendered":"<p style=\"text-align: justify;\"><span style=\"font-size: 14pt; font-family: arial, helvetica, sans-serif;\"><img fetchpriority=\"high\" decoding=\"async\" class=\"wp-image-160909  aligncenter\" src=\"https:\/\/penoticias.com.br\/blog\/wp-content\/uploads\/2024\/05\/aa-41.jpg\" sizes=\"(max-width: 579px) 100vw, 579px\" srcset=\"https:\/\/penoticias.com.br\/blog\/wp-content\/uploads\/2024\/05\/aa-41.jpg 703w, https:\/\/penoticias.com.br\/blog\/wp-content\/uploads\/2024\/05\/aa-41-288x300.jpg 288w\" alt=\"\" width=\"579\" height=\"604\" \/><\/span><\/p>\n<p style=\"text-align: justify;\"><span style=\"font-size: 14pt; font-family: arial, helvetica, sans-serif;\">A programa\u00e7\u00e3o da Campanha do Maio Amarelo em Iguaracy, realizada de forma intersetorial por meio da parceria entre as equipes de diversas secretarias municipais, est\u00e1 refor\u00e7ando o m\u00eas de conscientiza\u00e7\u00e3o para preven\u00e7\u00e3o dos acidentes de transporte terrestre (ATT).<\/span><\/p>\n<p style=\"text-align: justify;\"><span style=\"font-size: 14pt; font-family: arial, helvetica, sans-serif;\">Destaca-se que esses acidentes s\u00e3o potencialmente fatais (\u00f3bitos) ou deixam sequelas permanentes nas pessoas acometidas. A maior gravidade est\u00e1 relacionada a fatores de imprud\u00eancia, neglig\u00eancia e imper\u00edcia como por exemplo:<\/span><\/p>\n<ul style=\"text-align: justify;\">\n<li><span style=\"font-size: 14pt; font-family: arial, helvetica, sans-serif;\">n\u00e3o uso de dispositivo de prote\u00e7\u00e3o (cinto de seguran\u00e7a ou capacete);<\/span><\/li>\n<li><span style=\"font-size: 14pt; font-family: arial, helvetica, sans-serif;\">excesso de velocidade al\u00e9m do permitido;<\/span><\/li>\n<li><span style=\"font-size: 14pt; font-family: arial, helvetica, sans-serif;\">consumo de bebida alco\u00f3lica pelos condutores;<\/span><\/li>\n<li><span style=\"font-size: 14pt; font-family: arial, helvetica, sans-serif;\">descumprimento da sinaliza\u00e7\u00e3o e regras do tr\u00e2nsito;<\/span><\/li>\n<li><span style=\"font-size: 14pt; font-family: arial, helvetica, sans-serif;\">falta de manuten\u00e7\u00e3o mec\u00e2nica nos ve\u00edculos;<\/span><\/li>\n<li><span style=\"font-size: 14pt; font-family: arial, helvetica, sans-serif;\">inexperi\u00eancia e inabilidade para conduzir;<\/span><\/li>\n<li><span style=\"font-size: 14pt; font-family: arial, helvetica, sans-serif;\">uso de celular ao dirigir ou pilotar;<\/span><\/li>\n<li><span style=\"font-size: 14pt; font-family: arial, helvetica, sans-serif;\">condi\u00e7\u00f5es clim\u00e1ticas desfavor\u00e1veis;<\/span><\/li>\n<li><span style=\"font-size: 14pt; font-family: arial, helvetica, sans-serif;\">situa\u00e7\u00e3o das vias (buracos, desn\u00edveis, m\u00e1 sinaliza\u00e7\u00e3o, etc).<\/span><\/li>\n<\/ul>\n<p style=\"text-align: justify;\"><span style=\"font-size: 14pt; font-family: arial, helvetica, sans-serif;\">Deve-se ampliar o alerta que os acidentes de transporte terrestre (ATT), n\u00e3o se limitam apenas aos acidentes de tr\u00e2nsito nas ruas e pistas urbanas, envolvendo motos e ve\u00edculos. Assim, tamb\u00e9m ocorrem em estradas vicinais na zona rural e podem envolver bicicletas, carro\u00e7as, animais soltos, atropelamento de pedestres.<\/span><\/p>\n","protected":false},"excerpt":{"rendered":"<p>A programa&ccedil;&atilde;o da Campanha do Maio Amarelo em Iguaracy, realizada de forma intersetorial por meio da parceria entre as equipes de diversas secretarias municipais, est&aacute; refor&ccedil;ando o m&ecirc;s de conscientiza&ccedil;&atilde;o para preven&ccedil;&atilde;o dos acidentes de transporte terrestre (ATT). Destaca-se que esses acidentes s&atilde;o potencialmente fatais (&oacute;bitos) ou deixam sequelas permanentes nas pessoas acometidas. A maior gravidade est&aacute; relacionada a fatores de imprud&ecirc;ncia, neglig&ecirc;ncia e imper&iacute;cia como por exemplo: n&atilde;o uso de dispositivo de prote&ccedil;&atilde;o (cinto de seguran&ccedil;a ou capacete); excesso de velocidade al&eacute;m do permitido; consumo de bebida alco&oacute;lica pelos condutores; descumprimento da sinaliza&ccedil;&atilde;o e regras do tr&acirc;nsito; falta de &#8230; <\/p>\n<p class=\"read-more-container\"><a title=\"Campanha do Maio Amarelo em Iguaracy alerta sobre acidentes de transporte terrestre\" class=\"read-more button\" href=\"https:\/\/blogdojuniorcavalcanti.com.br\/index.php\/2024\/05\/13\/campanha-do-maio-amarelo-em-iguaracy-alerta-sobre-acidentes-de-transporte-terrestre\/#more-34215\" aria-label=\"More on Campanha do Maio Amarelo em Iguaracy alerta sobre acidentes de transporte terrestre\">Leia mais<\/a><\/p>\n","protected":false},"author":2,"featured_media":0,"comment_status":"open","ping_status":"open","sticky":false,"template":"","format":"standard","meta":{"footnotes":""},"categories":[26],"tags":[],"class_list":["post-34215","post","type-post","status-publish","format-standard","hentry","category-noticias"],"_links":{"self":[{"href":"https:\/\/blogdojuniorcavalcanti.com.br\/index.php\/wp-json\/wp\/v2\/posts\/34215","targetHints":{"allow":["GET"]}}],"collection":[{"href":"https:\/\/blogdojuniorcavalcanti.com.br\/index.php\/wp-json\/wp\/v2\/posts"}],"about":[{"href":"https:\/\/blogdojuniorcavalcanti.com.br\/index.php\/wp-json\/wp\/v2\/types\/post"}],"author":[{"embeddable":true,"href":"https:\/\/blogdojuniorcavalcanti.com.br\/index.php\/wp-json\/wp\/v2\/users\/2"}],"replies":[{"embeddable":true,"href":"https:\/\/blogdojuniorcavalcanti.com.br\/index.php\/wp-json\/wp\/v2\/comments?post=34215"}],"version-history":[{"count":1,"href":"https:\/\/blogdojuniorcavalcanti.com.br\/index.php\/wp-json\/wp\/v2\/posts\/34215\/revisions"}],"predecessor-version":[{"id":34216,"href":"https:\/\/blogdojuniorcavalcanti.com.br\/index.php\/wp-json\/wp\/v2\/posts\/34215\/revisions\/34216"}],"wp:attachment":[{"href":"https:\/\/blogdojuniorcavalcanti.com.br\/index.php\/wp-json\/wp\/v2\/media?parent=34215"}],"wp:term":[{"taxonomy":"category","embeddable":true,"href":"https:\/\/blogdojuniorcavalcanti.com.br\/index.php\/wp-json\/wp\/v2\/categories?post=34215"},{"taxonomy":"post_tag","embeddable":true,"href":"https:\/\/blogdojuniorcavalcanti.com.br\/index.php\/wp-json\/wp\/v2\/tags?post=34215"}],"curies":[{"name":"wp","href":"https:\/\/api.w.org\/{rel}","templated":true}]}}