{"id":34486,"date":"2024-05-25T07:59:49","date_gmt":"2024-05-25T10:59:49","guid":{"rendered":"https:\/\/blogdojuniorcavalcanti.com.br\/?p=34486"},"modified":"2024-05-25T07:59:49","modified_gmt":"2024-05-25T10:59:49","slug":"lula-lamenta-confirmacao-de-morte-de-brasileiro-mantido-refem-pelo-hamas","status":"publish","type":"post","link":"https:\/\/blogdojuniorcavalcanti.com.br\/index.php\/2024\/05\/25\/lula-lamenta-confirmacao-de-morte-de-brasileiro-mantido-refem-pelo-hamas\/","title":{"rendered":"Lula lamenta confirma\u00e7\u00e3o de morte de brasileiro mantido ref\u00e9m pelo Hamas"},"content":{"rendered":"<p style=\"text-align: justify;\"><span style=\"font-size: 14pt;\"><img fetchpriority=\"high\" decoding=\"async\" class=\"alignleft wp-image-275978 jetpack-lazy-image jetpack-lazy-image--handled\" src=\"https:\/\/i1.wp.com\/nilljunior.com.br\/wp-content\/uploads\/2024\/01\/lula2.jpg?resize=400%2C284&amp;ssl=1\" sizes=\"(max-width: 400px) 100vw, 400px\" srcset=\"https:\/\/i1.wp.com\/nilljunior.com.br\/wp-content\/uploads\/2024\/01\/lula2.jpg?w=437&amp;ssl=1 437w, https:\/\/i1.wp.com\/nilljunior.com.br\/wp-content\/uploads\/2024\/01\/lula2.jpg?resize=300%2C213&amp;ssl=1 300w\" alt=\"\" width=\"400\" height=\"284\" data-attachment-id=\"275978\" data-permalink=\"https:\/\/nilljunior.com.br\/lula-diz-saber-sobre-relacao-dificil-de-raquel-com-alepe-a-gente-nao-pode-errar-na-politica\/lula2-6\/\" data-orig-file=\"https:\/\/i1.wp.com\/nilljunior.com.br\/wp-content\/uploads\/2024\/01\/lula2.jpg?fit=437%2C310&amp;ssl=1\" data-orig-size=\"437,310\" data-comments-opened=\"1\" data-image-meta=\"{&quot;aperture&quot;:&quot;0&quot;,&quot;credit&quot;:&quot;&quot;,&quot;camera&quot;:&quot;&quot;,&quot;caption&quot;:&quot;&quot;,&quot;created_timestamp&quot;:&quot;0&quot;,&quot;copyright&quot;:&quot;&quot;,&quot;focal_length&quot;:&quot;0&quot;,&quot;iso&quot;:&quot;0&quot;,&quot;shutter_speed&quot;:&quot;0&quot;,&quot;title&quot;:&quot;&quot;,&quot;orientation&quot;:&quot;0&quot;}\" data-image-title=\"lula2\" data-image-description=\"\" data-medium-file=\"https:\/\/i1.wp.com\/nilljunior.com.br\/wp-content\/uploads\/2024\/01\/lula2.jpg?fit=300%2C213&amp;ssl=1\" data-large-file=\"https:\/\/i1.wp.com\/nilljunior.com.br\/wp-content\/uploads\/2024\/01\/lula2.jpg?fit=437%2C310&amp;ssl=1\" data-recalc-dims=\"1\" data-lazy-loaded=\"1\" \/><span style=\"font-family: arial, helvetica, sans-serif;\">O presidente Luiz In\u00e1cio Lula da Silva lamentou a morte do brasileiro Michel Nisembaum, de 59 anos. A morte foi confirmada nesta sexta-feira (24), pelo Ex\u00e9rcito israelense, que informou ter recuperado os corpos de tr\u00eas ref\u00e9ns do Hamas. Entre eles, o do brasileiro.<\/span><\/span><\/p>\n<p style=\"text-align: justify;\"><span style=\"font-size: 14pt; font-family: arial, helvetica, sans-serif;\">\u201cSoube, com imensa tristeza, da morte de Michel Nisembaum. Conheci sua irm\u00e3 e filha, e sei do amor imenso que sua fam\u00edlia tinha por ele. Minha solidariedade aos familiares e amigos de Michel\u201d, afirmou o presidente Lula em uma postagem na rede social X (antigo Twitter).<\/span><\/p>\n<p style=\"text-align: justify;\"><span style=\"font-size: 14pt; font-family: arial, helvetica, sans-serif;\">\u201cO Brasil continuar\u00e1 lutando, e seguiremos engajados nos esfor\u00e7os para que todos os ref\u00e9ns sejam libertados, para que tenhamos um cessar-fogo e a paz para os povos de Israel e da Palestina\u201d, completou o presidente.<\/span><\/p>\n","protected":false},"excerpt":{"rendered":"<p>O presidente Luiz In&aacute;cio Lula da Silva lamentou a morte do brasileiro Michel Nisembaum, de 59 anos. A morte foi confirmada nesta sexta-feira (24), pelo Ex&eacute;rcito israelense, que informou ter recuperado os corpos de tr&ecirc;s ref&eacute;ns do Hamas. Entre eles, o do brasileiro. &ldquo;Soube, com imensa tristeza, da morte de Michel Nisembaum. Conheci sua irm&atilde; e filha, e sei do amor imenso que sua fam&iacute;lia tinha por ele. Minha solidariedade aos familiares e amigos de Michel&rdquo;, afirmou o presidente Lula em uma postagem na rede social X (antigo Twitter). &ldquo;O Brasil continuar&aacute; lutando, e seguiremos engajados nos esfor&ccedil;os para que &#8230; <\/p>\n<p class=\"read-more-container\"><a title=\"Lula lamenta confirma\u00e7\u00e3o de morte de brasileiro mantido ref\u00e9m pelo Hamas\" class=\"read-more button\" href=\"https:\/\/blogdojuniorcavalcanti.com.br\/index.php\/2024\/05\/25\/lula-lamenta-confirmacao-de-morte-de-brasileiro-mantido-refem-pelo-hamas\/#more-34486\" aria-label=\"More on Lula lamenta confirma\u00e7\u00e3o de morte de brasileiro mantido ref\u00e9m pelo Hamas\">Leia mais<\/a><\/p>\n","protected":false},"author":2,"featured_media":0,"comment_status":"open","ping_status":"open","sticky":false,"template":"","format":"standard","meta":{"footnotes":""},"categories":[26],"tags":[],"class_list":["post-34486","post","type-post","status-publish","format-standard","hentry","category-noticias"],"_links":{"self":[{"href":"https:\/\/blogdojuniorcavalcanti.com.br\/index.php\/wp-json\/wp\/v2\/posts\/34486","targetHints":{"allow":["GET"]}}],"collection":[{"href":"https:\/\/blogdojuniorcavalcanti.com.br\/index.php\/wp-json\/wp\/v2\/posts"}],"about":[{"href":"https:\/\/blogdojuniorcavalcanti.com.br\/index.php\/wp-json\/wp\/v2\/types\/post"}],"author":[{"embeddable":true,"href":"https:\/\/blogdojuniorcavalcanti.com.br\/index.php\/wp-json\/wp\/v2\/users\/2"}],"replies":[{"embeddable":true,"href":"https:\/\/blogdojuniorcavalcanti.com.br\/index.php\/wp-json\/wp\/v2\/comments?post=34486"}],"version-history":[{"count":1,"href":"https:\/\/blogdojuniorcavalcanti.com.br\/index.php\/wp-json\/wp\/v2\/posts\/34486\/revisions"}],"predecessor-version":[{"id":34487,"href":"https:\/\/blogdojuniorcavalcanti.com.br\/index.php\/wp-json\/wp\/v2\/posts\/34486\/revisions\/34487"}],"wp:attachment":[{"href":"https:\/\/blogdojuniorcavalcanti.com.br\/index.php\/wp-json\/wp\/v2\/media?parent=34486"}],"wp:term":[{"taxonomy":"category","embeddable":true,"href":"https:\/\/blogdojuniorcavalcanti.com.br\/index.php\/wp-json\/wp\/v2\/categories?post=34486"},{"taxonomy":"post_tag","embeddable":true,"href":"https:\/\/blogdojuniorcavalcanti.com.br\/index.php\/wp-json\/wp\/v2\/tags?post=34486"}],"curies":[{"name":"wp","href":"https:\/\/api.w.org\/{rel}","templated":true}]}}