{"id":34692,"date":"2024-06-03T04:46:59","date_gmt":"2024-06-03T07:46:59","guid":{"rendered":"https:\/\/blogdojuniorcavalcanti.com.br\/?p=34692"},"modified":"2024-06-03T04:46:59","modified_gmt":"2024-06-03T07:46:59","slug":"prefeitura-de-afogados-da-ingazeira-premiou-contribuintes-na-noite-deste-domingo","status":"publish","type":"post","link":"https:\/\/blogdojuniorcavalcanti.com.br\/index.php\/2024\/06\/03\/prefeitura-de-afogados-da-ingazeira-premiou-contribuintes-na-noite-deste-domingo\/","title":{"rendered":"Prefeitura de Afogados da Ingazeira premiou contribuintes na noite deste domingo"},"content":{"rendered":"<p style=\"text-align: justify;\"><span style=\"font-size: 14pt; font-family: arial, helvetica, sans-serif;\">A Prefeitura de Afogados da Ingazeira realizou na noite deste domingo (02) o sorteio de mais uma edi\u00e7\u00e3o do IPTU premiado, referente ao ano fiscal 2023. Sob a coordena\u00e7\u00e3o da Secretaria Municipal de Finan\u00e7as, o sorteio aconteceu na pra\u00e7a Monsenhor Alfredo de Arruda C\u00e2mara, em frente \u00e0 catedral do Senhor Bom Jesus dos Rem\u00e9dios.<\/span><\/p>\n<p style=\"text-align: justify;\"><span style=\"font-size: 14pt; font-family: arial, helvetica, sans-serif;\">Puderam participar contribuintes em dia com os seus tributos municipais. Foram sorteados 01 Fiat Mob 0 Km (no valor de R$ 79.900), 02 motos Shineray SHI 175 (no valor de R$ 16.179 cada), 02 geladeiras (no valor de R$ 2.299 cada) e 02 TVs LED 32\u2033 (no valor de R$ 1.099 cada).<\/span><\/p>\n<p style=\"text-align: justify;\"><span style=\"font-size: 14pt; font-family: arial, helvetica, sans-serif;\">A premia\u00e7\u00e3o teve um valor total de R$ 119.054. O sorteio foi comandado pelo prefeito Alessandro Palmeira, que sorteou a ganhadora do ve\u00edculo Fiat Mobi, a contribuinte Cleonice Maria da Silva, moradora da primeira travessa Pedro Batista Tavares, no centro de Afogados da Ingazeira.<\/span><\/p>\n<p style=\"text-align: justify;\"><span style=\"font-size: 14pt; font-family: arial, helvetica, sans-serif;\">\u201c\u00c9 com a ajuda dos nossos cidad\u00e3os e cidad\u00e3s, que pagam seus tributos em dia, que conseguimos levar obras de pavimenta\u00e7\u00e3o para os nossos bairros, ampliar o servi\u00e7o de ilumina\u00e7\u00e3o p\u00fablica, promover a reforma de nossas escolas, dentre tantas outras a\u00e7\u00f5es importantes. Passamos o ano passado inteiro entregando uma obra ou a\u00e7\u00e3o por semana. Parte disso foi com recursos oriundos dos nossos contribuintes. Nada mais justo do que reconhecermos essa contribui\u00e7\u00e3o, premiando quem tanto ajuda Afogados a crescer\u201d, destacou o prefeito.<\/span><\/p>\n<p style=\"text-align: justify;\"><span style=\"font-size: 14pt; font-family: arial, helvetica, sans-serif;\">O sorteio contou com as presen\u00e7as do vice-prefeito Daniel Valadares; secret\u00e1rio de Finan\u00e7as, Jandyson Henrique; vereadores C\u00e9sar Ten\u00f3rio, Douglas Eletricista e Toinho da Ponte, al\u00e9m dos secret\u00e1rios Od\u00edlio Lopes (Governo), Augusto Martins (Cultura e Esportes), Flaviana Rosa (Transportes), Valberto Amaral (Agricultura), e do coordenador da defesa civil de Afogados, Fernando Moraes.<\/span><\/p>\n<p style=\"text-align: justify;\"><span style=\"font-size: 14pt; font-family: arial, helvetica, sans-serif;\"><strong>Confira a rela\u00e7\u00e3o completa dos ganhadores do IPTU premiado:<\/strong><\/span><\/p>\n<p style=\"text-align: justify;\"><span style=\"font-size: 14pt; font-family: arial, helvetica, sans-serif;\"><strong>TV 01<\/strong><\/span><\/p>\n<ul style=\"text-align: justify;\">\n<li><span style=\"font-size: 14pt; font-family: arial, helvetica, sans-serif;\">Contribuinte: Jos\u00e9 Maciel Lima Lopes<\/span><\/li>\n<li><span style=\"font-size: 14pt; font-family: arial, helvetica, sans-serif;\">Endere\u00e7o: Rua Rosa Nunes da Silva, s\/n, bairro S\u00e3o Francisco.<\/span><\/li>\n<\/ul>\n<p style=\"text-align: justify;\"><span style=\"font-size: 14pt; font-family: arial, helvetica, sans-serif;\"><strong>TV 2<\/strong><\/span><\/p>\n<ul style=\"text-align: justify;\">\n<li><span style=\"font-size: 14pt; font-family: arial, helvetica, sans-serif;\">Contribuinte: Jos\u00e9 Gomes Sobrinho<\/span><\/li>\n<li><span style=\"font-size: 14pt; font-family: arial, helvetica, sans-serif;\">Endere\u00e7o: Rua Ulisses Alves Barbosa, bairro Campinhos,\u00a0 Loteamento Vila Paje\u00fa, Quadra S, Lote 04.<\/span><\/li>\n<\/ul>\n<p style=\"text-align: justify;\"><span style=\"font-size: 14pt; font-family: arial, helvetica, sans-serif;\"><strong>Geladeira 01<\/strong><\/span><\/p>\n<ul style=\"text-align: justify;\">\n<li><span style=\"font-size: 14pt; font-family: arial, helvetica, sans-serif;\">Contribuinte: Charline Pires Liberal<\/span><\/li>\n<li><span style=\"font-size: 14pt; font-family: arial, helvetica, sans-serif;\">Endere\u00e7o: Rua Janete Cleia Silva Siqueira, n\u00b0 183, bairro S\u00e3o Braz.<\/span><\/li>\n<\/ul>\n<p style=\"text-align: justify;\"><span style=\"font-size: 14pt; font-family: arial, helvetica, sans-serif;\"><strong>Geladeira 02<\/strong><\/span><\/p>\n<ul style=\"text-align: justify;\">\n<li><span style=\"font-size: 14pt; font-family: arial, helvetica, sans-serif;\">Contribuinte: Sanderson Marques Pereira<\/span><\/li>\n<li><span style=\"font-size: 14pt; font-family: arial, helvetica, sans-serif;\">Endere\u00e7o: Rua Ant\u00f4nio Jos\u00e9 dos Santos, n\u00b0 36, bairro S\u00e3o Francisco.<\/span><\/li>\n<\/ul>\n<p style=\"text-align: justify;\"><span style=\"font-size: 14pt; font-family: arial, helvetica, sans-serif;\"><strong>Moto 01 \u2013 Vermelha<\/strong><\/span><\/p>\n<ul style=\"text-align: justify;\">\n<li><span style=\"font-size: 14pt; font-family: arial, helvetica, sans-serif;\">Contribuinte: Pedro Jos\u00e9 do Nascimento.<\/span><\/li>\n<li><span style=\"font-size: 14pt; font-family: arial, helvetica, sans-serif;\">Endere\u00e7o: Rua Luiz de Ernesto, s\/n, bairro Planalto, Loteamento Cidade Nova, Quadra G, Lote 14.<\/span><\/li>\n<\/ul>\n<p style=\"text-align: justify;\"><span style=\"font-size: 14pt; font-family: arial, helvetica, sans-serif;\"><strong>Moto 02 \u2013 Branca<\/strong><\/span><\/p>\n<ul style=\"text-align: justify;\">\n<li><span style=\"font-size: 14pt; font-family: arial, helvetica, sans-serif;\">Contribuinte: Carlos Roberto Ramos Marques.<\/span><\/li>\n<li><span style=\"font-size: 14pt; font-family: arial, helvetica, sans-serif;\">Endere\u00e7o: Rua Jos\u00e9 Pereira de S\u00e1, n\u00b0 236, bairro S\u00e3o Francisco.<\/span><\/li>\n<\/ul>\n<p style=\"text-align: justify;\"><span style=\"font-size: 14pt; font-family: arial, helvetica, sans-serif;\"><strong>Carro: Fiar Mob<\/strong><\/span><\/p>\n<ul>\n<li style=\"text-align: justify;\"><span style=\"font-size: 14pt; font-family: arial, helvetica, sans-serif;\">Contribuinte: Cleonice Maria da Silva.<\/span><\/li>\n<li style=\"text-align: justify;\"><span style=\"font-size: 14pt; font-family: arial, helvetica, sans-serif;\">Endere\u00e7o: 1\u00b0 Travessa Pedro Batista Tavares, n\u00b0 65, bairro Centro.<\/span><\/li>\n<\/ul>\n","protected":false},"excerpt":{"rendered":"<p>A Prefeitura de Afogados da Ingazeira realizou na noite deste domingo (02) o sorteio de mais uma edi&ccedil;&atilde;o do IPTU premiado, referente ao ano fiscal 2023. Sob a coordena&ccedil;&atilde;o da Secretaria Municipal de Finan&ccedil;as, o sorteio aconteceu na pra&ccedil;a Monsenhor Alfredo de Arruda C&acirc;mara, em frente &agrave; catedral do Senhor Bom Jesus dos Rem&eacute;dios. Puderam participar contribuintes em dia com os seus tributos municipais. Foram sorteados 01 Fiat Mob 0 Km (no valor de R$ 79.900), 02 motos Shineray SHI 175 (no valor de R$ 16.179 cada), 02 geladeiras (no valor de R$ 2.299 cada) e 02 TVs LED 32&Prime; &#8230; <\/p>\n<p class=\"read-more-container\"><a title=\"Prefeitura de Afogados da Ingazeira premiou contribuintes na noite deste domingo\" class=\"read-more button\" href=\"https:\/\/blogdojuniorcavalcanti.com.br\/index.php\/2024\/06\/03\/prefeitura-de-afogados-da-ingazeira-premiou-contribuintes-na-noite-deste-domingo\/#more-34692\" aria-label=\"More on Prefeitura de Afogados da Ingazeira premiou contribuintes na noite deste domingo\">Leia mais<\/a><\/p>\n","protected":false},"author":2,"featured_media":34693,"comment_status":"open","ping_status":"open","sticky":false,"template":"","format":"standard","meta":{"footnotes":""},"categories":[25],"tags":[],"class_list":["post-34692","post","type-post","status-publish","format-standard","has-post-thumbnail","hentry","category-destaque","resize-featured-image"],"_links":{"self":[{"href":"https:\/\/blogdojuniorcavalcanti.com.br\/index.php\/wp-json\/wp\/v2\/posts\/34692","targetHints":{"allow":["GET"]}}],"collection":[{"href":"https:\/\/blogdojuniorcavalcanti.com.br\/index.php\/wp-json\/wp\/v2\/posts"}],"about":[{"href":"https:\/\/blogdojuniorcavalcanti.com.br\/index.php\/wp-json\/wp\/v2\/types\/post"}],"author":[{"embeddable":true,"href":"https:\/\/blogdojuniorcavalcanti.com.br\/index.php\/wp-json\/wp\/v2\/users\/2"}],"replies":[{"embeddable":true,"href":"https:\/\/blogdojuniorcavalcanti.com.br\/index.php\/wp-json\/wp\/v2\/comments?post=34692"}],"version-history":[{"count":1,"href":"https:\/\/blogdojuniorcavalcanti.com.br\/index.php\/wp-json\/wp\/v2\/posts\/34692\/revisions"}],"predecessor-version":[{"id":34694,"href":"https:\/\/blogdojuniorcavalcanti.com.br\/index.php\/wp-json\/wp\/v2\/posts\/34692\/revisions\/34694"}],"wp:featuredmedia":[{"embeddable":true,"href":"https:\/\/blogdojuniorcavalcanti.com.br\/index.php\/wp-json\/wp\/v2\/media\/34693"}],"wp:attachment":[{"href":"https:\/\/blogdojuniorcavalcanti.com.br\/index.php\/wp-json\/wp\/v2\/media?parent=34692"}],"wp:term":[{"taxonomy":"category","embeddable":true,"href":"https:\/\/blogdojuniorcavalcanti.com.br\/index.php\/wp-json\/wp\/v2\/categories?post=34692"},{"taxonomy":"post_tag","embeddable":true,"href":"https:\/\/blogdojuniorcavalcanti.com.br\/index.php\/wp-json\/wp\/v2\/tags?post=34692"}],"curies":[{"name":"wp","href":"https:\/\/api.w.org\/{rel}","templated":true}]}}