{"id":3470,"date":"2019-01-10T18:27:14","date_gmt":"2019-01-10T21:27:14","guid":{"rendered":"http:\/\/blogdojuniorcavalcanti.com.br\/?p=3470"},"modified":"2019-01-10T18:27:14","modified_gmt":"2019-01-10T21:27:14","slug":"renovada-assembleia-legislativa-de-pernambuco-se-reorganiza-para-nova-legislatura","status":"publish","type":"post","link":"https:\/\/blogdojuniorcavalcanti.com.br\/index.php\/2019\/01\/10\/renovada-assembleia-legislativa-de-pernambuco-se-reorganiza-para-nova-legislatura\/","title":{"rendered":"Renovada, Assembleia Legislativa de Pernambuco se reorganiza para nova legislatura"},"content":{"rendered":"<p style=\"text-align: justify;\"><img fetchpriority=\"high\" decoding=\"async\" class=\"size-medium wp-image-141640 alignleft\" src=\"https:\/\/i0.wp.com\/nilljunior.com.br\/wp-content\/uploads\/2019\/01\/9D936E10-DE23-485A-8E57-2F2A88AF6051.jpeg?resize=300%2C171\" sizes=\"(max-width: 300px) 100vw, 300px\" srcset=\"https:\/\/i0.wp.com\/nilljunior.com.br\/wp-content\/uploads\/2019\/01\/9D936E10-DE23-485A-8E57-2F2A88AF6051.jpeg?resize=300%2C171 300w, https:\/\/i0.wp.com\/nilljunior.com.br\/wp-content\/uploads\/2019\/01\/9D936E10-DE23-485A-8E57-2F2A88AF6051.jpeg?w=350 350w\" alt=\"\" width=\"300\" height=\"171\" data-attachment-id=\"141640\" data-permalink=\"http:\/\/nilljunior.com.br\/renovada-assembleia-legislativa-de-pernambuco-se-reorganiza-para-nova-legislatura\/9d936e10-de23-485a-8e57-2f2a88af6051\/\" data-orig-file=\"https:\/\/i0.wp.com\/nilljunior.com.br\/wp-content\/uploads\/2019\/01\/9D936E10-DE23-485A-8E57-2F2A88AF6051.jpeg?fit=350%2C200\" data-orig-size=\"350,200\" data-comments-opened=\"1\" data-image-meta=\"{&quot;aperture&quot;:&quot;0&quot;,&quot;credit&quot;:&quot;&quot;,&quot;camera&quot;:&quot;&quot;,&quot;caption&quot;:&quot;&quot;,&quot;created_timestamp&quot;:&quot;0&quot;,&quot;copyright&quot;:&quot;&quot;,&quot;focal_length&quot;:&quot;0&quot;,&quot;iso&quot;:&quot;0&quot;,&quot;shutter_speed&quot;:&quot;0&quot;,&quot;title&quot;:&quot;&quot;,&quot;orientation&quot;:&quot;0&quot;}\" data-image-title=\"9D936E10-DE23-485A-8E57-2F2A88AF6051\" data-image-description=\"\" data-medium-file=\"https:\/\/i0.wp.com\/nilljunior.com.br\/wp-content\/uploads\/2019\/01\/9D936E10-DE23-485A-8E57-2F2A88AF6051.jpeg?fit=300%2C171\" data-large-file=\"https:\/\/i0.wp.com\/nilljunior.com.br\/wp-content\/uploads\/2019\/01\/9D936E10-DE23-485A-8E57-2F2A88AF6051.jpeg?fit=350%2C200\" \/><span style=\"font-size: 14pt; font-family: arial, helvetica, sans-serif;\">A partir de fevereiro, com o in\u00edcio de mais uma legislatura, a Assembleia Legislativa de Pernambuco (Alepe) ter\u00e1 24 novos deputados no quadro parlamentar.<\/span><\/p>\n<p style=\"text-align: justify;\"><span style=\"font-size: 14pt; font-family: arial, helvetica, sans-serif;\">A renova\u00e7\u00e3o de 48,9% traz reorganiza\u00e7\u00e3o no quadro do Parlamento estadual, inclusive no \u00e2mbito das pol\u00edticas voltadas \u00e0 melhoria das condi\u00e7\u00f5es de vida da popula\u00e7\u00e3o.<\/span><\/p>\n<p style=\"text-align: justify;\"><span style=\"font-size: 14pt; font-family: arial, helvetica, sans-serif;\">Representando o Sert\u00e3o e, pela primeira vez ocupando um cargo p\u00fablico, o deputado eleito Fabrizio Ferraz (PHS) tem como base eleitoral a cidade de Floresta.<\/span><\/p>\n<p style=\"text-align: justify;\"><span style=\"font-size: 14pt; font-family: arial, helvetica, sans-serif;\">Para ele, o fato do Sert\u00e3o ter menos deputados do que outras mesorregi\u00f5es do estado exp\u00f5e a desigualdade de representa\u00e7\u00e3o na Casa Joaquim Nabuco. Fabrizio tamb\u00e9m pontuou que esse fator interfere na rela\u00e7\u00e3o do Poder P\u00fablico com as necessidades da popula\u00e7\u00e3o.<\/span><\/p>\n<p style=\"text-align: justify;\"><span style=\"font-size: 14pt; font-family: arial, helvetica, sans-serif;\">\u201cExiste fragilidade pol\u00edtica muito grande na regi\u00e3o, com problemas na sa\u00fade e na seguran\u00e7a, por exemplo, e tamb\u00e9m na gera\u00e7\u00e3o de emprego e renda. Existem poucas pol\u00edticas p\u00fablicas no potencial tur\u00edstico da regi\u00e3o de Itaparica, nas \u00e1reas de caprinocultura, agricultura e piscicultura tamb\u00e9m\u201d, pontuou Ferraz.<\/span><\/p>\n<p style=\"text-align: justify;\"><span style=\"font-size: 14pt; font-family: arial, helvetica, sans-serif;\">Ele tamb\u00e9m disse que propor\u00e1 cursos e capacita\u00e7\u00f5es na \u00e1rea de consumo e couro para profissionais, bem como cr\u00e9ditos para bancos do Nordeste oferecerem cr\u00e9ditos de investimento para produ\u00e7\u00f5es na regi\u00e3o. O parlamentar eleito confirmou que far\u00e1 parte da base de apoio do governador Paulo C\u00e2mara (PSB). Do DP.<\/span><\/p>\n","protected":false},"excerpt":{"rendered":"<p>A partir de fevereiro, com o in&iacute;cio de mais uma legislatura, a Assembleia Legislativa de Pernambuco (Alepe) ter&aacute; 24 novos deputados no quadro parlamentar. A renova&ccedil;&atilde;o de 48,9% traz reorganiza&ccedil;&atilde;o no quadro do Parlamento estadual, inclusive no &acirc;mbito das pol&iacute;ticas voltadas &agrave; melhoria das condi&ccedil;&otilde;es de vida da popula&ccedil;&atilde;o. Representando o Sert&atilde;o e, pela primeira vez ocupando um cargo p&uacute;blico, o deputado eleito Fabrizio Ferraz (PHS) tem como base eleitoral a cidade de Floresta. Para ele, o fato do Sert&atilde;o ter menos deputados do que outras mesorregi&otilde;es do estado exp&otilde;e a desigualdade de representa&ccedil;&atilde;o na Casa Joaquim Nabuco. Fabrizio tamb&eacute;m &#8230; <\/p>\n<p class=\"read-more-container\"><a title=\"Renovada, Assembleia Legislativa de Pernambuco se reorganiza para nova legislatura\" class=\"read-more button\" href=\"https:\/\/blogdojuniorcavalcanti.com.br\/index.php\/2019\/01\/10\/renovada-assembleia-legislativa-de-pernambuco-se-reorganiza-para-nova-legislatura\/#more-3470\" aria-label=\"More on Renovada, Assembleia Legislativa de Pernambuco se reorganiza para nova legislatura\">Leia mais<\/a><\/p>\n","protected":false},"author":2,"featured_media":0,"comment_status":"open","ping_status":"open","sticky":false,"template":"","format":"standard","meta":{"footnotes":""},"categories":[1],"tags":[],"class_list":["post-3470","post","type-post","status-publish","format-standard","hentry","category-sem-categoria"],"_links":{"self":[{"href":"https:\/\/blogdojuniorcavalcanti.com.br\/index.php\/wp-json\/wp\/v2\/posts\/3470","targetHints":{"allow":["GET"]}}],"collection":[{"href":"https:\/\/blogdojuniorcavalcanti.com.br\/index.php\/wp-json\/wp\/v2\/posts"}],"about":[{"href":"https:\/\/blogdojuniorcavalcanti.com.br\/index.php\/wp-json\/wp\/v2\/types\/post"}],"author":[{"embeddable":true,"href":"https:\/\/blogdojuniorcavalcanti.com.br\/index.php\/wp-json\/wp\/v2\/users\/2"}],"replies":[{"embeddable":true,"href":"https:\/\/blogdojuniorcavalcanti.com.br\/index.php\/wp-json\/wp\/v2\/comments?post=3470"}],"version-history":[{"count":1,"href":"https:\/\/blogdojuniorcavalcanti.com.br\/index.php\/wp-json\/wp\/v2\/posts\/3470\/revisions"}],"predecessor-version":[{"id":3471,"href":"https:\/\/blogdojuniorcavalcanti.com.br\/index.php\/wp-json\/wp\/v2\/posts\/3470\/revisions\/3471"}],"wp:attachment":[{"href":"https:\/\/blogdojuniorcavalcanti.com.br\/index.php\/wp-json\/wp\/v2\/media?parent=3470"}],"wp:term":[{"taxonomy":"category","embeddable":true,"href":"https:\/\/blogdojuniorcavalcanti.com.br\/index.php\/wp-json\/wp\/v2\/categories?post=3470"},{"taxonomy":"post_tag","embeddable":true,"href":"https:\/\/blogdojuniorcavalcanti.com.br\/index.php\/wp-json\/wp\/v2\/tags?post=3470"}],"curies":[{"name":"wp","href":"https:\/\/api.w.org\/{rel}","templated":true}]}}