{"id":35028,"date":"2024-06-14T11:02:06","date_gmt":"2024-06-14T14:02:06","guid":{"rendered":"https:\/\/blogdojuniorcavalcanti.com.br\/?p=35028"},"modified":"2024-06-14T11:02:06","modified_gmt":"2024-06-14T14:02:06","slug":"eclerinton-ramos-agradece-a-pm-por-acao-que-salvou-sua-filha","status":"publish","type":"post","link":"https:\/\/blogdojuniorcavalcanti.com.br\/index.php\/2024\/06\/14\/eclerinton-ramos-agradece-a-pm-por-acao-que-salvou-sua-filha\/","title":{"rendered":"Ecl\u00e9rinton Ramos agradece \u00e0 PM por a\u00e7\u00e3o que salvou sua filha"},"content":{"rendered":"<p style=\"text-align: justify;\"><span style=\"font-size: 14pt;\"><img fetchpriority=\"high\" decoding=\"async\" class=\"alignleft wp-image-284554 jetpack-lazy-image jetpack-lazy-image--handled\" src=\"https:\/\/i2.wp.com\/nilljunior.com.br\/wp-content\/uploads\/2024\/06\/eclemarina.jpg?resize=400%2C365&amp;ssl=1\" sizes=\"(max-width: 400px) 100vw, 400px\" srcset=\"https:\/\/i2.wp.com\/nilljunior.com.br\/wp-content\/uploads\/2024\/06\/eclemarina.jpg?w=534&amp;ssl=1 534w, https:\/\/i2.wp.com\/nilljunior.com.br\/wp-content\/uploads\/2024\/06\/eclemarina.jpg?resize=274%2C250&amp;ssl=1 274w, https:\/\/i2.wp.com\/nilljunior.com.br\/wp-content\/uploads\/2024\/06\/eclemarina.jpg?resize=439%2C400&amp;ssl=1 439w\" alt=\"\" width=\"400\" height=\"365\" data-attachment-id=\"284554\" data-permalink=\"https:\/\/nilljunior.com.br\/eclerinton-ramos-agradece-a-pm-por-acao-que-salvou-sua-filha\/eclemarina\/\" data-orig-file=\"https:\/\/i2.wp.com\/nilljunior.com.br\/wp-content\/uploads\/2024\/06\/eclemarina.jpg?fit=534%2C487&amp;ssl=1\" data-orig-size=\"534,487\" data-comments-opened=\"1\" data-image-meta=\"{&quot;aperture&quot;:&quot;0&quot;,&quot;credit&quot;:&quot;&quot;,&quot;camera&quot;:&quot;&quot;,&quot;caption&quot;:&quot;&quot;,&quot;created_timestamp&quot;:&quot;0&quot;,&quot;copyright&quot;:&quot;&quot;,&quot;focal_length&quot;:&quot;0&quot;,&quot;iso&quot;:&quot;0&quot;,&quot;shutter_speed&quot;:&quot;0&quot;,&quot;title&quot;:&quot;&quot;,&quot;orientation&quot;:&quot;0&quot;}\" data-image-title=\"eclemarina\" data-image-description=\"\" data-medium-file=\"https:\/\/i2.wp.com\/nilljunior.com.br\/wp-content\/uploads\/2024\/06\/eclemarina.jpg?fit=274%2C250&amp;ssl=1\" data-large-file=\"https:\/\/i2.wp.com\/nilljunior.com.br\/wp-content\/uploads\/2024\/06\/eclemarina.jpg?fit=439%2C400&amp;ssl=1\" data-recalc-dims=\"1\" data-lazy-loaded=\"1\" \/><span style=\"font-family: arial, helvetica, sans-serif;\">O m\u00e9dico e vice-prefeito Ecl\u00e9riston Ramos emitiu uma nota de agradecimento aos policiais militares de Pernambuco, em especial aos que trabalharam no caso do sequestro e do roubo do carro de sua filha, ocorrido nessa quinta (13).<\/span><\/span><\/p>\n<p style=\"text-align: justify;\"><span style=\"font-size: 14pt; font-family: arial, helvetica, sans-serif;\">A tamb\u00e9m m\u00e9dica Marina Ramos foi rendida na sa\u00edda de sua casa, no Bairro Planalto, e levada junto com seu carro, por um assaltante que estava fugindo da Policia depois de ter roubado outro ve\u00edculo.<\/span><\/p>\n<p style=\"text-align: justify;\"><span style=\"font-size: 14pt; font-family: arial, helvetica, sans-serif;\">Ecl\u00e9riston fez quest\u00e3o de agradecer e reconhecer, o importante trabalho que os homens e mulheres que formam a Policia Militar de Pernambuco tem no combate a criminalidade, e a prote\u00e7\u00e3o \u00e0s pessoas.<\/span><\/p>\n<p style=\"text-align: justify;\"><span style=\"font-size: 14pt; font-family: arial, helvetica, sans-serif;\"><strong>Confira a nota de agradecimento na \u00edntegra:<\/strong><\/span><\/p>\n<p style=\"text-align: justify;\"><span style=\"font-size: 14pt; font-family: arial, helvetica, sans-serif;\">Venho a p\u00fablico agradecer de cora\u00e7\u00e3o a toda corpora\u00e7\u00e3o da briosa Pol\u00edcia Militar de Pernambuco, em especial aos policiais que comp\u00f5e o 23\u00ba BPM e 3\u00ba BPM, com sedes em Afogados da Ingazeira e Arcoverde respectivamente. Aos militares que participaram diretamente da opera\u00e7\u00e3o que culminou com a libera\u00e7\u00e3o, sem ferimentos da minha filha Marina, e posteriormente a recupera\u00e7\u00e3o do seu ve\u00edculo. A esses homens e mulheres que diariamente arriscam suas vidas para proteger toda sociedade pernambucana, o meu muito obrigado, que Deus os proteja sempre, e que continuem firmes nessa miss\u00e3o t\u00e3o bonita.<\/span><\/p>\n<p style=\"text-align: justify;\"><span style=\"font-size: 14pt; font-family: arial, helvetica, sans-serif;\">Muito obrigado!<\/span><\/p>\n<p style=\"text-align: justify;\"><span style=\"font-size: 14pt; font-family: arial, helvetica, sans-serif;\"><strong>Ecl\u00e9riston Ramos<\/strong><\/span><br \/>\n<span style=\"font-size: 14pt; font-family: arial, helvetica, sans-serif;\"><strong>M\u00e9dico e vice-prefeito de S\u00e3o Jos\u00e9 do Egito<\/strong><\/span><\/p>\n","protected":false},"excerpt":{"rendered":"<p>O m&eacute;dico e vice-prefeito Ecl&eacute;riston Ramos emitiu uma nota de agradecimento aos policiais militares de Pernambuco, em especial aos que trabalharam no caso do sequestro e do roubo do carro de sua filha, ocorrido nessa quinta (13). A tamb&eacute;m m&eacute;dica Marina Ramos foi rendida na sa&iacute;da de sua casa, no Bairro Planalto, e levada junto com seu carro, por um assaltante que estava fugindo da Policia depois de ter roubado outro ve&iacute;culo. Ecl&eacute;riston fez quest&atilde;o de agradecer e reconhecer, o importante trabalho que os homens e mulheres que formam a Policia Militar de Pernambuco tem no combate a criminalidade, e &#8230; <\/p>\n<p class=\"read-more-container\"><a title=\"Ecl\u00e9rinton Ramos agradece \u00e0 PM por a\u00e7\u00e3o que salvou sua filha\" class=\"read-more button\" href=\"https:\/\/blogdojuniorcavalcanti.com.br\/index.php\/2024\/06\/14\/eclerinton-ramos-agradece-a-pm-por-acao-que-salvou-sua-filha\/#more-35028\" aria-label=\"More on Ecl\u00e9rinton Ramos agradece \u00e0 PM por a\u00e7\u00e3o que salvou sua filha\">Leia mais<\/a><\/p>\n","protected":false},"author":2,"featured_media":0,"comment_status":"open","ping_status":"open","sticky":false,"template":"","format":"standard","meta":{"footnotes":""},"categories":[26],"tags":[],"class_list":["post-35028","post","type-post","status-publish","format-standard","hentry","category-noticias"],"_links":{"self":[{"href":"https:\/\/blogdojuniorcavalcanti.com.br\/index.php\/wp-json\/wp\/v2\/posts\/35028","targetHints":{"allow":["GET"]}}],"collection":[{"href":"https:\/\/blogdojuniorcavalcanti.com.br\/index.php\/wp-json\/wp\/v2\/posts"}],"about":[{"href":"https:\/\/blogdojuniorcavalcanti.com.br\/index.php\/wp-json\/wp\/v2\/types\/post"}],"author":[{"embeddable":true,"href":"https:\/\/blogdojuniorcavalcanti.com.br\/index.php\/wp-json\/wp\/v2\/users\/2"}],"replies":[{"embeddable":true,"href":"https:\/\/blogdojuniorcavalcanti.com.br\/index.php\/wp-json\/wp\/v2\/comments?post=35028"}],"version-history":[{"count":1,"href":"https:\/\/blogdojuniorcavalcanti.com.br\/index.php\/wp-json\/wp\/v2\/posts\/35028\/revisions"}],"predecessor-version":[{"id":35029,"href":"https:\/\/blogdojuniorcavalcanti.com.br\/index.php\/wp-json\/wp\/v2\/posts\/35028\/revisions\/35029"}],"wp:attachment":[{"href":"https:\/\/blogdojuniorcavalcanti.com.br\/index.php\/wp-json\/wp\/v2\/media?parent=35028"}],"wp:term":[{"taxonomy":"category","embeddable":true,"href":"https:\/\/blogdojuniorcavalcanti.com.br\/index.php\/wp-json\/wp\/v2\/categories?post=35028"},{"taxonomy":"post_tag","embeddable":true,"href":"https:\/\/blogdojuniorcavalcanti.com.br\/index.php\/wp-json\/wp\/v2\/tags?post=35028"}],"curies":[{"name":"wp","href":"https:\/\/api.w.org\/{rel}","templated":true}]}}