{"id":35446,"date":"2024-07-03T09:09:45","date_gmt":"2024-07-03T12:09:45","guid":{"rendered":"https:\/\/blogdojuniorcavalcanti.com.br\/?p=35446"},"modified":"2024-07-03T09:09:45","modified_gmt":"2024-07-03T12:09:45","slug":"cinco-cidades-do-sertao-do-pajeu-tem-vagas-no-programa-mais-medicos","status":"publish","type":"post","link":"https:\/\/blogdojuniorcavalcanti.com.br\/index.php\/2024\/07\/03\/cinco-cidades-do-sertao-do-pajeu-tem-vagas-no-programa-mais-medicos\/","title":{"rendered":"Cinco cidades do Sert\u00e3o do Paje\u00fa tem vagas no programa Mais M\u00e9dicos"},"content":{"rendered":"<p style=\"text-align: justify;\"><span style=\"font-size: 14pt; font-family: arial, helvetica, sans-serif;\">Est\u00e3o abertas as inscri\u00e7\u00f5es para o programa Mais M\u00e9dicos, do governo federal, com 3.184 vagas em mais de 1.500 cidades brasileiras. Destas, 136 s\u00e3o distribu\u00eddas em 75 munic\u00edpios de Pernambuco, incluindo cinco do Sert\u00e3o do Paje\u00fa: Flores (uma vaga), Itapetim (uma vaga), S\u00e3o Jos\u00e9 do Egito (uma vaga), Serra Talhada (quatro vagas) e Tabira (uma vaga).<\/span><\/p>\n<p style=\"text-align: justify;\"><span style=\"font-size: 14pt; font-family: arial, helvetica, sans-serif;\">Os m\u00e9dicos selecionados receber\u00e3o uma bolsa-forma\u00e7\u00e3o de R$ 14.058 mensais, por at\u00e9 dois anos, com possibilidade de prorroga\u00e7\u00e3o pelo mesmo per\u00edodo. Al\u00e9m da bolsa, os profissionais t\u00eam direito a aux\u00edlio moradia e alimenta\u00e7\u00e3o, pagos diretamente pelo munic\u00edpio onde atuar\u00e3o.<\/span><\/p>\n<p style=\"text-align: justify;\"><span style=\"font-size: 14pt; font-family: arial, helvetica, sans-serif;\"><b>Podem participar da sele\u00e7\u00e3o:<\/b><\/span><\/p>\n<p style=\"text-align: justify;\"><span style=\"font-size: 14pt; font-family: arial, helvetica, sans-serif;\">M\u00e9dicos formados em universidades brasileiras ou com diplomas revalidados no Brasil, com registro no Conselho Regional de Medicina (CRM); m\u00e9dicos brasileiros habilitados para exercer a profiss\u00e3o no exterior; m\u00e9dicos estrangeiros habilitados para exercer a profiss\u00e3o no exterior; para m\u00e9dicos estrangeiros, o Minist\u00e9rio da Sa\u00fade exige conhecimento da l\u00edngua portuguesa e das regras de organiza\u00e7\u00e3o do Sistema \u00danico de Sa\u00fade (SUS).<\/span><\/p>\n<p style=\"text-align: justify;\"><span style=\"font-size: 14pt; font-family: arial, helvetica, sans-serif;\">Do total de vagas, 20% s\u00e3o reservadas para grupos \u00e9tnico-raciais e 9% para pessoas com defici\u00eancia, conforme o edital publicado na segunda-feira (1\u00ba).<\/span><\/p>\n<p style=\"text-align: justify;\"><span style=\"font-size: 14pt; font-family: arial, helvetica, sans-serif;\">Todos os candidatos devem estar com a situa\u00e7\u00e3o regular na esfera criminal da Justi\u00e7a nos \u00faltimos seis meses. M\u00e9dicos brasileiros tamb\u00e9m devem estar em dia com a Justi\u00e7a Eleitoral. As inscri\u00e7\u00f5es, que come\u00e7aram na manh\u00e3 desta ter\u00e7a-feira (2), estar\u00e3o abertas at\u00e9 as 18h do s\u00e1bado (6) e podem ser realizadas pela internet.<\/span><\/p>\n","protected":false},"excerpt":{"rendered":"<p>Est&atilde;o abertas as inscri&ccedil;&otilde;es para o programa Mais M&eacute;dicos, do governo federal, com 3.184 vagas em mais de 1.500 cidades brasileiras. Destas, 136 s&atilde;o distribu&iacute;das em 75 munic&iacute;pios de Pernambuco, incluindo cinco do Sert&atilde;o do Paje&uacute;: Flores (uma vaga), Itapetim (uma vaga), S&atilde;o Jos&eacute; do Egito (uma vaga), Serra Talhada (quatro vagas) e Tabira (uma vaga). Os m&eacute;dicos selecionados receber&atilde;o uma bolsa-forma&ccedil;&atilde;o de R$ 14.058 mensais, por at&eacute; dois anos, com possibilidade de prorroga&ccedil;&atilde;o pelo mesmo per&iacute;odo. Al&eacute;m da bolsa, os profissionais t&ecirc;m direito a aux&iacute;lio moradia e alimenta&ccedil;&atilde;o, pagos diretamente pelo munic&iacute;pio onde atuar&atilde;o. Podem participar da sele&ccedil;&atilde;o: M&eacute;dicos &#8230; <\/p>\n<p class=\"read-more-container\"><a title=\"Cinco cidades do Sert\u00e3o do Paje\u00fa tem vagas no programa Mais M\u00e9dicos\" class=\"read-more button\" href=\"https:\/\/blogdojuniorcavalcanti.com.br\/index.php\/2024\/07\/03\/cinco-cidades-do-sertao-do-pajeu-tem-vagas-no-programa-mais-medicos\/#more-35446\" aria-label=\"More on Cinco cidades do Sert\u00e3o do Paje\u00fa tem vagas no programa Mais M\u00e9dicos\">Leia mais<\/a><\/p>\n","protected":false},"author":2,"featured_media":35447,"comment_status":"open","ping_status":"open","sticky":false,"template":"","format":"standard","meta":{"footnotes":""},"categories":[25],"tags":[],"class_list":["post-35446","post","type-post","status-publish","format-standard","has-post-thumbnail","hentry","category-destaque","resize-featured-image"],"_links":{"self":[{"href":"https:\/\/blogdojuniorcavalcanti.com.br\/index.php\/wp-json\/wp\/v2\/posts\/35446","targetHints":{"allow":["GET"]}}],"collection":[{"href":"https:\/\/blogdojuniorcavalcanti.com.br\/index.php\/wp-json\/wp\/v2\/posts"}],"about":[{"href":"https:\/\/blogdojuniorcavalcanti.com.br\/index.php\/wp-json\/wp\/v2\/types\/post"}],"author":[{"embeddable":true,"href":"https:\/\/blogdojuniorcavalcanti.com.br\/index.php\/wp-json\/wp\/v2\/users\/2"}],"replies":[{"embeddable":true,"href":"https:\/\/blogdojuniorcavalcanti.com.br\/index.php\/wp-json\/wp\/v2\/comments?post=35446"}],"version-history":[{"count":1,"href":"https:\/\/blogdojuniorcavalcanti.com.br\/index.php\/wp-json\/wp\/v2\/posts\/35446\/revisions"}],"predecessor-version":[{"id":35448,"href":"https:\/\/blogdojuniorcavalcanti.com.br\/index.php\/wp-json\/wp\/v2\/posts\/35446\/revisions\/35448"}],"wp:featuredmedia":[{"embeddable":true,"href":"https:\/\/blogdojuniorcavalcanti.com.br\/index.php\/wp-json\/wp\/v2\/media\/35447"}],"wp:attachment":[{"href":"https:\/\/blogdojuniorcavalcanti.com.br\/index.php\/wp-json\/wp\/v2\/media?parent=35446"}],"wp:term":[{"taxonomy":"category","embeddable":true,"href":"https:\/\/blogdojuniorcavalcanti.com.br\/index.php\/wp-json\/wp\/v2\/categories?post=35446"},{"taxonomy":"post_tag","embeddable":true,"href":"https:\/\/blogdojuniorcavalcanti.com.br\/index.php\/wp-json\/wp\/v2\/tags?post=35446"}],"curies":[{"name":"wp","href":"https:\/\/api.w.org\/{rel}","templated":true}]}}