{"id":35745,"date":"2024-07-16T16:09:30","date_gmt":"2024-07-16T19:09:30","guid":{"rendered":"https:\/\/blogdojuniorcavalcanti.com.br\/?p=35745"},"modified":"2024-07-16T16:09:30","modified_gmt":"2024-07-16T19:09:30","slug":"sandrinho-e-danilo-comemoram-pesquisa-datatrends-na-pajeu","status":"publish","type":"post","link":"https:\/\/blogdojuniorcavalcanti.com.br\/index.php\/2024\/07\/16\/sandrinho-e-danilo-comemoram-pesquisa-datatrends-na-pajeu\/","title":{"rendered":"Sandrinho e Danilo comemoram pesquisa DataTrends na Paje\u00fa"},"content":{"rendered":"<p style=\"text-align: justify;\"><span style=\"font-size: 14pt;\"><img fetchpriority=\"high\" decoding=\"async\" class=\"alignleft wp-image-286616 jetpack-lazy-image jetpack-lazy-image--handled\" src=\"https:\/\/i1.wp.com\/nilljunior.com.br\/wp-content\/uploads\/2024\/07\/Screenshot_20240715_205057_Instagram-1.jpg?resize=400%2C344&amp;ssl=1\" sizes=\"(max-width: 400px) 100vw, 400px\" srcset=\"https:\/\/i1.wp.com\/nilljunior.com.br\/wp-content\/uploads\/2024\/07\/Screenshot_20240715_205057_Instagram-1.jpg?w=1047&amp;ssl=1 1047w, https:\/\/i1.wp.com\/nilljunior.com.br\/wp-content\/uploads\/2024\/07\/Screenshot_20240715_205057_Instagram-1.jpg?resize=291%2C250&amp;ssl=1 291w, https:\/\/i1.wp.com\/nilljunior.com.br\/wp-content\/uploads\/2024\/07\/Screenshot_20240715_205057_Instagram-1.jpg?resize=768%2C660&amp;ssl=1 768w, https:\/\/i1.wp.com\/nilljunior.com.br\/wp-content\/uploads\/2024\/07\/Screenshot_20240715_205057_Instagram-1.jpg?resize=465%2C400&amp;ssl=1 465w\" alt=\"\" width=\"400\" height=\"344\" data-attachment-id=\"286616\" data-permalink=\"https:\/\/nilljunior.com.br\/sandrinho-e-danilo-comentam-pesquisa-datatrends-no-radio-vivo\/screenshot_20240715_205057_instagram-2\/\" data-orig-file=\"https:\/\/i1.wp.com\/nilljunior.com.br\/wp-content\/uploads\/2024\/07\/Screenshot_20240715_205057_Instagram-1.jpg?fit=1047%2C900&amp;ssl=1\" data-orig-size=\"1047,900\" data-comments-opened=\"1\" data-image-meta=\"{&quot;aperture&quot;:&quot;0&quot;,&quot;credit&quot;:&quot;&quot;,&quot;camera&quot;:&quot;&quot;,&quot;caption&quot;:&quot;&quot;,&quot;created_timestamp&quot;:&quot;0&quot;,&quot;copyright&quot;:&quot;&quot;,&quot;focal_length&quot;:&quot;0&quot;,&quot;iso&quot;:&quot;0&quot;,&quot;shutter_speed&quot;:&quot;0&quot;,&quot;title&quot;:&quot;&quot;,&quot;orientation&quot;:&quot;1&quot;}\" data-image-title=\"Screenshot_20240715_205057_Instagram\" data-image-description=\"\" data-medium-file=\"https:\/\/i1.wp.com\/nilljunior.com.br\/wp-content\/uploads\/2024\/07\/Screenshot_20240715_205057_Instagram-1.jpg?fit=291%2C250&amp;ssl=1\" data-large-file=\"https:\/\/i1.wp.com\/nilljunior.com.br\/wp-content\/uploads\/2024\/07\/Screenshot_20240715_205057_Instagram-1.jpg?fit=465%2C400&amp;ssl=1\" data-recalc-dims=\"1\" data-lazy-loaded=\"1\" \/><span style=\"font-family: arial, helvetica, sans-serif;\">A pesquisa DataTrends, a segunda desde o in\u00edcio da pr\u00e9-campanha parece que conseguiu a fa\u00e7anha de ser comemorada pelos dois palanques.<\/span><\/span><\/p>\n<p style=\"text-align: justify;\"><span style=\"font-size: 14pt; font-family: arial, helvetica, sans-serif;\">Nesta ter\u00e7a,\u00a0<strong>o programa R\u00e1dio Vivo<\/strong>\u00a0escutou os dois pr\u00e9-candidatos \u00e0 prefeitura dizendo o que acharam do levantamento. Danilo Sim\u00f5es e Sandrinho Palmeira disseram a Juliana Lima e J\u00fanior Cavalcanti o que acharam da pesquisa.<\/span><\/p>\n<p style=\"text-align: justify;\"><span style=\"font-size: 14pt; font-family: arial, helvetica, sans-serif;\">Em linhas gerais, os dois comemoraram, adotando o mesmo tom das notas oficiais divulgadas na imprensa nesta segunda.<\/span><\/p>\n<p style=\"text-align: justify;\"><span style=\"font-size: 14pt; font-family: arial, helvetica, sans-serif;\"><strong>Mais pesquisas:\u00a0<\/strong>E \u00e9 s\u00f3 o come\u00e7o. Foi apenas o segundo levantamento em parceria com o Blog do Finfa. Os pr\u00f3ximos dias devem reservar mais emo\u00e7\u00f5es, com a primeira pesquisa M\u00faltipla com Blog Nill J\u00fanior e mais levantamentos registrados, caso oficializados por outros institutos.<\/span><\/p>\n<p style=\"text-align: justify;\"><span style=\"font-size: 14pt; font-family: arial, helvetica, sans-serif;\">A R\u00e1dio Paje\u00fa editorialmente divulga e repercute todos os levantamentos da regi\u00e3o at\u00e9 a elei\u00e7\u00e3o, em parceria com os blogs do Finfa (DataTrends), Nill J\u00fanior (M\u00faltipla) e Blog do Magno (Opini\u00e3o).<\/span><\/p>\n<p style=\"text-align: justify;\"><span style=\"font-size: 14pt; font-family: arial, helvetica, sans-serif;\">O R\u00e1dio Vivo vai ao ar das 5h \u00e0s 7h da manh\u00e3.<\/span><\/p>\n","protected":false},"excerpt":{"rendered":"<p>A pesquisa DataTrends, a segunda desde o in&iacute;cio da pr&eacute;-campanha parece que conseguiu a fa&ccedil;anha de ser comemorada pelos dois palanques. Nesta ter&ccedil;a,&nbsp;o programa R&aacute;dio Vivo&nbsp;escutou os dois pr&eacute;-candidatos &agrave; prefeitura dizendo o que acharam do levantamento. Danilo Sim&otilde;es e Sandrinho Palmeira disseram a Juliana Lima e J&uacute;nior Cavalcanti o que acharam da pesquisa. Em linhas gerais, os dois comemoraram, adotando o mesmo tom das notas oficiais divulgadas na imprensa nesta segunda. Mais pesquisas:&nbsp;E &eacute; s&oacute; o come&ccedil;o. Foi apenas o segundo levantamento em parceria com o Blog do Finfa. Os pr&oacute;ximos dias devem reservar mais emo&ccedil;&otilde;es, com a primeira &#8230; <\/p>\n<p class=\"read-more-container\"><a title=\"Sandrinho e Danilo comemoram pesquisa DataTrends na Paje\u00fa\" class=\"read-more button\" href=\"https:\/\/blogdojuniorcavalcanti.com.br\/index.php\/2024\/07\/16\/sandrinho-e-danilo-comemoram-pesquisa-datatrends-na-pajeu\/#more-35745\" aria-label=\"More on Sandrinho e Danilo comemoram pesquisa DataTrends na Paje\u00fa\">Leia mais<\/a><\/p>\n","protected":false},"author":2,"featured_media":0,"comment_status":"open","ping_status":"open","sticky":false,"template":"","format":"standard","meta":{"footnotes":""},"categories":[26],"tags":[],"class_list":["post-35745","post","type-post","status-publish","format-standard","hentry","category-noticias"],"_links":{"self":[{"href":"https:\/\/blogdojuniorcavalcanti.com.br\/index.php\/wp-json\/wp\/v2\/posts\/35745","targetHints":{"allow":["GET"]}}],"collection":[{"href":"https:\/\/blogdojuniorcavalcanti.com.br\/index.php\/wp-json\/wp\/v2\/posts"}],"about":[{"href":"https:\/\/blogdojuniorcavalcanti.com.br\/index.php\/wp-json\/wp\/v2\/types\/post"}],"author":[{"embeddable":true,"href":"https:\/\/blogdojuniorcavalcanti.com.br\/index.php\/wp-json\/wp\/v2\/users\/2"}],"replies":[{"embeddable":true,"href":"https:\/\/blogdojuniorcavalcanti.com.br\/index.php\/wp-json\/wp\/v2\/comments?post=35745"}],"version-history":[{"count":1,"href":"https:\/\/blogdojuniorcavalcanti.com.br\/index.php\/wp-json\/wp\/v2\/posts\/35745\/revisions"}],"predecessor-version":[{"id":35746,"href":"https:\/\/blogdojuniorcavalcanti.com.br\/index.php\/wp-json\/wp\/v2\/posts\/35745\/revisions\/35746"}],"wp:attachment":[{"href":"https:\/\/blogdojuniorcavalcanti.com.br\/index.php\/wp-json\/wp\/v2\/media?parent=35745"}],"wp:term":[{"taxonomy":"category","embeddable":true,"href":"https:\/\/blogdojuniorcavalcanti.com.br\/index.php\/wp-json\/wp\/v2\/categories?post=35745"},{"taxonomy":"post_tag","embeddable":true,"href":"https:\/\/blogdojuniorcavalcanti.com.br\/index.php\/wp-json\/wp\/v2\/tags?post=35745"}],"curies":[{"name":"wp","href":"https:\/\/api.w.org\/{rel}","templated":true}]}}