{"id":35968,"date":"2024-07-24T10:24:39","date_gmt":"2024-07-24T13:24:39","guid":{"rendered":"https:\/\/blogdojuniorcavalcanti.com.br\/?p=35968"},"modified":"2024-07-24T10:24:39","modified_gmt":"2024-07-24T13:24:39","slug":"frente-popular-de-ingazeira-define-data-da-convencao-partidaria","status":"publish","type":"post","link":"https:\/\/blogdojuniorcavalcanti.com.br\/index.php\/2024\/07\/24\/frente-popular-de-ingazeira-define-data-da-convencao-partidaria\/","title":{"rendered":"Frente Popular de Ingazeira define data da Conven\u00e7\u00e3o Partid\u00e1ria"},"content":{"rendered":"<p style=\"text-align: justify;\"><span style=\"font-size: 14pt;\"><img fetchpriority=\"high\" decoding=\"async\" class=\"alignleft wp-image-287158 jetpack-lazy-image jetpack-lazy-image--handled\" src=\"https:\/\/i2.wp.com\/nilljunior.com.br\/wp-content\/uploads\/2024\/07\/FrentePopular-Ingazeira.jpeg?resize=400%2C301&amp;ssl=1\" sizes=\"(max-width: 400px) 100vw, 400px\" srcset=\"https:\/\/i2.wp.com\/nilljunior.com.br\/wp-content\/uploads\/2024\/07\/FrentePopular-Ingazeira.jpeg?w=768&amp;ssl=1 768w, https:\/\/i2.wp.com\/nilljunior.com.br\/wp-content\/uploads\/2024\/07\/FrentePopular-Ingazeira.jpeg?resize=300%2C226&amp;ssl=1 300w, https:\/\/i2.wp.com\/nilljunior.com.br\/wp-content\/uploads\/2024\/07\/FrentePopular-Ingazeira.jpeg?resize=531%2C400&amp;ssl=1 531w\" alt=\"\" width=\"400\" height=\"301\" data-attachment-id=\"287158\" data-permalink=\"https:\/\/nilljunior.com.br\/frente-popular-de-ingazeira-define-data-da-convencao-partidaria\/frentepopular-ingazeira\/\" data-orig-file=\"https:\/\/i2.wp.com\/nilljunior.com.br\/wp-content\/uploads\/2024\/07\/FrentePopular-Ingazeira.jpeg?fit=768%2C578&amp;ssl=1\" data-orig-size=\"768,578\" data-comments-opened=\"1\" data-image-meta=\"{&quot;aperture&quot;:&quot;0&quot;,&quot;credit&quot;:&quot;&quot;,&quot;camera&quot;:&quot;&quot;,&quot;caption&quot;:&quot;&quot;,&quot;created_timestamp&quot;:&quot;0&quot;,&quot;copyright&quot;:&quot;&quot;,&quot;focal_length&quot;:&quot;0&quot;,&quot;iso&quot;:&quot;0&quot;,&quot;shutter_speed&quot;:&quot;0&quot;,&quot;title&quot;:&quot;&quot;,&quot;orientation&quot;:&quot;0&quot;}\" data-image-title=\"FrentePopular-Ingazeira\" data-image-description=\"\" data-medium-file=\"https:\/\/i2.wp.com\/nilljunior.com.br\/wp-content\/uploads\/2024\/07\/FrentePopular-Ingazeira.jpeg?fit=300%2C226&amp;ssl=1\" data-large-file=\"https:\/\/i2.wp.com\/nilljunior.com.br\/wp-content\/uploads\/2024\/07\/FrentePopular-Ingazeira.jpeg?fit=531%2C400&amp;ssl=1\" data-recalc-dims=\"1\" data-lazy-loaded=\"1\" \/><span style=\"font-family: arial, helvetica, sans-serif;\">Na tarde desta ter\u00e7a-feira (23), a Frente Popular de Ingazeira realizou uma reuni\u00e3o para discutir os rumos da pr\u00e9-campanha eleitoral. O encontro, comandado pelo prefeito Luciano Torres, contou com a presen\u00e7a de diversas lideran\u00e7as pol\u00edticas locais, refor\u00e7ando a uni\u00e3o e o compromisso do grupo com as pr\u00f3ximas elei\u00e7\u00f5es.<\/span><\/span><\/p>\n<p style=\"text-align: justify;\"><span style=\"font-size: 14pt; font-family: arial, helvetica, sans-serif;\">Entre os presentes estavam o vice-prefeito Djalma do Minadouro, os vereadores Argemiro Morais, Juarez Ferreira, Genivaldo Sousa, Gustavo Veras, Djalminha Veras, Dorneles Alencar, Chico Bandeira e a vereadora Deorlanda Carvalho.\u00a0<\/span><\/p>\n<p style=\"text-align: justify;\"><span style=\"font-size: 14pt; font-family: arial, helvetica, sans-serif;\">A reuni\u00e3o tamb\u00e9m contou com a participa\u00e7\u00e3o do ex-prefeito Lino Morais, dos ex-vereadores Ant\u00f4nio de P\u00e1dua e Aglailson Veras, al\u00e9m de todos os pr\u00e9-candidatos a vereador.<\/span><\/p>\n<p style=\"text-align: justify;\"><span style=\"font-size: 14pt; font-family: arial, helvetica, sans-serif;\">Figuras pol\u00edticas de Ingazeira, como os ex-prefeitos Jos\u00e9 Veras e Ant\u00f4nio Siqueira, e os ex-vereadores Djalma Veras e Ivoneide Veras, tamb\u00e9m marcaram presen\u00e7a, demonstrando o apoio cont\u00ednuo \u00e0s atividades da Frente Popular.<\/span><\/p>\n<p style=\"text-align: justify;\"><span style=\"font-size: 14pt; font-family: arial, helvetica, sans-serif;\">\u201cFoi uma reuni\u00e3o bastante prestigiada, e definimos que a conven\u00e7\u00e3o da Frente Popular de Ingazeira acontecer\u00e1 no dia 3 de agosto, a partir das 13h, no CAE, entre outros assuntos\u201d, anunciou o prefeito Luciano Torres. As informa\u00e7\u00f5es foram divulgadas nesta quarta-feira (23), no\u00a0<strong>Blog do Finfa<\/strong>.<\/span><\/p>\n<p style=\"text-align: justify;\"><span style=\"font-size: 14pt; font-family: arial, helvetica, sans-serif;\">Na \u00faltima segunda-feira (22), pesquisa DataTrends, divulgada pelo Blog do Finfa, mostrou uma situa\u00e7\u00e3o confort\u00e1vel para Luciano Torres que vai disputar a reelei\u00e7\u00e3o. Luciano Torres tem 67%, enquanto a advers\u00e1ria, Professora Alcineide, tem 11%.\u00a0<\/span><\/p>\n","protected":false},"excerpt":{"rendered":"<p>Na tarde desta ter&ccedil;a-feira (23), a Frente Popular de Ingazeira realizou uma reuni&atilde;o para discutir os rumos da pr&eacute;-campanha eleitoral. O encontro, comandado pelo prefeito Luciano Torres, contou com a presen&ccedil;a de diversas lideran&ccedil;as pol&iacute;ticas locais, refor&ccedil;ando a uni&atilde;o e o compromisso do grupo com as pr&oacute;ximas elei&ccedil;&otilde;es. Entre os presentes estavam o vice-prefeito Djalma do Minadouro, os vereadores Argemiro Morais, Juarez Ferreira, Genivaldo Sousa, Gustavo Veras, Djalminha Veras, Dorneles Alencar, Chico Bandeira e a vereadora Deorlanda Carvalho.&nbsp; A reuni&atilde;o tamb&eacute;m contou com a participa&ccedil;&atilde;o do ex-prefeito Lino Morais, dos ex-vereadores Ant&ocirc;nio de P&aacute;dua e Aglailson Veras, al&eacute;m de todos &#8230; <\/p>\n<p class=\"read-more-container\"><a title=\"Frente Popular de Ingazeira define data da Conven\u00e7\u00e3o Partid\u00e1ria\" class=\"read-more button\" href=\"https:\/\/blogdojuniorcavalcanti.com.br\/index.php\/2024\/07\/24\/frente-popular-de-ingazeira-define-data-da-convencao-partidaria\/#more-35968\" aria-label=\"More on Frente Popular de Ingazeira define data da Conven\u00e7\u00e3o Partid\u00e1ria\">Leia mais<\/a><\/p>\n","protected":false},"author":2,"featured_media":0,"comment_status":"open","ping_status":"open","sticky":false,"template":"","format":"standard","meta":{"footnotes":""},"categories":[26],"tags":[],"class_list":["post-35968","post","type-post","status-publish","format-standard","hentry","category-noticias"],"_links":{"self":[{"href":"https:\/\/blogdojuniorcavalcanti.com.br\/index.php\/wp-json\/wp\/v2\/posts\/35968","targetHints":{"allow":["GET"]}}],"collection":[{"href":"https:\/\/blogdojuniorcavalcanti.com.br\/index.php\/wp-json\/wp\/v2\/posts"}],"about":[{"href":"https:\/\/blogdojuniorcavalcanti.com.br\/index.php\/wp-json\/wp\/v2\/types\/post"}],"author":[{"embeddable":true,"href":"https:\/\/blogdojuniorcavalcanti.com.br\/index.php\/wp-json\/wp\/v2\/users\/2"}],"replies":[{"embeddable":true,"href":"https:\/\/blogdojuniorcavalcanti.com.br\/index.php\/wp-json\/wp\/v2\/comments?post=35968"}],"version-history":[{"count":1,"href":"https:\/\/blogdojuniorcavalcanti.com.br\/index.php\/wp-json\/wp\/v2\/posts\/35968\/revisions"}],"predecessor-version":[{"id":35969,"href":"https:\/\/blogdojuniorcavalcanti.com.br\/index.php\/wp-json\/wp\/v2\/posts\/35968\/revisions\/35969"}],"wp:attachment":[{"href":"https:\/\/blogdojuniorcavalcanti.com.br\/index.php\/wp-json\/wp\/v2\/media?parent=35968"}],"wp:term":[{"taxonomy":"category","embeddable":true,"href":"https:\/\/blogdojuniorcavalcanti.com.br\/index.php\/wp-json\/wp\/v2\/categories?post=35968"},{"taxonomy":"post_tag","embeddable":true,"href":"https:\/\/blogdojuniorcavalcanti.com.br\/index.php\/wp-json\/wp\/v2\/tags?post=35968"}],"curies":[{"name":"wp","href":"https:\/\/api.w.org\/{rel}","templated":true}]}}