{"id":3612,"date":"2019-02-19T20:05:28","date_gmt":"2019-02-19T23:05:28","guid":{"rendered":"http:\/\/blogdojuniorcavalcanti.com.br\/?p=3612"},"modified":"2019-02-19T20:05:28","modified_gmt":"2019-02-19T23:05:28","slug":"ford-anuncia-fechamento-da-fabrica-de-sao-bernardo-do-campo","status":"publish","type":"post","link":"https:\/\/blogdojuniorcavalcanti.com.br\/index.php\/2019\/02\/19\/ford-anuncia-fechamento-da-fabrica-de-sao-bernardo-do-campo\/","title":{"rendered":"Ford anuncia fechamento da f\u00e1brica de S\u00e3o Bernardo do Campo"},"content":{"rendered":"<div class=\"col m6 l6 s12 medium-matler\">\n<figure><span style=\"font-size: 14pt;\"><img fetchpriority=\"high\" decoding=\"async\" class=\"aligncenter\" src=\"https:\/\/www.folhape.com.br\/obj\/10\/315783,475,80,0,0,475,365,0,0,0,0.jpg\" alt=\"F\u00e1brica da Ford de S\u00e3o Bernardo do Campo, em SP\" width=\"384\" height=\"295\" \/><\/span><\/p>\n<div class=\"caption\" style=\"text-align: justify;\"><span style=\"font-size: 14pt; font-family: arial, helvetica, sans-serif;\">F\u00e1brica da Ford de S\u00e3o Bernardo do Campo, em SP\u00a0<em>Foto: Google Maps<\/em><\/span><\/div>\n<\/figure>\n<\/div>\n<p style=\"text-align: justify;\"><span style=\"font-size: 14pt; font-family: arial, helvetica, sans-serif;\">A\u00a0<strong>Ford<\/strong>\u00a0anunciou nesta ter\u00e7a-feira (19) que encerrar\u00e1 as atividades na\u00a0<strong>f\u00e1brica de S\u00e3o Bernardo do Campo<\/strong>, no\u00a0<strong>ABC Paulista<\/strong>. A empresa tamb\u00e9m confirmou que deixar\u00e1 o mercado de caminh\u00f5es na Am\u00e9rica do Sul. No Brasil, deixar\u00e1 de comercializar as linhas Cargo, F-4000, F-350 e\u00a0<strong>Fiesta<\/strong>\u00a0assim que terminarem os estoques.<\/span><\/p>\n<p><span style=\"font-size: 14pt; font-family: arial, helvetica, sans-serif;\">\u201cA manuten\u00e7\u00e3o do neg\u00f3cio teria exigido um volume expressivo de investimentos para atender \u00e0s necessidades do mercado e aos crescentes custos com itens regulat\u00f3rios sem, no entanto, apresentar um caminho vi\u00e1vel para um neg\u00f3cio lucrativo e sustent\u00e1vel\u201d, disse a empresa em nota.<\/span><\/p>\n<p><span style=\"font-size: 14pt; font-family: arial, helvetica, sans-serif;\">A Ford tem tr\u00eas\u00a0<strong>f\u00e1bricas no Brasil<\/strong>, em Cama\u00e7ari (BA), S\u00e3o Bernardo do Campo (SP) e Taubat\u00e9 (SP), e um campo de provas em Tatu\u00ed (SP). Em S\u00e3o Bernardo do Campo h\u00e1 2.800 empregados, segundo o sindicato da categoria. \u201cSabemos que essa decis\u00e3o ter\u00e1 um impacto significativo sobre os nossos funcion\u00e1rios de S\u00e3o Bernardo do Campo e, por isso, trabalharemos com todos os nossos parceiros nos pr\u00f3ximos passos\u201d, disse, em nota, Lyle Watters, presidente da<strong>\u00a0Ford Am\u00e9rica do Sul<\/strong>.<\/span><\/p>\n","protected":false},"excerpt":{"rendered":"<p>F&aacute;brica da Ford de S&atilde;o Bernardo do Campo, em SP&nbsp;Foto: Google Maps A&nbsp;Ford&nbsp;anunciou nesta ter&ccedil;a-feira (19) que encerrar&aacute; as atividades na&nbsp;f&aacute;brica de S&atilde;o Bernardo do Campo, no&nbsp;ABC Paulista. A empresa tamb&eacute;m confirmou que deixar&aacute; o mercado de caminh&otilde;es na Am&eacute;rica do Sul. No Brasil, deixar&aacute; de comercializar as linhas Cargo, F-4000, F-350 e&nbsp;Fiesta&nbsp;assim que terminarem os estoques. &ldquo;A manuten&ccedil;&atilde;o do neg&oacute;cio teria exigido um volume expressivo de investimentos para atender &agrave;s necessidades do mercado e aos crescentes custos com itens regulat&oacute;rios sem, no entanto, apresentar um caminho vi&aacute;vel para um neg&oacute;cio lucrativo e sustent&aacute;vel&rdquo;, disse a empresa em nota. A &#8230; <\/p>\n<p class=\"read-more-container\"><a title=\"Ford anuncia fechamento da f\u00e1brica de S\u00e3o Bernardo do Campo\" class=\"read-more button\" href=\"https:\/\/blogdojuniorcavalcanti.com.br\/index.php\/2019\/02\/19\/ford-anuncia-fechamento-da-fabrica-de-sao-bernardo-do-campo\/#more-3612\" aria-label=\"More on Ford anuncia fechamento da f\u00e1brica de S\u00e3o Bernardo do Campo\">Leia mais<\/a><\/p>\n","protected":false},"author":2,"featured_media":0,"comment_status":"open","ping_status":"open","sticky":false,"template":"","format":"standard","meta":{"footnotes":""},"categories":[1],"tags":[],"class_list":["post-3612","post","type-post","status-publish","format-standard","hentry","category-sem-categoria"],"_links":{"self":[{"href":"https:\/\/blogdojuniorcavalcanti.com.br\/index.php\/wp-json\/wp\/v2\/posts\/3612","targetHints":{"allow":["GET"]}}],"collection":[{"href":"https:\/\/blogdojuniorcavalcanti.com.br\/index.php\/wp-json\/wp\/v2\/posts"}],"about":[{"href":"https:\/\/blogdojuniorcavalcanti.com.br\/index.php\/wp-json\/wp\/v2\/types\/post"}],"author":[{"embeddable":true,"href":"https:\/\/blogdojuniorcavalcanti.com.br\/index.php\/wp-json\/wp\/v2\/users\/2"}],"replies":[{"embeddable":true,"href":"https:\/\/blogdojuniorcavalcanti.com.br\/index.php\/wp-json\/wp\/v2\/comments?post=3612"}],"version-history":[{"count":1,"href":"https:\/\/blogdojuniorcavalcanti.com.br\/index.php\/wp-json\/wp\/v2\/posts\/3612\/revisions"}],"predecessor-version":[{"id":3613,"href":"https:\/\/blogdojuniorcavalcanti.com.br\/index.php\/wp-json\/wp\/v2\/posts\/3612\/revisions\/3613"}],"wp:attachment":[{"href":"https:\/\/blogdojuniorcavalcanti.com.br\/index.php\/wp-json\/wp\/v2\/media?parent=3612"}],"wp:term":[{"taxonomy":"category","embeddable":true,"href":"https:\/\/blogdojuniorcavalcanti.com.br\/index.php\/wp-json\/wp\/v2\/categories?post=3612"},{"taxonomy":"post_tag","embeddable":true,"href":"https:\/\/blogdojuniorcavalcanti.com.br\/index.php\/wp-json\/wp\/v2\/tags?post=3612"}],"curies":[{"name":"wp","href":"https:\/\/api.w.org\/{rel}","templated":true}]}}