{"id":3623,"date":"2019-02-21T15:16:28","date_gmt":"2019-02-21T18:16:28","guid":{"rendered":"http:\/\/blogdojuniorcavalcanti.com.br\/?p=3623"},"modified":"2019-02-21T15:16:28","modified_gmt":"2019-02-21T18:16:28","slug":"fachin-rejeita-pedido-de-liberdade-feito-pelo-ex-presidente-lula","status":"publish","type":"post","link":"https:\/\/blogdojuniorcavalcanti.com.br\/index.php\/2019\/02\/21\/fachin-rejeita-pedido-de-liberdade-feito-pelo-ex-presidente-lula\/","title":{"rendered":"Fachin rejeita pedido de liberdade feito pelo ex-presidente Lula"},"content":{"rendered":"<p class=\"content-text__container theme-color-primary-first-letter\" style=\"text-align: justify;\" data-track-category=\"Link no Texto\" data-track-links=\"\"><span style=\"font-size: 14pt;\"><img fetchpriority=\"high\" decoding=\"async\" class=\"alignleft size-full wp-image-138108\" src=\"https:\/\/i0.wp.com\/nilljunior.com.br\/wp-content\/uploads\/2018\/11\/lula-depoimento-418x235.jpg?resize=311%2C235\" sizes=\"(max-width: 311px) 100vw, 311px\" srcset=\"https:\/\/i0.wp.com\/nilljunior.com.br\/wp-content\/uploads\/2018\/11\/lula-depoimento-418x235.jpg?w=311 311w, https:\/\/i0.wp.com\/nilljunior.com.br\/wp-content\/uploads\/2018\/11\/lula-depoimento-418x235.jpg?resize=300%2C227 300w\" alt=\"\" width=\"311\" height=\"235\" data-attachment-id=\"138108\" data-permalink=\"http:\/\/nilljunior.com.br\/lula-diz-que-nao-era-dono-do-sitio-em-atibaia-pensei-em-comprar-mas-dono-nao-queria-vender\/lula-depoimento-418x235\/\" data-orig-file=\"https:\/\/i0.wp.com\/nilljunior.com.br\/wp-content\/uploads\/2018\/11\/lula-depoimento-418x235.jpg?fit=311%2C235\" data-orig-size=\"311,235\" data-comments-opened=\"1\" data-image-meta=\"{&quot;aperture&quot;:&quot;0&quot;,&quot;credit&quot;:&quot;&quot;,&quot;camera&quot;:&quot;&quot;,&quot;caption&quot;:&quot;&quot;,&quot;created_timestamp&quot;:&quot;0&quot;,&quot;copyright&quot;:&quot;&quot;,&quot;focal_length&quot;:&quot;0&quot;,&quot;iso&quot;:&quot;0&quot;,&quot;shutter_speed&quot;:&quot;0&quot;,&quot;title&quot;:&quot;&quot;,&quot;orientation&quot;:&quot;0&quot;}\" data-image-title=\"lula-depoimento-418\u00d7235\" data-image-description=\"\" data-medium-file=\"https:\/\/i0.wp.com\/nilljunior.com.br\/wp-content\/uploads\/2018\/11\/lula-depoimento-418x235.jpg?fit=300%2C227\" data-large-file=\"https:\/\/i0.wp.com\/nilljunior.com.br\/wp-content\/uploads\/2018\/11\/lula-depoimento-418x235.jpg?fit=311%2C235\" \/><span style=\"font-family: arial, helvetica, sans-serif;\">G1<\/span><\/span><\/p>\n<p class=\"content-text__container theme-color-primary-first-letter\" style=\"text-align: justify;\" data-track-category=\"Link no Texto\" data-track-links=\"\"><span style=\"font-size: 14pt; font-family: arial, helvetica, sans-serif;\">O ministro do Supremo Tribunal Federal Luiz Edson Fachin rejeitou nesta quarta-feira (20) mais um pedido de liberdade apresentado pela defesa do ex-presidente Luiz In\u00e1cio Lula da Silva. Desde que ele foi preso, em abril do ano passado, diversos pedidos de liberdade j\u00e1 foram rejeitados em diversas inst\u00e2ncias da Justi\u00e7a, inclusive no STF.<\/span><\/p>\n<div class=\"mc-column content-text active-extra-styles \" style=\"text-align: justify;\" data-block-type=\"unstyled\" data-block-weight=\"52\" data-block-id=\"4\">\n<p class=\"content-text__container \" data-track-category=\"Link no Texto\" data-track-links=\"\"><span style=\"font-size: 14pt; font-family: arial, helvetica, sans-serif;\">O ex-presidente\u00a0foi condenado\u00a0por corrup\u00e7\u00e3o e lavagem de dinheiro no\u00a0processo do caso do triplex do Guaruj\u00e1\u00a0a 12 anos e 1 m\u00eas de pris\u00e3o. A senten\u00e7a foi do Tribunal Regional Federal (TRF) da 4\u00aa Regi\u00e3o, que ampliou a pena originalmente determinada por Moro (9 anos e 6 meses de pris\u00e3o).<\/span><\/p>\n<\/div>\n<div class=\"mc-column content-text active-extra-styles \" style=\"text-align: justify;\" data-block-type=\"unstyled\" data-block-weight=\"56\" data-block-id=\"5\">\n<p class=\"content-text__container \" data-track-category=\"Link no Texto\" data-track-links=\"\"><span style=\"font-size: 14pt; font-family: arial, helvetica, sans-serif;\">Desta vez, o argumento da defesa era de nulidades no processo. A defesa argumentou que o relator da Lava Jato no Superior Tribunal de Justi\u00e7a, Felix Fischer, n\u00e3o poderia ter negado em decis\u00e3o individual o recurso de Lula para tentar reverter a condena\u00e7\u00e3o do caso triplex. Para os advogados, o recurso deveria ser julgado pelo colegiado. Lula j\u00e1 recorreu no pr\u00f3prio STJ e aguarda resultado. Depois, um recurso contra a condena\u00e7\u00e3o ainda dever\u00e1 ser analisado no STF.<\/span><\/p>\n<\/div>\n<div class=\"mc-column content-text active-extra-styles \" style=\"text-align: justify;\" data-block-type=\"unstyled\" data-block-weight=\"19\" data-block-id=\"7\">\n<p class=\"content-text__container \" data-track-category=\"Link no Texto\" data-track-links=\"\"><span style=\"font-size: 14pt; font-family: arial, helvetica, sans-serif;\">Fachin negou seguimento ao novo pedido, ou seja, arquivou por considerar que n\u00e3o houve ilegalidade na decis\u00e3o de Fischer. Ele afirmou considerar \u201csempre desej\u00e1vel, recomend\u00e1vel ou mesmo necess\u00e1rio\u201d que um ministro n\u00e3o decida sozinho sobre esse tipo de recurso, mas frisou que isso \u00e9 previsto no regimento e que a defesa j\u00e1 recorreu ao pr\u00f3prio STJ, que vai analisar o caso.<\/span><\/p>\n<\/div>\n<div class=\"mc-column content-text active-extra-styles \" style=\"text-align: justify;\" data-block-type=\"unstyled\" data-block-weight=\"34\" data-block-id=\"10\">\n<p class=\"content-text__container \" data-track-category=\"Link no Texto\" data-track-links=\"\"><span style=\"font-size: 14pt; font-family: arial, helvetica, sans-serif;\">\u201cA decis\u00e3o atacada foi proferida monocraticamente pelo Relator no STJ; a colegialidade \u00e9 sempre desej\u00e1vel, recomend\u00e1vel ou mesmo necess\u00e1ria; de qualquer modo, o proceder est\u00e1 regimentalmente autorizado e o recurso respectivo ser\u00e1 colegiadamente apreciado.\u201d<\/span><\/p>\n<\/div>\n<div class=\"mc-column content-text active-extra-styles \" style=\"text-align: justify;\" data-block-type=\"unstyled\" data-block-weight=\"69\" data-block-id=\"11\">\n<p class=\"content-text__container \" data-track-category=\"Link no Texto\" data-track-links=\"\"><span style=\"font-size: 14pt; font-family: arial, helvetica, sans-serif;\">O pedido da defesa foi apresentado no inicio de dezembro do ano passado. Por causa dele, os advogados de Lula pediram para adiar o julgamento \u2013 que j\u00e1 estava em andamento na segunda Turma \u2013\u00a0de outro pedido de liberdade que tinha como principal alega\u00e7\u00e3o a nulidade de todos os processos\u00a0nos quais o ex-juiz S\u00e9rgio Moro havia atuado depois que ele aceitou ser ministro do governo Jair Bolsonaro.<\/span><\/p>\n<\/div>\n<div class=\"mc-column content-text active-extra-styles \" data-block-type=\"unstyled\" data-block-weight=\"33\" data-block-id=\"12\">\n<p class=\"content-text__container \" style=\"text-align: justify;\" data-track-category=\"Link no Texto\" data-track-links=\"\"><span style=\"font-size: 14pt; font-family: arial, helvetica, sans-serif;\">Na ocasi\u00e3o, os ministros Fachin e Carmen L\u00facia j\u00e1 haviam votado contra a liberdade, mas Gilmar Mendes pediu mais tempo para analisar e ainda n\u00e3o h\u00e1 previs\u00e3o de data para retomada do julgamento.<\/span><\/p>\n<\/div>\n","protected":false},"excerpt":{"rendered":"<p>G1 O ministro do Supremo Tribunal Federal Luiz Edson Fachin rejeitou nesta quarta-feira (20) mais um pedido de liberdade apresentado pela defesa do ex-presidente Luiz In&aacute;cio Lula da Silva. Desde que ele foi preso, em abril do ano passado, diversos pedidos de liberdade j&aacute; foram rejeitados em diversas inst&acirc;ncias da Justi&ccedil;a, inclusive no STF. O ex-presidente&nbsp;foi condenado&nbsp;por corrup&ccedil;&atilde;o e lavagem de dinheiro no&nbsp;processo do caso do triplex do Guaruj&aacute;&nbsp;a 12 anos e 1 m&ecirc;s de pris&atilde;o. A senten&ccedil;a foi do Tribunal Regional Federal (TRF) da 4&ordf; Regi&atilde;o, que ampliou a pena originalmente determinada por Moro (9 anos e 6 meses &#8230; <\/p>\n<p class=\"read-more-container\"><a title=\"Fachin rejeita pedido de liberdade feito pelo ex-presidente Lula\" class=\"read-more button\" href=\"https:\/\/blogdojuniorcavalcanti.com.br\/index.php\/2019\/02\/21\/fachin-rejeita-pedido-de-liberdade-feito-pelo-ex-presidente-lula\/#more-3623\" aria-label=\"More on Fachin rejeita pedido de liberdade feito pelo ex-presidente Lula\">Leia mais<\/a><\/p>\n","protected":false},"author":2,"featured_media":0,"comment_status":"open","ping_status":"open","sticky":false,"template":"","format":"standard","meta":{"footnotes":""},"categories":[1],"tags":[],"class_list":["post-3623","post","type-post","status-publish","format-standard","hentry","category-sem-categoria"],"_links":{"self":[{"href":"https:\/\/blogdojuniorcavalcanti.com.br\/index.php\/wp-json\/wp\/v2\/posts\/3623","targetHints":{"allow":["GET"]}}],"collection":[{"href":"https:\/\/blogdojuniorcavalcanti.com.br\/index.php\/wp-json\/wp\/v2\/posts"}],"about":[{"href":"https:\/\/blogdojuniorcavalcanti.com.br\/index.php\/wp-json\/wp\/v2\/types\/post"}],"author":[{"embeddable":true,"href":"https:\/\/blogdojuniorcavalcanti.com.br\/index.php\/wp-json\/wp\/v2\/users\/2"}],"replies":[{"embeddable":true,"href":"https:\/\/blogdojuniorcavalcanti.com.br\/index.php\/wp-json\/wp\/v2\/comments?post=3623"}],"version-history":[{"count":1,"href":"https:\/\/blogdojuniorcavalcanti.com.br\/index.php\/wp-json\/wp\/v2\/posts\/3623\/revisions"}],"predecessor-version":[{"id":3624,"href":"https:\/\/blogdojuniorcavalcanti.com.br\/index.php\/wp-json\/wp\/v2\/posts\/3623\/revisions\/3624"}],"wp:attachment":[{"href":"https:\/\/blogdojuniorcavalcanti.com.br\/index.php\/wp-json\/wp\/v2\/media?parent=3623"}],"wp:term":[{"taxonomy":"category","embeddable":true,"href":"https:\/\/blogdojuniorcavalcanti.com.br\/index.php\/wp-json\/wp\/v2\/categories?post=3623"},{"taxonomy":"post_tag","embeddable":true,"href":"https:\/\/blogdojuniorcavalcanti.com.br\/index.php\/wp-json\/wp\/v2\/tags?post=3623"}],"curies":[{"name":"wp","href":"https:\/\/api.w.org\/{rel}","templated":true}]}}