{"id":36278,"date":"2024-08-11T08:47:28","date_gmt":"2024-08-11T11:47:28","guid":{"rendered":"https:\/\/blogdojuniorcavalcanti.com.br\/?p=36278"},"modified":"2024-08-11T08:47:28","modified_gmt":"2024-08-11T11:47:28","slug":"tre-pe-participa-de-reuniao-com-as-forcas-de-seguranca-de-pernambuco","status":"publish","type":"post","link":"https:\/\/blogdojuniorcavalcanti.com.br\/index.php\/2024\/08\/11\/tre-pe-participa-de-reuniao-com-as-forcas-de-seguranca-de-pernambuco\/","title":{"rendered":"TRE-PE participa de reuni\u00e3o com as For\u00e7as de Seguran\u00e7a de Pernambuco"},"content":{"rendered":"<p style=\"text-align: justify;\"><span style=\"font-size: 14pt; font-family: arial, helvetica, sans-serif;\"><b><i>Evento aconteceu na Esmape e reuniu mais de 400 policiais e bombeiros<\/i><\/b><\/span><\/p>\n<p style=\"text-align: justify;\"><span style=\"font-size: 14pt; font-family: arial, helvetica, sans-serif;\">O presidente do Tribunal Regional Eleitoral de Pernambuco (TRE-PE), desembargador C\u00e2ndido Saraiva, participou de reuni\u00e3o com 400 policiais militares, civis e federais, al\u00e9m de oficiais do Corpo de Bombeiros, na manh\u00e3 desta sexta-feira (9) na sede da Escola Superior de Magistratura de Pernambuco (Esmape), localizada no bairro Ilha do Leite.<\/span><\/p>\n<p style=\"text-align: justify;\"><span style=\"font-size: 14pt; font-family: arial, helvetica, sans-serif;\">O objetivo do evento foi passar aos integrantes de for\u00e7as de seguran\u00e7a informa\u00e7\u00f5es sobre a legisla\u00e7\u00e3o eleitoral e procedimentos da Justi\u00e7a Eleitoral previstos para as Elei\u00e7\u00f5es 2024. A exposi\u00e7\u00e3o ficou a cargo do diretor-geral do TRE, Orson Lemos, que abordou os temas condutas vedadas, poder de pol\u00edcia e propaganda eleitoral.<\/span><\/p>\n<p style=\"text-align: justify;\"><span style=\"font-size: 14pt; font-family: arial, helvetica, sans-serif;\">Na abertura do evento, o presidente do TRE-PE destacou o papel das for\u00e7as de seguran\u00e7a para o processo democr\u00e1tico. \u201cEm elei\u00e7\u00f5es anteriores, enfrentamos desafios significativos, como a necessidade de garantir a seguran\u00e7a em \u00e1reas de risco elevado e a preven\u00e7\u00e3o de conflitos em locais de vota\u00e7\u00e3o. Gra\u00e7as \u00e0 atua\u00e7\u00e3o r\u00e1pida e eficiente das for\u00e7as de seguran\u00e7a, conseguimos superar esses obst\u00e1culos, garantindo a tranquilidade do processo eleitoral\u201d, afirmou.<\/span><\/p>\n<p style=\"text-align: justify;\"><span style=\"font-size: 14pt; font-family: arial, helvetica, sans-serif;\">O evento contou com a participa\u00e7\u00e3o do Secret\u00e1rio de Defesa Social, Alessandro Carvalho, da Secret\u00e1ria Executiva da SDS, Dominique de Castro Oliveira, os comandantes da Pol\u00edcia Militar e do Corpo de Bombeiros e representantes da Pol\u00edcia Federal e Pol\u00edcia Rodovi\u00e1ria Federal.<\/span><\/p>\n","protected":false},"excerpt":{"rendered":"<p>Evento aconteceu na Esmape e reuniu mais de 400 policiais e bombeiros O presidente do Tribunal Regional Eleitoral de Pernambuco (TRE-PE), desembargador C&acirc;ndido Saraiva, participou de reuni&atilde;o com 400 policiais militares, civis e federais, al&eacute;m de oficiais do Corpo de Bombeiros, na manh&atilde; desta sexta-feira (9) na sede da Escola Superior de Magistratura de Pernambuco (Esmape), localizada no bairro Ilha do Leite. O objetivo do evento foi passar aos integrantes de for&ccedil;as de seguran&ccedil;a informa&ccedil;&otilde;es sobre a legisla&ccedil;&atilde;o eleitoral e procedimentos da Justi&ccedil;a Eleitoral previstos para as Elei&ccedil;&otilde;es 2024. A exposi&ccedil;&atilde;o ficou a cargo do diretor-geral do TRE, Orson Lemos, &#8230; <\/p>\n<p class=\"read-more-container\"><a title=\"TRE-PE participa de reuni\u00e3o com as For\u00e7as de Seguran\u00e7a de Pernambuco\" class=\"read-more button\" href=\"https:\/\/blogdojuniorcavalcanti.com.br\/index.php\/2024\/08\/11\/tre-pe-participa-de-reuniao-com-as-forcas-de-seguranca-de-pernambuco\/#more-36278\" aria-label=\"More on TRE-PE participa de reuni\u00e3o com as For\u00e7as de Seguran\u00e7a de Pernambuco\">Leia mais<\/a><\/p>\n","protected":false},"author":2,"featured_media":36279,"comment_status":"open","ping_status":"open","sticky":false,"template":"","format":"standard","meta":{"footnotes":""},"categories":[25],"tags":[],"class_list":["post-36278","post","type-post","status-publish","format-standard","has-post-thumbnail","hentry","category-destaque","resize-featured-image"],"_links":{"self":[{"href":"https:\/\/blogdojuniorcavalcanti.com.br\/index.php\/wp-json\/wp\/v2\/posts\/36278","targetHints":{"allow":["GET"]}}],"collection":[{"href":"https:\/\/blogdojuniorcavalcanti.com.br\/index.php\/wp-json\/wp\/v2\/posts"}],"about":[{"href":"https:\/\/blogdojuniorcavalcanti.com.br\/index.php\/wp-json\/wp\/v2\/types\/post"}],"author":[{"embeddable":true,"href":"https:\/\/blogdojuniorcavalcanti.com.br\/index.php\/wp-json\/wp\/v2\/users\/2"}],"replies":[{"embeddable":true,"href":"https:\/\/blogdojuniorcavalcanti.com.br\/index.php\/wp-json\/wp\/v2\/comments?post=36278"}],"version-history":[{"count":2,"href":"https:\/\/blogdojuniorcavalcanti.com.br\/index.php\/wp-json\/wp\/v2\/posts\/36278\/revisions"}],"predecessor-version":[{"id":36281,"href":"https:\/\/blogdojuniorcavalcanti.com.br\/index.php\/wp-json\/wp\/v2\/posts\/36278\/revisions\/36281"}],"wp:featuredmedia":[{"embeddable":true,"href":"https:\/\/blogdojuniorcavalcanti.com.br\/index.php\/wp-json\/wp\/v2\/media\/36279"}],"wp:attachment":[{"href":"https:\/\/blogdojuniorcavalcanti.com.br\/index.php\/wp-json\/wp\/v2\/media?parent=36278"}],"wp:term":[{"taxonomy":"category","embeddable":true,"href":"https:\/\/blogdojuniorcavalcanti.com.br\/index.php\/wp-json\/wp\/v2\/categories?post=36278"},{"taxonomy":"post_tag","embeddable":true,"href":"https:\/\/blogdojuniorcavalcanti.com.br\/index.php\/wp-json\/wp\/v2\/tags?post=36278"}],"curies":[{"name":"wp","href":"https:\/\/api.w.org\/{rel}","templated":true}]}}