{"id":36311,"date":"2024-08-12T07:41:48","date_gmt":"2024-08-12T10:41:48","guid":{"rendered":"https:\/\/blogdojuniorcavalcanti.com.br\/?p=36311"},"modified":"2024-08-12T07:41:48","modified_gmt":"2024-08-12T10:41:48","slug":"e-serra-talhada","status":"publish","type":"post","link":"https:\/\/blogdojuniorcavalcanti.com.br\/index.php\/2024\/08\/12\/e-serra-talhada\/","title":{"rendered":"E Serra Talhada?"},"content":{"rendered":"<p style=\"text-align: justify;\"><span style=\"font-size: 14pt;\"><img fetchpriority=\"high\" decoding=\"async\" class=\"alignleft wp-image-188052 jetpack-lazy-image jetpack-lazy-image--handled\" src=\"https:\/\/i2.wp.com\/nilljunior.com.br\/wp-content\/uploads\/2020\/10\/multipla.jpg?resize=400%2C408&amp;ssl=1\" sizes=\"(max-width: 400px) 100vw, 400px\" srcset=\"https:\/\/i2.wp.com\/nilljunior.com.br\/wp-content\/uploads\/2020\/10\/multipla.jpg?w=653&amp;ssl=1 653w, https:\/\/i2.wp.com\/nilljunior.com.br\/wp-content\/uploads\/2020\/10\/multipla.jpg?resize=245%2C250&amp;ssl=1 245w, https:\/\/i2.wp.com\/nilljunior.com.br\/wp-content\/uploads\/2020\/10\/multipla.jpg?resize=392%2C400&amp;ssl=1 392w\" alt=\"\" width=\"400\" height=\"408\" data-attachment-id=\"188052\" data-permalink=\"https:\/\/nilljunior.com.br\/coligacao-de-victor-oliveira-tentou-impedir-divulgacao-da-pesquisa-por-liminar\/multipla-10\/\" data-orig-file=\"https:\/\/i2.wp.com\/nilljunior.com.br\/wp-content\/uploads\/2020\/10\/multipla.jpg?fit=653%2C666&amp;ssl=1\" data-orig-size=\"653,666\" data-comments-opened=\"1\" data-image-meta=\"{&quot;aperture&quot;:&quot;0&quot;,&quot;credit&quot;:&quot;&quot;,&quot;camera&quot;:&quot;&quot;,&quot;caption&quot;:&quot;&quot;,&quot;created_timestamp&quot;:&quot;0&quot;,&quot;copyright&quot;:&quot;&quot;,&quot;focal_length&quot;:&quot;0&quot;,&quot;iso&quot;:&quot;0&quot;,&quot;shutter_speed&quot;:&quot;0&quot;,&quot;title&quot;:&quot;&quot;,&quot;orientation&quot;:&quot;0&quot;}\" data-image-title=\"multipla\" data-image-description=\"\" data-medium-file=\"https:\/\/i2.wp.com\/nilljunior.com.br\/wp-content\/uploads\/2020\/10\/multipla.jpg?fit=245%2C250&amp;ssl=1\" data-large-file=\"https:\/\/i2.wp.com\/nilljunior.com.br\/wp-content\/uploads\/2020\/10\/multipla.jpg?fit=392%2C400&amp;ssl=1\" data-recalc-dims=\"1\" data-lazy-loaded=\"1\" \/><span style=\"font-family: arial, helvetica, sans-serif;\">Muitos leitores de Serra Talhada tem perguntado sobre a primeira pesquisa M\u00faltipla a ser divulgada na cidade.<\/span><\/span><\/p>\n<p style=\"text-align: justify;\"><span style=\"font-size: 14pt; font-family: arial, helvetica, sans-serif;\">Isso porque dentre os levantamentos h\u00e1 a previs\u00e3o de duas pesquisas divulgadas na Capital do Xaxado.<\/span><\/p>\n<p style=\"text-align: justify;\"><span style=\"font-size: 14pt; font-family: arial, helvetica, sans-serif;\">Entretanto,\u00a0 pela an\u00e1lise feita entre o blog e o Instituto,\u00a0 a ideia \u00e9 divulgar a primeira pesquisa ap\u00f3s o in\u00edcio da campanha eleitoral propriamente dita.<\/span><\/p>\n<p style=\"text-align: justify;\"><span style=\"font-size: 14pt; font-family: arial, helvetica, sans-serif;\">Pelo calend\u00e1rio eleitoral,\u00a0 a propaganda e campanha come\u00e7am dia 16 de agosto. A partir da\u00ed,\u00a0 a parceria vai estabelecer o per\u00edodo da primeira pesquisa. E na reta final da campanha,\u00a0 a segunda,\u00a0 com o tradicional desafio de cravar o resultado.<\/span><\/p>\n<p style=\"text-align: justify;\"><span style=\"font-size: 14pt; font-family: arial, helvetica, sans-serif;\">O mesmo se aplica a Afogados da Ingazeira,\u00a0 onde mais duas pesquisas ser\u00e3o divulgadas.<\/span><\/p>\n","protected":false},"excerpt":{"rendered":"<p>Muitos leitores de Serra Talhada tem perguntado sobre a primeira pesquisa M&uacute;ltipla a ser divulgada na cidade. Isso porque dentre os levantamentos h&aacute; a previs&atilde;o de duas pesquisas divulgadas na Capital do Xaxado. Entretanto,&nbsp; pela an&aacute;lise feita entre o blog e o Instituto,&nbsp; a ideia &eacute; divulgar a primeira pesquisa ap&oacute;s o in&iacute;cio da campanha eleitoral propriamente dita. Pelo calend&aacute;rio eleitoral,&nbsp; a propaganda e campanha come&ccedil;am dia 16 de agosto. A partir da&iacute;,&nbsp; a parceria vai estabelecer o per&iacute;odo da primeira pesquisa. E na reta final da campanha,&nbsp; a segunda,&nbsp; com o tradicional desafio de cravar o resultado. O mesmo &#8230; <\/p>\n<p class=\"read-more-container\"><a title=\"E Serra Talhada?\" class=\"read-more button\" href=\"https:\/\/blogdojuniorcavalcanti.com.br\/index.php\/2024\/08\/12\/e-serra-talhada\/#more-36311\" aria-label=\"More on E Serra Talhada?\">Leia mais<\/a><\/p>\n","protected":false},"author":2,"featured_media":0,"comment_status":"open","ping_status":"open","sticky":false,"template":"","format":"standard","meta":{"footnotes":""},"categories":[26],"tags":[],"class_list":["post-36311","post","type-post","status-publish","format-standard","hentry","category-noticias"],"_links":{"self":[{"href":"https:\/\/blogdojuniorcavalcanti.com.br\/index.php\/wp-json\/wp\/v2\/posts\/36311","targetHints":{"allow":["GET"]}}],"collection":[{"href":"https:\/\/blogdojuniorcavalcanti.com.br\/index.php\/wp-json\/wp\/v2\/posts"}],"about":[{"href":"https:\/\/blogdojuniorcavalcanti.com.br\/index.php\/wp-json\/wp\/v2\/types\/post"}],"author":[{"embeddable":true,"href":"https:\/\/blogdojuniorcavalcanti.com.br\/index.php\/wp-json\/wp\/v2\/users\/2"}],"replies":[{"embeddable":true,"href":"https:\/\/blogdojuniorcavalcanti.com.br\/index.php\/wp-json\/wp\/v2\/comments?post=36311"}],"version-history":[{"count":1,"href":"https:\/\/blogdojuniorcavalcanti.com.br\/index.php\/wp-json\/wp\/v2\/posts\/36311\/revisions"}],"predecessor-version":[{"id":36312,"href":"https:\/\/blogdojuniorcavalcanti.com.br\/index.php\/wp-json\/wp\/v2\/posts\/36311\/revisions\/36312"}],"wp:attachment":[{"href":"https:\/\/blogdojuniorcavalcanti.com.br\/index.php\/wp-json\/wp\/v2\/media?parent=36311"}],"wp:term":[{"taxonomy":"category","embeddable":true,"href":"https:\/\/blogdojuniorcavalcanti.com.br\/index.php\/wp-json\/wp\/v2\/categories?post=36311"},{"taxonomy":"post_tag","embeddable":true,"href":"https:\/\/blogdojuniorcavalcanti.com.br\/index.php\/wp-json\/wp\/v2\/tags?post=36311"}],"curies":[{"name":"wp","href":"https:\/\/api.w.org\/{rel}","templated":true}]}}