{"id":36348,"date":"2024-08-13T08:13:41","date_gmt":"2024-08-13T11:13:41","guid":{"rendered":"https:\/\/blogdojuniorcavalcanti.com.br\/?p=36348"},"modified":"2024-08-13T08:13:41","modified_gmt":"2024-08-13T11:13:41","slug":"venturosa-kelvin-tem-484-adriano-do-posto-376-e-ernandes-72-diz-multipla","status":"publish","type":"post","link":"https:\/\/blogdojuniorcavalcanti.com.br\/index.php\/2024\/08\/13\/venturosa-kelvin-tem-484-adriano-do-posto-376-e-ernandes-72-diz-multipla\/","title":{"rendered":"Venturosa: Kelvin tem 48,4%, Adriano do Posto 37,6% e Ernandes, 7,2%, diz M\u00faltipla"},"content":{"rendered":"<p style=\"text-align: justify;\"><span style=\"font-size: 14pt; font-family: arial, helvetica, sans-serif;\">O pr\u00e9-candidato governista \u00e0 prefeitura de Venturosa, Kelvin Cavalcanti, continua liderando as inten\u00e7\u00f5es de voto para a prefeitura de Venturosa.<\/span><\/p>\n<p style=\"text-align: justify;\"><span style=\"font-size: 14pt; font-family: arial, helvetica, sans-serif;\">Na pesquisa estimulada, ele tem 48,4% das inten\u00e7\u00f5es de voto contra 37,6% de Adriano do Posto e 7,2% de Ernandes da Farm\u00e1cia. Disseram votar branco ou nulo 3,6% contra 3,2% que se disseram indecisos ou n\u00e3o opinaram.<\/span><\/p>\n<p style=\"text-align: justify;\"><span style=\"font-size: 14pt; font-family: arial, helvetica, sans-serif;\"><img fetchpriority=\"high\" decoding=\"async\" class=\"aligncenter wp-image-288489 jetpack-lazy-image jetpack-lazy-image--handled\" src=\"https:\/\/i0.wp.com\/nilljunior.com.br\/wp-content\/uploads\/2024\/08\/Screenshot_20240812_202340_Word.jpg?resize=550%2C314&amp;ssl=1\" sizes=\"(max-width: 550px) 100vw, 550px\" srcset=\"https:\/\/i0.wp.com\/nilljunior.com.br\/wp-content\/uploads\/2024\/08\/Screenshot_20240812_202340_Word.jpg?w=928&amp;ssl=1 928w, https:\/\/i0.wp.com\/nilljunior.com.br\/wp-content\/uploads\/2024\/08\/Screenshot_20240812_202340_Word.jpg?resize=300%2C171&amp;ssl=1 300w, https:\/\/i0.wp.com\/nilljunior.com.br\/wp-content\/uploads\/2024\/08\/Screenshot_20240812_202340_Word.jpg?resize=768%2C438&amp;ssl=1 768w, https:\/\/i0.wp.com\/nilljunior.com.br\/wp-content\/uploads\/2024\/08\/Screenshot_20240812_202340_Word.jpg?resize=600%2C342&amp;ssl=1 600w\" alt=\"\" width=\"550\" height=\"314\" data-attachment-id=\"288489\" data-permalink=\"https:\/\/nilljunior.com.br\/venturosa-kelvin-tem-484-adriano-do-posto-376-e-ernandes-72-diz-multipla\/screenshot_20240812_202340_word\/\" data-orig-file=\"https:\/\/i0.wp.com\/nilljunior.com.br\/wp-content\/uploads\/2024\/08\/Screenshot_20240812_202340_Word.jpg?fit=928%2C529&amp;ssl=1\" data-orig-size=\"928,529\" data-comments-opened=\"1\" data-image-meta=\"{&quot;aperture&quot;:&quot;0&quot;,&quot;credit&quot;:&quot;&quot;,&quot;camera&quot;:&quot;&quot;,&quot;caption&quot;:&quot;&quot;,&quot;created_timestamp&quot;:&quot;0&quot;,&quot;copyright&quot;:&quot;&quot;,&quot;focal_length&quot;:&quot;0&quot;,&quot;iso&quot;:&quot;0&quot;,&quot;shutter_speed&quot;:&quot;0&quot;,&quot;title&quot;:&quot;&quot;,&quot;orientation&quot;:&quot;0&quot;}\" data-image-title=\"Screenshot_20240812_202340_Word\" data-image-description=\"\" data-medium-file=\"https:\/\/i0.wp.com\/nilljunior.com.br\/wp-content\/uploads\/2024\/08\/Screenshot_20240812_202340_Word.jpg?fit=300%2C171&amp;ssl=1\" data-large-file=\"https:\/\/i0.wp.com\/nilljunior.com.br\/wp-content\/uploads\/2024\/08\/Screenshot_20240812_202340_Word.jpg?fit=600%2C342&amp;ssl=1\" data-recalc-dims=\"1\" data-lazy-loaded=\"1\" \/><\/span><\/p>\n<p style=\"text-align: justify;\"><span style=\"font-size: 14pt; font-family: arial, helvetica, sans-serif;\">Na pesquisa de 28 de junho, Kelvin tinha 45%. Cresceu 3,4%, oscilando dentro da margem de erro. Adriano do Posto tinha 32% e foi a 37,6%, subindo\u00a0 5,6%. J\u00e1 Ernandes da Farm\u00e1cia caiu de 13% para 7,2%. Ou seja, Kelvin mant\u00e9m a lideran\u00e7a e Ernandes desidratou sua vota\u00e7\u00e3o.<\/span><\/p>\n<p style=\"text-align: justify;\"><span style=\"font-size: 14pt; font-family: arial, helvetica, sans-serif;\">Na pesquisa espont\u00e2nea, onde n\u00e3o s\u00e3o citados os nomes dos pr\u00e9-candidatos, Kelvin tem 45,2% contra 35,6% de Adriano do Posto e 4,8% de Ernandes da Farm\u00e1cia. Se declararam no voto branco ou nulo, 2% e outros, indecisos ou os que n\u00e3o opinaram, foram 12,4%.<\/span><\/p>\n<p style=\"text-align: justify;\"><span style=\"font-size: 14pt; font-family: arial, helvetica, sans-serif;\"><img decoding=\"async\" class=\"aligncenter wp-image-288490 jetpack-lazy-image jetpack-lazy-image--handled\" src=\"https:\/\/i2.wp.com\/nilljunior.com.br\/wp-content\/uploads\/2024\/08\/Screenshot_20240812_202402_Word.jpg?resize=550%2C306&amp;ssl=1\" sizes=\"(max-width: 550px) 100vw, 550px\" srcset=\"https:\/\/i2.wp.com\/nilljunior.com.br\/wp-content\/uploads\/2024\/08\/Screenshot_20240812_202402_Word.jpg?w=912&amp;ssl=1 912w, https:\/\/i2.wp.com\/nilljunior.com.br\/wp-content\/uploads\/2024\/08\/Screenshot_20240812_202402_Word.jpg?resize=300%2C167&amp;ssl=1 300w, https:\/\/i2.wp.com\/nilljunior.com.br\/wp-content\/uploads\/2024\/08\/Screenshot_20240812_202402_Word.jpg?resize=768%2C428&amp;ssl=1 768w, https:\/\/i2.wp.com\/nilljunior.com.br\/wp-content\/uploads\/2024\/08\/Screenshot_20240812_202402_Word.jpg?resize=600%2C334&amp;ssl=1 600w\" alt=\"\" width=\"550\" height=\"306\" data-attachment-id=\"288490\" data-permalink=\"https:\/\/nilljunior.com.br\/venturosa-kelvin-tem-484-adriano-do-posto-376-e-ernandes-72-diz-multipla\/screenshot_20240812_202402_word\/\" data-orig-file=\"https:\/\/i2.wp.com\/nilljunior.com.br\/wp-content\/uploads\/2024\/08\/Screenshot_20240812_202402_Word.jpg?fit=912%2C508&amp;ssl=1\" data-orig-size=\"912,508\" data-comments-opened=\"1\" data-image-meta=\"{&quot;aperture&quot;:&quot;0&quot;,&quot;credit&quot;:&quot;&quot;,&quot;camera&quot;:&quot;&quot;,&quot;caption&quot;:&quot;&quot;,&quot;created_timestamp&quot;:&quot;0&quot;,&quot;copyright&quot;:&quot;&quot;,&quot;focal_length&quot;:&quot;0&quot;,&quot;iso&quot;:&quot;0&quot;,&quot;shutter_speed&quot;:&quot;0&quot;,&quot;title&quot;:&quot;&quot;,&quot;orientation&quot;:&quot;0&quot;}\" data-image-title=\"Screenshot_20240812_202402_Word\" data-image-description=\"\" data-medium-file=\"https:\/\/i2.wp.com\/nilljunior.com.br\/wp-content\/uploads\/2024\/08\/Screenshot_20240812_202402_Word.jpg?fit=300%2C167&amp;ssl=1\" data-large-file=\"https:\/\/i2.wp.com\/nilljunior.com.br\/wp-content\/uploads\/2024\/08\/Screenshot_20240812_202402_Word.jpg?fit=600%2C334&amp;ssl=1\" data-recalc-dims=\"1\" data-lazy-loaded=\"1\" \/><\/span><\/p>\n<p style=\"text-align: justify;\"><span style=\"font-size: 14pt; font-family: arial, helvetica, sans-serif;\"><strong>Rejei\u00e7\u00e3o:<\/strong>\u00a0quando o tema \u00e9 rejei\u00e7\u00e3o, aquele candidato em que a popula\u00e7\u00e3o diz conhecer e n\u00e3o votar de jeito nenhum, Ernandes da Farm\u00e1cia tem 48,8% e Adriano do Posto tem 45,2%, contra 37,6% de Kelvin. A pergunta \u00e9 individual,\u00a0 sem permitir somar os resultados.<\/span><\/p>\n<p style=\"text-align: justify;\"><span style=\"font-size: 14pt; font-family: arial, helvetica, sans-serif;\"><img decoding=\"async\" class=\"aligncenter wp-image-288491 jetpack-lazy-image jetpack-lazy-image--handled\" src=\"https:\/\/i2.wp.com\/nilljunior.com.br\/wp-content\/uploads\/2024\/08\/Screenshot_20240812_202458_Word.jpg?resize=550%2C300&amp;ssl=1\" sizes=\"(max-width: 550px) 100vw, 550px\" srcset=\"https:\/\/i2.wp.com\/nilljunior.com.br\/wp-content\/uploads\/2024\/08\/Screenshot_20240812_202458_Word.jpg?w=911&amp;ssl=1 911w, https:\/\/i2.wp.com\/nilljunior.com.br\/wp-content\/uploads\/2024\/08\/Screenshot_20240812_202458_Word.jpg?resize=300%2C164&amp;ssl=1 300w, https:\/\/i2.wp.com\/nilljunior.com.br\/wp-content\/uploads\/2024\/08\/Screenshot_20240812_202458_Word.jpg?resize=768%2C419&amp;ssl=1 768w, https:\/\/i2.wp.com\/nilljunior.com.br\/wp-content\/uploads\/2024\/08\/Screenshot_20240812_202458_Word.jpg?resize=600%2C327&amp;ssl=1 600w\" alt=\"\" width=\"550\" height=\"300\" data-attachment-id=\"288491\" data-permalink=\"https:\/\/nilljunior.com.br\/venturosa-kelvin-tem-484-adriano-do-posto-376-e-ernandes-72-diz-multipla\/screenshot_20240812_202458_word\/\" data-orig-file=\"https:\/\/i2.wp.com\/nilljunior.com.br\/wp-content\/uploads\/2024\/08\/Screenshot_20240812_202458_Word.jpg?fit=911%2C497&amp;ssl=1\" data-orig-size=\"911,497\" data-comments-opened=\"1\" data-image-meta=\"{&quot;aperture&quot;:&quot;0&quot;,&quot;credit&quot;:&quot;&quot;,&quot;camera&quot;:&quot;&quot;,&quot;caption&quot;:&quot;&quot;,&quot;created_timestamp&quot;:&quot;0&quot;,&quot;copyright&quot;:&quot;&quot;,&quot;focal_length&quot;:&quot;0&quot;,&quot;iso&quot;:&quot;0&quot;,&quot;shutter_speed&quot;:&quot;0&quot;,&quot;title&quot;:&quot;&quot;,&quot;orientation&quot;:&quot;0&quot;}\" data-image-title=\"Screenshot_20240812_202458_Word\" data-image-description=\"\" data-medium-file=\"https:\/\/i2.wp.com\/nilljunior.com.br\/wp-content\/uploads\/2024\/08\/Screenshot_20240812_202458_Word.jpg?fit=300%2C164&amp;ssl=1\" data-large-file=\"https:\/\/i2.wp.com\/nilljunior.com.br\/wp-content\/uploads\/2024\/08\/Screenshot_20240812_202458_Word.jpg?fit=600%2C327&amp;ssl=1\" data-recalc-dims=\"1\" data-lazy-loaded=\"1\" \/><\/span><\/p>\n<p style=\"text-align: justify;\"><span style=\"font-size: 14pt; font-family: arial, helvetica, sans-serif;\"><strong>Avalia\u00e7\u00e3o da gest\u00e3o do Dr Eudes<\/strong><\/span><\/p>\n<p style=\"text-align: justify;\"><span style=\"font-size: 14pt; font-family: arial, helvetica, sans-serif;\">O M\u00faltipla quis saber a percep\u00e7\u00e3o da popula\u00e7\u00e3o sobre a gest\u00e3o do Dr Eudes. Quando a pergunta \u00e9 sobre aprova\u00e7\u00e3o,\u00a0 70% aprovam, 22,8% desaprovam e 7,2% n\u00e3o opinaram.<\/span><\/p>\n<p style=\"text-align: justify;\"><span style=\"font-size: 14pt; font-family: arial, helvetica, sans-serif;\"><img loading=\"lazy\" decoding=\"async\" class=\"aligncenter wp-image-288492 jetpack-lazy-image jetpack-lazy-image--handled\" src=\"https:\/\/i1.wp.com\/nilljunior.com.br\/wp-content\/uploads\/2024\/08\/Screenshot_20240812_202515_Word.jpg?resize=550%2C260&amp;ssl=1\" sizes=\"(max-width: 550px) 100vw, 550px\" srcset=\"https:\/\/i1.wp.com\/nilljunior.com.br\/wp-content\/uploads\/2024\/08\/Screenshot_20240812_202515_Word.jpg?w=917&amp;ssl=1 917w, https:\/\/i1.wp.com\/nilljunior.com.br\/wp-content\/uploads\/2024\/08\/Screenshot_20240812_202515_Word.jpg?resize=300%2C142&amp;ssl=1 300w, https:\/\/i1.wp.com\/nilljunior.com.br\/wp-content\/uploads\/2024\/08\/Screenshot_20240812_202515_Word.jpg?resize=768%2C363&amp;ssl=1 768w, https:\/\/i1.wp.com\/nilljunior.com.br\/wp-content\/uploads\/2024\/08\/Screenshot_20240812_202515_Word.jpg?resize=600%2C284&amp;ssl=1 600w\" alt=\"\" width=\"550\" height=\"260\" data-attachment-id=\"288492\" data-permalink=\"https:\/\/nilljunior.com.br\/venturosa-kelvin-tem-484-adriano-do-posto-376-e-ernandes-72-diz-multipla\/screenshot_20240812_202515_word\/\" data-orig-file=\"https:\/\/i1.wp.com\/nilljunior.com.br\/wp-content\/uploads\/2024\/08\/Screenshot_20240812_202515_Word.jpg?fit=917%2C434&amp;ssl=1\" data-orig-size=\"917,434\" data-comments-opened=\"1\" data-image-meta=\"{&quot;aperture&quot;:&quot;0&quot;,&quot;credit&quot;:&quot;&quot;,&quot;camera&quot;:&quot;&quot;,&quot;caption&quot;:&quot;&quot;,&quot;created_timestamp&quot;:&quot;0&quot;,&quot;copyright&quot;:&quot;&quot;,&quot;focal_length&quot;:&quot;0&quot;,&quot;iso&quot;:&quot;0&quot;,&quot;shutter_speed&quot;:&quot;0&quot;,&quot;title&quot;:&quot;&quot;,&quot;orientation&quot;:&quot;0&quot;}\" data-image-title=\"Screenshot_20240812_202515_Word\" data-image-description=\"\" data-medium-file=\"https:\/\/i1.wp.com\/nilljunior.com.br\/wp-content\/uploads\/2024\/08\/Screenshot_20240812_202515_Word.jpg?fit=300%2C142&amp;ssl=1\" data-large-file=\"https:\/\/i1.wp.com\/nilljunior.com.br\/wp-content\/uploads\/2024\/08\/Screenshot_20240812_202515_Word.jpg?fit=600%2C284&amp;ssl=1\" data-recalc-dims=\"1\" data-lazy-loaded=\"1\" \/><\/span><\/p>\n<p style=\"text-align: justify;\"><span style=\"font-size: 14pt; font-family: arial, helvetica, sans-serif;\">Chamada a classificar a gest\u00e3o, 30,8% disseram que \u00e9 \u00f3tima,\u00a0 \u00a028,8% afirmam ser boa,\u00a0 23,6% regular, 4,4% ruim e 11,2%, p\u00e9ssima. N\u00e3o opinaram 1,2%.<\/span><\/p>\n<p style=\"text-align: justify;\"><span style=\"font-size: 14pt; font-family: arial, helvetica, sans-serif;\"><img loading=\"lazy\" decoding=\"async\" class=\"aligncenter wp-image-288493 jetpack-lazy-image jetpack-lazy-image--handled\" src=\"https:\/\/i1.wp.com\/nilljunior.com.br\/wp-content\/uploads\/2024\/08\/Screenshot_20240812_202555_Word.jpg?resize=550%2C278&amp;ssl=1\" sizes=\"(max-width: 550px) 100vw, 550px\" srcset=\"https:\/\/i1.wp.com\/nilljunior.com.br\/wp-content\/uploads\/2024\/08\/Screenshot_20240812_202555_Word.jpg?w=932&amp;ssl=1 932w, https:\/\/i1.wp.com\/nilljunior.com.br\/wp-content\/uploads\/2024\/08\/Screenshot_20240812_202555_Word.jpg?resize=300%2C152&amp;ssl=1 300w, https:\/\/i1.wp.com\/nilljunior.com.br\/wp-content\/uploads\/2024\/08\/Screenshot_20240812_202555_Word.jpg?resize=768%2C388&amp;ssl=1 768w, https:\/\/i1.wp.com\/nilljunior.com.br\/wp-content\/uploads\/2024\/08\/Screenshot_20240812_202555_Word.jpg?resize=600%2C303&amp;ssl=1 600w\" alt=\"\" width=\"550\" height=\"278\" data-attachment-id=\"288493\" data-permalink=\"https:\/\/nilljunior.com.br\/venturosa-kelvin-tem-484-adriano-do-posto-376-e-ernandes-72-diz-multipla\/screenshot_20240812_202555_word\/\" data-orig-file=\"https:\/\/i1.wp.com\/nilljunior.com.br\/wp-content\/uploads\/2024\/08\/Screenshot_20240812_202555_Word.jpg?fit=932%2C471&amp;ssl=1\" data-orig-size=\"932,471\" data-comments-opened=\"1\" data-image-meta=\"{&quot;aperture&quot;:&quot;0&quot;,&quot;credit&quot;:&quot;&quot;,&quot;camera&quot;:&quot;&quot;,&quot;caption&quot;:&quot;&quot;,&quot;created_timestamp&quot;:&quot;0&quot;,&quot;copyright&quot;:&quot;&quot;,&quot;focal_length&quot;:&quot;0&quot;,&quot;iso&quot;:&quot;0&quot;,&quot;shutter_speed&quot;:&quot;0&quot;,&quot;title&quot;:&quot;&quot;,&quot;orientation&quot;:&quot;0&quot;}\" data-image-title=\"Screenshot_20240812_202555_Word\" data-image-description=\"\" data-medium-file=\"https:\/\/i1.wp.com\/nilljunior.com.br\/wp-content\/uploads\/2024\/08\/Screenshot_20240812_202555_Word.jpg?fit=300%2C152&amp;ssl=1\" data-large-file=\"https:\/\/i1.wp.com\/nilljunior.com.br\/wp-content\/uploads\/2024\/08\/Screenshot_20240812_202555_Word.jpg?fit=600%2C303&amp;ssl=1\" data-recalc-dims=\"1\" data-lazy-loaded=\"1\" \/><\/span><\/p>\n<p style=\"text-align: justify;\"><span style=\"font-size: 14pt; font-family: arial, helvetica, sans-serif;\">O registro \u00e9 o PE \u2013 01334\/2024. Contratada pelo blog, a pesquisa foi realizada dias 7 e 8 de agosto.<\/span><\/p>\n<p style=\"text-align: justify;\"><span style=\"font-size: 14pt; font-family: arial, helvetica, sans-serif;\">Foram 250 entrevistas, com intervalo de confian\u00e7a de 95% e margem de erro para mais ou menos de 6,2%.<\/span><\/p>\n<p style=\"text-align: justify;\"><span style=\"font-size: 14pt; font-family: arial, helvetica, sans-serif;\">Fonte p\u00fablica para realiza\u00e7\u00e3o da pesquisa \u2013 Censo 2010\/2022 e TSE (Julho\/24).<\/span><\/p>\n","protected":false},"excerpt":{"rendered":"<p>O pr&eacute;-candidato governista &agrave; prefeitura de Venturosa, Kelvin Cavalcanti, continua liderando as inten&ccedil;&otilde;es de voto para a prefeitura de Venturosa. Na pesquisa estimulada, ele tem 48,4% das inten&ccedil;&otilde;es de voto contra 37,6% de Adriano do Posto e 7,2% de Ernandes da Farm&aacute;cia. Disseram votar branco ou nulo 3,6% contra 3,2% que se disseram indecisos ou n&atilde;o opinaram. Na pesquisa de 28 de junho, Kelvin tinha 45%. Cresceu 3,4%, oscilando dentro da margem de erro. Adriano do Posto tinha 32% e foi a 37,6%, subindo&nbsp; 5,6%. J&aacute; Ernandes da Farm&aacute;cia caiu de 13% para 7,2%. Ou seja, Kelvin mant&eacute;m a lideran&ccedil;a &#8230; <\/p>\n<p class=\"read-more-container\"><a title=\"Venturosa: Kelvin tem 48,4%, Adriano do Posto 37,6% e Ernandes, 7,2%, diz M\u00faltipla\" class=\"read-more button\" href=\"https:\/\/blogdojuniorcavalcanti.com.br\/index.php\/2024\/08\/13\/venturosa-kelvin-tem-484-adriano-do-posto-376-e-ernandes-72-diz-multipla\/#more-36348\" aria-label=\"More on Venturosa: Kelvin tem 48,4%, Adriano do Posto 37,6% e Ernandes, 7,2%, diz M\u00faltipla\">Leia mais<\/a><\/p>\n","protected":false},"author":2,"featured_media":36349,"comment_status":"open","ping_status":"open","sticky":false,"template":"","format":"standard","meta":{"footnotes":""},"categories":[25],"tags":[],"class_list":["post-36348","post","type-post","status-publish","format-standard","has-post-thumbnail","hentry","category-destaque","resize-featured-image"],"_links":{"self":[{"href":"https:\/\/blogdojuniorcavalcanti.com.br\/index.php\/wp-json\/wp\/v2\/posts\/36348","targetHints":{"allow":["GET"]}}],"collection":[{"href":"https:\/\/blogdojuniorcavalcanti.com.br\/index.php\/wp-json\/wp\/v2\/posts"}],"about":[{"href":"https:\/\/blogdojuniorcavalcanti.com.br\/index.php\/wp-json\/wp\/v2\/types\/post"}],"author":[{"embeddable":true,"href":"https:\/\/blogdojuniorcavalcanti.com.br\/index.php\/wp-json\/wp\/v2\/users\/2"}],"replies":[{"embeddable":true,"href":"https:\/\/blogdojuniorcavalcanti.com.br\/index.php\/wp-json\/wp\/v2\/comments?post=36348"}],"version-history":[{"count":1,"href":"https:\/\/blogdojuniorcavalcanti.com.br\/index.php\/wp-json\/wp\/v2\/posts\/36348\/revisions"}],"predecessor-version":[{"id":36350,"href":"https:\/\/blogdojuniorcavalcanti.com.br\/index.php\/wp-json\/wp\/v2\/posts\/36348\/revisions\/36350"}],"wp:featuredmedia":[{"embeddable":true,"href":"https:\/\/blogdojuniorcavalcanti.com.br\/index.php\/wp-json\/wp\/v2\/media\/36349"}],"wp:attachment":[{"href":"https:\/\/blogdojuniorcavalcanti.com.br\/index.php\/wp-json\/wp\/v2\/media?parent=36348"}],"wp:term":[{"taxonomy":"category","embeddable":true,"href":"https:\/\/blogdojuniorcavalcanti.com.br\/index.php\/wp-json\/wp\/v2\/categories?post=36348"},{"taxonomy":"post_tag","embeddable":true,"href":"https:\/\/blogdojuniorcavalcanti.com.br\/index.php\/wp-json\/wp\/v2\/tags?post=36348"}],"curies":[{"name":"wp","href":"https:\/\/api.w.org\/{rel}","templated":true}]}}