{"id":36411,"date":"2024-08-15T09:59:25","date_gmt":"2024-08-15T12:59:25","guid":{"rendered":"https:\/\/blogdojuniorcavalcanti.com.br\/?p=36411"},"modified":"2024-08-15T09:59:25","modified_gmt":"2024-08-15T12:59:25","slug":"governo-de-pernambuco-diz-que-4-a-cada-5-jovens-mortos-estavam-envolvidos-com-crime","status":"publish","type":"post","link":"https:\/\/blogdojuniorcavalcanti.com.br\/index.php\/2024\/08\/15\/governo-de-pernambuco-diz-que-4-a-cada-5-jovens-mortos-estavam-envolvidos-com-crime\/","title":{"rendered":"Governo de Pernambuco diz que 4 a cada 5 jovens mortos estavam envolvidos com crime"},"content":{"rendered":"<p><span style=\"font-size: 14pt; font-family: arial, helvetica, sans-serif;\"><img fetchpriority=\"high\" decoding=\"async\" class=\"alignnone  wp-image-17480 aligncenter\" src=\"https:\/\/afogadosonline.com.br\/wp-content\/uploads\/2020\/08\/violencia.jpg\" sizes=\"(max-width: 629px) 100vw, 629px\" srcset=\"https:\/\/afogadosonline.com.br\/wp-content\/uploads\/2020\/08\/violencia.jpg 620w, https:\/\/afogadosonline.com.br\/wp-content\/uploads\/2020\/08\/violencia-300x176.jpg 300w\" alt=\"\" width=\"629\" height=\"368\" \/><\/span><\/p>\n<p style=\"text-align: justify;\"><span style=\"font-size: 14pt; font-family: arial, helvetica, sans-serif;\">A Secretaria de Defesa Social (SDS) afirmou, nesta quarta-feira (14), que quatro a cada cinco crian\u00e7as e adolescentes que foram v\u00edtimas de homic\u00eddio em Pernambuco tinham envolvimento com crimes.<\/span><\/p>\n<p style=\"text-align: justify;\"><span style=\"font-size: 14pt; font-family: arial, helvetica, sans-serif;\">Segundo o governo Raquel Lyra (PSDB), o Estado registrou um total de 632 crian\u00e7as ou adolescentes, com idades entre 0 a 19 anos, assassinados no per\u00edodo entre janeiro de 2023 e junho de 2024. Desses, 494 jovens, ou 78%, teriam \u201cenvolvimento com atividades criminais\u201d, de acordo com a pasta.<\/span><\/p>\n<p style=\"text-align: justify;\"><span style=\"font-size: 14pt; font-family: arial, helvetica, sans-serif;\">O governo n\u00e3o detalhou se o dado apresentado dos \u00faltimos 18 meses \u00e9 referente a casos de jovens que j\u00e1 tinham passagens pelo sistema socioeducativo ou se foram mortos durante o cometimento de alguma atividade il\u00edcita.<\/span><\/p>\n<p style=\"text-align: justify;\"><span style=\"font-size: 14pt; font-family: arial, helvetica, sans-serif;\">A informa\u00e7\u00e3o \u00e9 uma resposta \u00e0 pesquisa do Fundo das Na\u00e7\u00f5es Unidas para a Inf\u00e2ncia (Unicef) e do F\u00f3rum Brasileiro de Seguran\u00e7a P\u00fablica (FBSP), divulgada na ter\u00e7a (13).<\/span><\/p>\n","protected":false},"excerpt":{"rendered":"<p>A Secretaria de Defesa Social (SDS) afirmou, nesta quarta-feira (14), que quatro a cada cinco crian&ccedil;as e adolescentes que foram v&iacute;timas de homic&iacute;dio em Pernambuco tinham envolvimento com crimes. Segundo o governo Raquel Lyra (PSDB), o Estado registrou um total de 632 crian&ccedil;as ou adolescentes, com idades entre 0 a 19 anos, assassinados no per&iacute;odo entre janeiro de 2023 e junho de 2024. Desses, 494 jovens, ou 78%, teriam &ldquo;envolvimento com atividades criminais&rdquo;, de acordo com a pasta. O governo n&atilde;o detalhou se o dado apresentado dos &uacute;ltimos 18 meses &eacute; referente a casos de jovens que j&aacute; tinham passagens &#8230; <\/p>\n<p class=\"read-more-container\"><a title=\"Governo de Pernambuco diz que 4 a cada 5 jovens mortos estavam envolvidos com crime\" class=\"read-more button\" href=\"https:\/\/blogdojuniorcavalcanti.com.br\/index.php\/2024\/08\/15\/governo-de-pernambuco-diz-que-4-a-cada-5-jovens-mortos-estavam-envolvidos-com-crime\/#more-36411\" aria-label=\"More on Governo de Pernambuco diz que 4 a cada 5 jovens mortos estavam envolvidos com crime\">Leia mais<\/a><\/p>\n","protected":false},"author":2,"featured_media":0,"comment_status":"open","ping_status":"open","sticky":false,"template":"","format":"standard","meta":{"footnotes":""},"categories":[26],"tags":[],"class_list":["post-36411","post","type-post","status-publish","format-standard","hentry","category-noticias"],"_links":{"self":[{"href":"https:\/\/blogdojuniorcavalcanti.com.br\/index.php\/wp-json\/wp\/v2\/posts\/36411","targetHints":{"allow":["GET"]}}],"collection":[{"href":"https:\/\/blogdojuniorcavalcanti.com.br\/index.php\/wp-json\/wp\/v2\/posts"}],"about":[{"href":"https:\/\/blogdojuniorcavalcanti.com.br\/index.php\/wp-json\/wp\/v2\/types\/post"}],"author":[{"embeddable":true,"href":"https:\/\/blogdojuniorcavalcanti.com.br\/index.php\/wp-json\/wp\/v2\/users\/2"}],"replies":[{"embeddable":true,"href":"https:\/\/blogdojuniorcavalcanti.com.br\/index.php\/wp-json\/wp\/v2\/comments?post=36411"}],"version-history":[{"count":1,"href":"https:\/\/blogdojuniorcavalcanti.com.br\/index.php\/wp-json\/wp\/v2\/posts\/36411\/revisions"}],"predecessor-version":[{"id":36412,"href":"https:\/\/blogdojuniorcavalcanti.com.br\/index.php\/wp-json\/wp\/v2\/posts\/36411\/revisions\/36412"}],"wp:attachment":[{"href":"https:\/\/blogdojuniorcavalcanti.com.br\/index.php\/wp-json\/wp\/v2\/media?parent=36411"}],"wp:term":[{"taxonomy":"category","embeddable":true,"href":"https:\/\/blogdojuniorcavalcanti.com.br\/index.php\/wp-json\/wp\/v2\/categories?post=36411"},{"taxonomy":"post_tag","embeddable":true,"href":"https:\/\/blogdojuniorcavalcanti.com.br\/index.php\/wp-json\/wp\/v2\/tags?post=36411"}],"curies":[{"name":"wp","href":"https:\/\/api.w.org\/{rel}","templated":true}]}}