{"id":36413,"date":"2024-08-15T10:00:18","date_gmt":"2024-08-15T13:00:18","guid":{"rendered":"https:\/\/blogdojuniorcavalcanti.com.br\/?p=36413"},"modified":"2024-08-15T10:00:18","modified_gmt":"2024-08-15T13:00:18","slug":"sad-e-ses-pe-lancam-selecao-publica-simplificada-para-contratacao-temporaria-de-58-medicos","status":"publish","type":"post","link":"https:\/\/blogdojuniorcavalcanti.com.br\/index.php\/2024\/08\/15\/sad-e-ses-pe-lancam-selecao-publica-simplificada-para-contratacao-temporaria-de-58-medicos\/","title":{"rendered":"SAD e SES-PE lan\u00e7am sele\u00e7\u00e3o p\u00fablica simplificada para contrata\u00e7\u00e3o tempor\u00e1ria de 58 m\u00e9dicos"},"content":{"rendered":"<p style=\"text-align: justify;\"><span style=\"font-size: 14pt; font-family: arial, helvetica, sans-serif;\"><img fetchpriority=\"high\" decoding=\"async\" class=\"wp-image-167688  aligncenter\" src=\"https:\/\/penoticias.com.br\/blog\/wp-content\/uploads\/2024\/08\/aa-60.jpg\" sizes=\"(max-width: 671px) 100vw, 671px\" srcset=\"https:\/\/penoticias.com.br\/blog\/wp-content\/uploads\/2024\/08\/aa-60.jpg 800w, https:\/\/penoticias.com.br\/blog\/wp-content\/uploads\/2024\/08\/aa-60-300x229.jpg 300w, https:\/\/penoticias.com.br\/blog\/wp-content\/uploads\/2024\/08\/aa-60-768x586.jpg 768w\" alt=\"\" width=\"671\" height=\"512\" \/><\/span><\/p>\n<p style=\"text-align: justify;\"><span style=\"font-size: 14pt; font-family: arial, helvetica, sans-serif;\">A Secretaria de Administra\u00e7\u00e3o (SAD), em conjunto com a Secretaria Estadual de Sa\u00fade de Pernambuco (SES-PE), lan\u00e7ou sele\u00e7\u00e3o p\u00fablica simplificada destinada \u00e0 contrata\u00e7\u00e3o tempor\u00e1ria de 58 m\u00e9dicos para atua\u00e7\u00e3o no Recife e em Garanhuns. As inscri\u00e7\u00f5es teve in\u00edcio a partir desta quarta-feira (14) e podem ser realizadas at\u00e9 o dia 28 de agosto.<\/span><\/p>\n<p style=\"text-align: justify;\"><span style=\"font-size: 14pt; font-family: arial, helvetica, sans-serif;\">As vagas s\u00e3o para cirurgi\u00e3o pedi\u00e1trico, cirurgi\u00e3o geral, cl\u00ednico geral, endoscopista, intensivista pedi\u00e1trico, neonatologista, traumato-ortopedista, pediatra, radiologista, tocogenicologista e urologista. A sele\u00e7\u00e3o p\u00fablica ser\u00e1 realizada em fase \u00fanica de avalia\u00e7\u00e3o curricular, de car\u00e1ter classificat\u00f3rio e eliminat\u00f3rio, sendo destinada para quem possui n\u00edvel superior completo em Medicina. A contrata\u00e7\u00e3o tempor\u00e1ria ter\u00e1 dura\u00e7\u00e3o de at\u00e9 12 meses, podendo ser prorrogada, observados os prazos da Lei 14.547\/2011.<\/span><\/p>\n<p style=\"text-align: justify;\"><span style=\"font-size: 14pt; font-family: arial, helvetica, sans-serif;\">As remunera\u00e7\u00f5es variam de R$ 7.164,14 a R$ 11.548,95 para jornadas de trabalho de at\u00e9 24h semanais, com lota\u00e7\u00e3o nas Unidades de Sa\u00fade I e V, situadas no Recife e em Garanhuns, respectivamente. Inscri\u00e7\u00f5es e mais informa\u00e7\u00f5es podem ser obtidas no endere\u00e7o:\u00a0<em>selecionases.saude.pe.gov.br.<\/em><\/span><\/p>\n<p style=\"text-align: justify;\"><span style=\"font-size: 14pt; font-family: arial, helvetica, sans-serif;\">Para conferir o edital,\u00a0<strong><a href=\"https:\/\/drive.google.com\/file\/d\/1skyTjvONAeobnOyzIW8j9hiPY0U74J1q\/view?usp=drive_link\">clique aqui<\/a><\/strong><\/span><\/p>\n","protected":false},"excerpt":{"rendered":"<p>A Secretaria de Administra&ccedil;&atilde;o (SAD), em conjunto com a Secretaria Estadual de Sa&uacute;de de Pernambuco (SES-PE), lan&ccedil;ou sele&ccedil;&atilde;o p&uacute;blica simplificada destinada &agrave; contrata&ccedil;&atilde;o tempor&aacute;ria de 58 m&eacute;dicos para atua&ccedil;&atilde;o no Recife e em Garanhuns. As inscri&ccedil;&otilde;es teve in&iacute;cio a partir desta quarta-feira (14) e podem ser realizadas at&eacute; o dia 28 de agosto. As vagas s&atilde;o para cirurgi&atilde;o pedi&aacute;trico, cirurgi&atilde;o geral, cl&iacute;nico geral, endoscopista, intensivista pedi&aacute;trico, neonatologista, traumato-ortopedista, pediatra, radiologista, tocogenicologista e urologista. A sele&ccedil;&atilde;o p&uacute;blica ser&aacute; realizada em fase &uacute;nica de avalia&ccedil;&atilde;o curricular, de car&aacute;ter classificat&oacute;rio e eliminat&oacute;rio, sendo destinada para quem possui n&iacute;vel superior completo em Medicina. A &#8230; <\/p>\n<p class=\"read-more-container\"><a title=\"SAD e SES-PE lan\u00e7am sele\u00e7\u00e3o p\u00fablica simplificada para contrata\u00e7\u00e3o tempor\u00e1ria de 58 m\u00e9dicos\" class=\"read-more button\" href=\"https:\/\/blogdojuniorcavalcanti.com.br\/index.php\/2024\/08\/15\/sad-e-ses-pe-lancam-selecao-publica-simplificada-para-contratacao-temporaria-de-58-medicos\/#more-36413\" aria-label=\"More on SAD e SES-PE lan\u00e7am sele\u00e7\u00e3o p\u00fablica simplificada para contrata\u00e7\u00e3o tempor\u00e1ria de 58 m\u00e9dicos\">Leia mais<\/a><\/p>\n","protected":false},"author":2,"featured_media":0,"comment_status":"open","ping_status":"open","sticky":false,"template":"","format":"standard","meta":{"footnotes":""},"categories":[26],"tags":[],"class_list":["post-36413","post","type-post","status-publish","format-standard","hentry","category-noticias"],"_links":{"self":[{"href":"https:\/\/blogdojuniorcavalcanti.com.br\/index.php\/wp-json\/wp\/v2\/posts\/36413","targetHints":{"allow":["GET"]}}],"collection":[{"href":"https:\/\/blogdojuniorcavalcanti.com.br\/index.php\/wp-json\/wp\/v2\/posts"}],"about":[{"href":"https:\/\/blogdojuniorcavalcanti.com.br\/index.php\/wp-json\/wp\/v2\/types\/post"}],"author":[{"embeddable":true,"href":"https:\/\/blogdojuniorcavalcanti.com.br\/index.php\/wp-json\/wp\/v2\/users\/2"}],"replies":[{"embeddable":true,"href":"https:\/\/blogdojuniorcavalcanti.com.br\/index.php\/wp-json\/wp\/v2\/comments?post=36413"}],"version-history":[{"count":1,"href":"https:\/\/blogdojuniorcavalcanti.com.br\/index.php\/wp-json\/wp\/v2\/posts\/36413\/revisions"}],"predecessor-version":[{"id":36414,"href":"https:\/\/blogdojuniorcavalcanti.com.br\/index.php\/wp-json\/wp\/v2\/posts\/36413\/revisions\/36414"}],"wp:attachment":[{"href":"https:\/\/blogdojuniorcavalcanti.com.br\/index.php\/wp-json\/wp\/v2\/media?parent=36413"}],"wp:term":[{"taxonomy":"category","embeddable":true,"href":"https:\/\/blogdojuniorcavalcanti.com.br\/index.php\/wp-json\/wp\/v2\/categories?post=36413"},{"taxonomy":"post_tag","embeddable":true,"href":"https:\/\/blogdojuniorcavalcanti.com.br\/index.php\/wp-json\/wp\/v2\/tags?post=36413"}],"curies":[{"name":"wp","href":"https:\/\/api.w.org\/{rel}","templated":true}]}}