{"id":36430,"date":"2024-08-16T07:52:19","date_gmt":"2024-08-16T10:52:19","guid":{"rendered":"https:\/\/blogdojuniorcavalcanti.com.br\/?p=36430"},"modified":"2024-08-16T07:52:19","modified_gmt":"2024-08-16T10:52:19","slug":"raquel-volta-a-triunfo-faz-entregas-e-participa-de-festival","status":"publish","type":"post","link":"https:\/\/blogdojuniorcavalcanti.com.br\/index.php\/2024\/08\/16\/raquel-volta-a-triunfo-faz-entregas-e-participa-de-festival\/","title":{"rendered":"Raquel volta a Triunfo, faz entregas e participa de Festival"},"content":{"rendered":"<p style=\"text-align: justify;\"><span style=\"font-size: 14pt; font-family: arial, helvetica, sans-serif;\">Em Triunfo, no Sert\u00e3o do Paje\u00fa, a governadora Raquel Lyra inaugura nesta sexta-feira (16) a nova ilumina\u00e7\u00e3o p\u00fablica da cidade, com tecnologia em LED, que possui maior vida \u00fatil e melhor luminosidade.<\/span><\/p>\n<p style=\"text-align: justify;\"><span style=\"font-size: 14pt; font-family: arial, helvetica, sans-serif;\">A iniciativa faz parte do Ilumina Pernambuco, projeto viabilizado pelo programa Juntos pela Seguran\u00e7a que tem o objetivo de auxiliar na redu\u00e7\u00e3o dos \u00edndices de criminalidade no Estado.<\/span><\/p>\n<p style=\"text-align: justify;\"><span style=\"font-size: 14pt; font-family: arial, helvetica, sans-serif;\">\u00c0 noite, \u00e0s 20h, a chefe do Executivo estadual acompanha mais um final de semana do Festival Pernambuco Meu Pa\u00eds. Chegando pela primeira vez ao Sert\u00e3o do Estado, a programa\u00e7\u00e3o da festa segue at\u00e9 o domingo (18), com apresenta\u00e7\u00f5es de artes c\u00eanicas, literatura, circo, artes visuais, entre outras linguagens art\u00edsticas.<\/span><\/p>\n<p style=\"text-align: justify;\"><span style=\"font-size: 14pt; font-family: arial, helvetica, sans-serif;\">No palco principal, atra\u00e7\u00f5es como Momboj\u00f3, Gerlane Lops, Jorge Arag\u00e3o, Banda Labaredas, Lucy Alves, Toni Garrido e Biqu\u00edni animam o fim de semana na cidade.<\/span><\/p>\n","protected":false},"excerpt":{"rendered":"<p>Em Triunfo, no Sert&atilde;o do Paje&uacute;, a governadora Raquel Lyra inaugura nesta sexta-feira (16) a nova ilumina&ccedil;&atilde;o p&uacute;blica da cidade, com tecnologia em LED, que possui maior vida &uacute;til e melhor luminosidade. A iniciativa faz parte do Ilumina Pernambuco, projeto viabilizado pelo programa Juntos pela Seguran&ccedil;a que tem o objetivo de auxiliar na redu&ccedil;&atilde;o dos &iacute;ndices de criminalidade no Estado. &Agrave; noite, &agrave;s 20h, a chefe do Executivo estadual acompanha mais um final de semana do Festival Pernambuco Meu Pa&iacute;s. Chegando pela primeira vez ao Sert&atilde;o do Estado, a programa&ccedil;&atilde;o da festa segue at&eacute; o domingo (18), com apresenta&ccedil;&otilde;es de &#8230; <\/p>\n<p class=\"read-more-container\"><a title=\"Raquel volta a Triunfo, faz entregas e participa de Festival\" class=\"read-more button\" href=\"https:\/\/blogdojuniorcavalcanti.com.br\/index.php\/2024\/08\/16\/raquel-volta-a-triunfo-faz-entregas-e-participa-de-festival\/#more-36430\" aria-label=\"More on Raquel volta a Triunfo, faz entregas e participa de Festival\">Leia mais<\/a><\/p>\n","protected":false},"author":2,"featured_media":36431,"comment_status":"open","ping_status":"open","sticky":false,"template":"","format":"standard","meta":{"footnotes":""},"categories":[25],"tags":[],"class_list":["post-36430","post","type-post","status-publish","format-standard","has-post-thumbnail","hentry","category-destaque","resize-featured-image"],"_links":{"self":[{"href":"https:\/\/blogdojuniorcavalcanti.com.br\/index.php\/wp-json\/wp\/v2\/posts\/36430","targetHints":{"allow":["GET"]}}],"collection":[{"href":"https:\/\/blogdojuniorcavalcanti.com.br\/index.php\/wp-json\/wp\/v2\/posts"}],"about":[{"href":"https:\/\/blogdojuniorcavalcanti.com.br\/index.php\/wp-json\/wp\/v2\/types\/post"}],"author":[{"embeddable":true,"href":"https:\/\/blogdojuniorcavalcanti.com.br\/index.php\/wp-json\/wp\/v2\/users\/2"}],"replies":[{"embeddable":true,"href":"https:\/\/blogdojuniorcavalcanti.com.br\/index.php\/wp-json\/wp\/v2\/comments?post=36430"}],"version-history":[{"count":1,"href":"https:\/\/blogdojuniorcavalcanti.com.br\/index.php\/wp-json\/wp\/v2\/posts\/36430\/revisions"}],"predecessor-version":[{"id":36432,"href":"https:\/\/blogdojuniorcavalcanti.com.br\/index.php\/wp-json\/wp\/v2\/posts\/36430\/revisions\/36432"}],"wp:featuredmedia":[{"embeddable":true,"href":"https:\/\/blogdojuniorcavalcanti.com.br\/index.php\/wp-json\/wp\/v2\/media\/36431"}],"wp:attachment":[{"href":"https:\/\/blogdojuniorcavalcanti.com.br\/index.php\/wp-json\/wp\/v2\/media?parent=36430"}],"wp:term":[{"taxonomy":"category","embeddable":true,"href":"https:\/\/blogdojuniorcavalcanti.com.br\/index.php\/wp-json\/wp\/v2\/categories?post=36430"},{"taxonomy":"post_tag","embeddable":true,"href":"https:\/\/blogdojuniorcavalcanti.com.br\/index.php\/wp-json\/wp\/v2\/tags?post=36430"}],"curies":[{"name":"wp","href":"https:\/\/api.w.org\/{rel}","templated":true}]}}