{"id":36484,"date":"2024-08-19T16:02:28","date_gmt":"2024-08-19T19:02:28","guid":{"rendered":"https:\/\/blogdojuniorcavalcanti.com.br\/?p=36484"},"modified":"2024-08-19T16:02:28","modified_gmt":"2024-08-19T19:02:28","slug":"adesivaco-marca-inicio-da-campanha-de-dr-pedro-alves-e-marquinhos-em-iguaracy","status":"publish","type":"post","link":"https:\/\/blogdojuniorcavalcanti.com.br\/index.php\/2024\/08\/19\/adesivaco-marca-inicio-da-campanha-de-dr-pedro-alves-e-marquinhos-em-iguaracy\/","title":{"rendered":"Adesiva\u00e7o marca in\u00edcio da campanha de Dr. Pedro Alves e Marquinhos em Iguaracy"},"content":{"rendered":"<p style=\"text-align: justify;\"><span style=\"font-size: 14pt;\"><img fetchpriority=\"high\" decoding=\"async\" class=\"alignleft wp-image-288922 jetpack-lazy-image jetpack-lazy-image--handled\" src=\"https:\/\/i0.wp.com\/nilljunior.com.br\/wp-content\/uploads\/2024\/08\/282b75a9-7093-4fed-9b58-bfd288505f4d.jpeg?resize=400%2C300&amp;ssl=1\" sizes=\"(max-width: 400px) 100vw, 400px\" srcset=\"https:\/\/i0.wp.com\/nilljunior.com.br\/wp-content\/uploads\/2024\/08\/282b75a9-7093-4fed-9b58-bfd288505f4d.jpeg?w=4032&amp;ssl=1 4032w, https:\/\/i0.wp.com\/nilljunior.com.br\/wp-content\/uploads\/2024\/08\/282b75a9-7093-4fed-9b58-bfd288505f4d.jpeg?resize=300%2C225&amp;ssl=1 300w, https:\/\/i0.wp.com\/nilljunior.com.br\/wp-content\/uploads\/2024\/08\/282b75a9-7093-4fed-9b58-bfd288505f4d.jpeg?resize=768%2C576&amp;ssl=1 768w, https:\/\/i0.wp.com\/nilljunior.com.br\/wp-content\/uploads\/2024\/08\/282b75a9-7093-4fed-9b58-bfd288505f4d.jpeg?resize=533%2C400&amp;ssl=1 533w, https:\/\/i0.wp.com\/nilljunior.com.br\/wp-content\/uploads\/2024\/08\/282b75a9-7093-4fed-9b58-bfd288505f4d.jpeg?w=2000&amp;ssl=1 2000w, https:\/\/i0.wp.com\/nilljunior.com.br\/wp-content\/uploads\/2024\/08\/282b75a9-7093-4fed-9b58-bfd288505f4d.jpeg?w=3000&amp;ssl=1 3000w\" alt=\"\" width=\"400\" height=\"300\" data-attachment-id=\"288922\" data-permalink=\"https:\/\/nilljunior.com.br\/adesivaco-marca-inicio-da-campanha-de-dr-pedro-alves-e-marquinhos-em-iguaracy\/282b75a9-7093-4fed-9b58-bfd288505f4d\/\" data-orig-file=\"https:\/\/i0.wp.com\/nilljunior.com.br\/wp-content\/uploads\/2024\/08\/282b75a9-7093-4fed-9b58-bfd288505f4d.jpeg?fit=4032%2C3024&amp;ssl=1\" data-orig-size=\"4032,3024\" data-comments-opened=\"1\" data-image-meta=\"{&quot;aperture&quot;:&quot;0&quot;,&quot;credit&quot;:&quot;&quot;,&quot;camera&quot;:&quot;&quot;,&quot;caption&quot;:&quot;&quot;,&quot;created_timestamp&quot;:&quot;1724065414&quot;,&quot;copyright&quot;:&quot;&quot;,&quot;focal_length&quot;:&quot;0&quot;,&quot;iso&quot;:&quot;0&quot;,&quot;shutter_speed&quot;:&quot;0&quot;,&quot;title&quot;:&quot;&quot;,&quot;orientation&quot;:&quot;1&quot;}\" data-image-title=\"282b75a9-7093-4fed-9b58-bfd288505f4d\" data-image-description=\"\" data-medium-file=\"https:\/\/i0.wp.com\/nilljunior.com.br\/wp-content\/uploads\/2024\/08\/282b75a9-7093-4fed-9b58-bfd288505f4d.jpeg?fit=300%2C225&amp;ssl=1\" data-large-file=\"https:\/\/i0.wp.com\/nilljunior.com.br\/wp-content\/uploads\/2024\/08\/282b75a9-7093-4fed-9b58-bfd288505f4d.jpeg?fit=533%2C400&amp;ssl=1\" data-recalc-dims=\"1\" data-lazy-loaded=\"1\" \/><span style=\"font-family: arial, helvetica, sans-serif;\">No \u00faltimo s\u00e1bado (17), o candidato a prefeito pela base governista de Iguaracy, Dr. Pedro Alves e seu vice, Marquinhos Melo, ambos do PSDB, marcaram o in\u00edcio da campanha com um adesiva\u00e7o.<\/span><\/span><\/p>\n<p style=\"text-align: justify;\"><span style=\"font-size: 14pt; font-family: arial, helvetica, sans-serif;\">O evento aconteceu na Pra\u00e7a Ant\u00f4nio Rabelo, onde, segundo a organiza\u00e7\u00e3o, um grande n\u00famero de carros foi adesivado, demonstrando o apoio da popula\u00e7\u00e3o aos candidatos a prefeito e vice-prefeito bem como aos candidatos a vereador pela coliga\u00e7\u00e3o.<\/span><\/p>\n<p style=\"text-align: justify;\"><span style=\"font-size: 14pt; font-family: arial, helvetica, sans-serif;\">Durante o evento, Dr. Pedro e Marquinhos agradeceram calorosamente a todos os presentes pelo apoio e entusiasmo.<\/span><\/p>\n","protected":false},"excerpt":{"rendered":"<p>No &uacute;ltimo s&aacute;bado (17), o candidato a prefeito pela base governista de Iguaracy, Dr. Pedro Alves e seu vice, Marquinhos Melo, ambos do PSDB, marcaram o in&iacute;cio da campanha com um adesiva&ccedil;o. O evento aconteceu na Pra&ccedil;a Ant&ocirc;nio Rabelo, onde, segundo a organiza&ccedil;&atilde;o, um grande n&uacute;mero de carros foi adesivado, demonstrando o apoio da popula&ccedil;&atilde;o aos candidatos a prefeito e vice-prefeito bem como aos candidatos a vereador pela coliga&ccedil;&atilde;o. Durante o evento, Dr. Pedro e Marquinhos agradeceram calorosamente a todos os presentes pelo apoio e entusiasmo.<\/p>\n","protected":false},"author":2,"featured_media":0,"comment_status":"open","ping_status":"open","sticky":false,"template":"","format":"standard","meta":{"footnotes":""},"categories":[26],"tags":[],"class_list":["post-36484","post","type-post","status-publish","format-standard","hentry","category-noticias"],"_links":{"self":[{"href":"https:\/\/blogdojuniorcavalcanti.com.br\/index.php\/wp-json\/wp\/v2\/posts\/36484","targetHints":{"allow":["GET"]}}],"collection":[{"href":"https:\/\/blogdojuniorcavalcanti.com.br\/index.php\/wp-json\/wp\/v2\/posts"}],"about":[{"href":"https:\/\/blogdojuniorcavalcanti.com.br\/index.php\/wp-json\/wp\/v2\/types\/post"}],"author":[{"embeddable":true,"href":"https:\/\/blogdojuniorcavalcanti.com.br\/index.php\/wp-json\/wp\/v2\/users\/2"}],"replies":[{"embeddable":true,"href":"https:\/\/blogdojuniorcavalcanti.com.br\/index.php\/wp-json\/wp\/v2\/comments?post=36484"}],"version-history":[{"count":1,"href":"https:\/\/blogdojuniorcavalcanti.com.br\/index.php\/wp-json\/wp\/v2\/posts\/36484\/revisions"}],"predecessor-version":[{"id":36485,"href":"https:\/\/blogdojuniorcavalcanti.com.br\/index.php\/wp-json\/wp\/v2\/posts\/36484\/revisions\/36485"}],"wp:attachment":[{"href":"https:\/\/blogdojuniorcavalcanti.com.br\/index.php\/wp-json\/wp\/v2\/media?parent=36484"}],"wp:term":[{"taxonomy":"category","embeddable":true,"href":"https:\/\/blogdojuniorcavalcanti.com.br\/index.php\/wp-json\/wp\/v2\/categories?post=36484"},{"taxonomy":"post_tag","embeddable":true,"href":"https:\/\/blogdojuniorcavalcanti.com.br\/index.php\/wp-json\/wp\/v2\/tags?post=36484"}],"curies":[{"name":"wp","href":"https:\/\/api.w.org\/{rel}","templated":true}]}}