{"id":36657,"date":"2024-08-26T07:52:04","date_gmt":"2024-08-26T10:52:04","guid":{"rendered":"https:\/\/blogdojuniorcavalcanti.com.br\/?p=36657"},"modified":"2024-08-26T07:52:04","modified_gmt":"2024-08-26T10:52:04","slug":"campanha-de-sandrinho-fez-adesivaco-e-inaugurou-comite","status":"publish","type":"post","link":"https:\/\/blogdojuniorcavalcanti.com.br\/index.php\/2024\/08\/26\/campanha-de-sandrinho-fez-adesivaco-e-inaugurou-comite\/","title":{"rendered":"Campanha de Sandrinho fez adesiva\u00e7o e inaugurou Comit\u00ea"},"content":{"rendered":"<p style=\"text-align: justify;\"><span style=\"font-size: 14pt;\"><img fetchpriority=\"high\" decoding=\"async\" class=\"alignleft wp-image-289387 jetpack-lazy-image jetpack-lazy-image--handled\" src=\"https:\/\/i0.wp.com\/nilljunior.com.br\/wp-content\/uploads\/2024\/08\/IMG-20240825-WA0188.jpg?resize=400%2C306&amp;ssl=1\" sizes=\"(max-width: 400px) 100vw, 400px\" srcset=\"https:\/\/i0.wp.com\/nilljunior.com.br\/wp-content\/uploads\/2024\/08\/IMG-20240825-WA0188.jpg?resize=523%2C400&amp;ssl=1 523w, https:\/\/i0.wp.com\/nilljunior.com.br\/wp-content\/uploads\/2024\/08\/IMG-20240825-WA0188.jpg?resize=300%2C229&amp;ssl=1 300w, https:\/\/i0.wp.com\/nilljunior.com.br\/wp-content\/uploads\/2024\/08\/IMG-20240825-WA0188.jpg?resize=768%2C587&amp;ssl=1 768w, https:\/\/i0.wp.com\/nilljunior.com.br\/wp-content\/uploads\/2024\/08\/IMG-20240825-WA0188.jpg?w=828&amp;ssl=1 828w\" alt=\"\" width=\"400\" height=\"306\" data-attachment-id=\"289387\" data-permalink=\"https:\/\/nilljunior.com.br\/campanha-de-sandrinho-faz-adesivaco-e-inaugura-comite\/img-20240825-wa0188\/\" data-orig-file=\"https:\/\/i0.wp.com\/nilljunior.com.br\/wp-content\/uploads\/2024\/08\/IMG-20240825-WA0188.jpg?fit=828%2C633&amp;ssl=1\" data-orig-size=\"828,633\" data-comments-opened=\"1\" data-image-meta=\"{&quot;aperture&quot;:&quot;0&quot;,&quot;credit&quot;:&quot;&quot;,&quot;camera&quot;:&quot;&quot;,&quot;caption&quot;:&quot;&quot;,&quot;created_timestamp&quot;:&quot;0&quot;,&quot;copyright&quot;:&quot;&quot;,&quot;focal_length&quot;:&quot;0&quot;,&quot;iso&quot;:&quot;0&quot;,&quot;shutter_speed&quot;:&quot;0&quot;,&quot;title&quot;:&quot;&quot;,&quot;orientation&quot;:&quot;0&quot;}\" data-image-title=\"IMG-20240825-WA0188\" data-image-description=\"\" data-medium-file=\"https:\/\/i0.wp.com\/nilljunior.com.br\/wp-content\/uploads\/2024\/08\/IMG-20240825-WA0188.jpg?fit=300%2C229&amp;ssl=1\" data-large-file=\"https:\/\/i0.wp.com\/nilljunior.com.br\/wp-content\/uploads\/2024\/08\/IMG-20240825-WA0188.jpg?fit=523%2C400&amp;ssl=1\" data-recalc-dims=\"1\" data-lazy-loaded=\"1\" \/><img decoding=\"async\" class=\"alignleft wp-image-289388 jetpack-lazy-image jetpack-lazy-image--handled\" src=\"https:\/\/i1.wp.com\/nilljunior.com.br\/wp-content\/uploads\/2024\/08\/IMG-20240825-WA0185.jpg?resize=400%2C267&amp;ssl=1\" sizes=\"(max-width: 400px) 100vw, 400px\" srcset=\"https:\/\/i1.wp.com\/nilljunior.com.br\/wp-content\/uploads\/2024\/08\/IMG-20240825-WA0185.jpg?resize=600%2C400&amp;ssl=1 600w, https:\/\/i1.wp.com\/nilljunior.com.br\/wp-content\/uploads\/2024\/08\/IMG-20240825-WA0185.jpg?resize=150%2C100&amp;ssl=1 150w, https:\/\/i1.wp.com\/nilljunior.com.br\/wp-content\/uploads\/2024\/08\/IMG-20240825-WA0185.jpg?resize=300%2C200&amp;ssl=1 300w, https:\/\/i1.wp.com\/nilljunior.com.br\/wp-content\/uploads\/2024\/08\/IMG-20240825-WA0185.jpg?resize=768%2C512&amp;ssl=1 768w, https:\/\/i1.wp.com\/nilljunior.com.br\/wp-content\/uploads\/2024\/08\/IMG-20240825-WA0185.jpg?w=1600&amp;ssl=1 1600w\" alt=\"\" width=\"400\" height=\"267\" data-attachment-id=\"289388\" data-permalink=\"https:\/\/nilljunior.com.br\/campanha-de-sandrinho-faz-adesivaco-e-inaugura-comite\/img-20240825-wa0185\/\" data-orig-file=\"https:\/\/i1.wp.com\/nilljunior.com.br\/wp-content\/uploads\/2024\/08\/IMG-20240825-WA0185.jpg?fit=1600%2C1066&amp;ssl=1\" data-orig-size=\"1600,1066\" data-comments-opened=\"1\" data-image-meta=\"{&quot;aperture&quot;:&quot;0&quot;,&quot;credit&quot;:&quot;&quot;,&quot;camera&quot;:&quot;&quot;,&quot;caption&quot;:&quot;&quot;,&quot;created_timestamp&quot;:&quot;0&quot;,&quot;copyright&quot;:&quot;&quot;,&quot;focal_length&quot;:&quot;0&quot;,&quot;iso&quot;:&quot;0&quot;,&quot;shutter_speed&quot;:&quot;0&quot;,&quot;title&quot;:&quot;&quot;,&quot;orientation&quot;:&quot;0&quot;}\" data-image-title=\"IMG-20240825-WA0185\" data-image-description=\"\" data-medium-file=\"https:\/\/i1.wp.com\/nilljunior.com.br\/wp-content\/uploads\/2024\/08\/IMG-20240825-WA0185.jpg?fit=300%2C200&amp;ssl=1\" data-large-file=\"https:\/\/i1.wp.com\/nilljunior.com.br\/wp-content\/uploads\/2024\/08\/IMG-20240825-WA0185.jpg?fit=600%2C400&amp;ssl=1\" data-recalc-dims=\"1\" data-lazy-loaded=\"1\" \/><img decoding=\"async\" class=\"alignleft wp-image-289389 jetpack-lazy-image jetpack-lazy-image--handled\" src=\"https:\/\/i1.wp.com\/nilljunior.com.br\/wp-content\/uploads\/2024\/08\/IMG-20240825-WA0187.jpg?resize=400%2C323&amp;ssl=1\" sizes=\"(max-width: 400px) 100vw, 400px\" srcset=\"https:\/\/i1.wp.com\/nilljunior.com.br\/wp-content\/uploads\/2024\/08\/IMG-20240825-WA0187.jpg?resize=495%2C400&amp;ssl=1 495w, https:\/\/i1.wp.com\/nilljunior.com.br\/wp-content\/uploads\/2024\/08\/IMG-20240825-WA0187.jpg?resize=300%2C242&amp;ssl=1 300w, https:\/\/i1.wp.com\/nilljunior.com.br\/wp-content\/uploads\/2024\/08\/IMG-20240825-WA0187.jpg?resize=768%2C620&amp;ssl=1 768w, https:\/\/i1.wp.com\/nilljunior.com.br\/wp-content\/uploads\/2024\/08\/IMG-20240825-WA0187.jpg?w=1080&amp;ssl=1 1080w\" alt=\"\" width=\"400\" height=\"323\" data-attachment-id=\"289389\" data-permalink=\"https:\/\/nilljunior.com.br\/campanha-de-sandrinho-faz-adesivaco-e-inaugura-comite\/img-20240825-wa0187\/\" data-orig-file=\"https:\/\/i1.wp.com\/nilljunior.com.br\/wp-content\/uploads\/2024\/08\/IMG-20240825-WA0187.jpg?fit=1080%2C872&amp;ssl=1\" data-orig-size=\"1080,872\" data-comments-opened=\"1\" data-image-meta=\"{&quot;aperture&quot;:&quot;0&quot;,&quot;credit&quot;:&quot;&quot;,&quot;camera&quot;:&quot;&quot;,&quot;caption&quot;:&quot;&quot;,&quot;created_timestamp&quot;:&quot;0&quot;,&quot;copyright&quot;:&quot;&quot;,&quot;focal_length&quot;:&quot;0&quot;,&quot;iso&quot;:&quot;0&quot;,&quot;shutter_speed&quot;:&quot;0&quot;,&quot;title&quot;:&quot;&quot;,&quot;orientation&quot;:&quot;0&quot;}\" data-image-title=\"IMG-20240825-WA0187\" data-image-description=\"\" data-medium-file=\"https:\/\/i1.wp.com\/nilljunior.com.br\/wp-content\/uploads\/2024\/08\/IMG-20240825-WA0187.jpg?fit=300%2C242&amp;ssl=1\" data-large-file=\"https:\/\/i1.wp.com\/nilljunior.com.br\/wp-content\/uploads\/2024\/08\/IMG-20240825-WA0187.jpg?fit=495%2C400&amp;ssl=1\" data-recalc-dims=\"1\" data-lazy-loaded=\"1\" \/><span style=\"font-family: arial, helvetica, sans-serif;\">Na expectativa da inaugura\u00e7\u00e3o oficial do comit\u00ea de campanha de Sandrinho Palmeira, militantes da Frente Popular participaram da motorata e do Adesiva\u00e7o com os materiais de campanha dele e do candidato a vice,\u00a0 Daniel Valadares.<\/span><\/span><\/p>\n<p style=\"text-align: justify;\"><span style=\"font-size: 14pt; font-family: arial, helvetica, sans-serif;\">\u201cFoi um momento importante de falar com as pessoas, abra\u00e7ar os amigos queridos e sentir a energia e a alegria da nossa milit\u00e2ncia, do nosso povo querido de Afogados, que tem reconhecido o nosso trabalho e que sabe que estamos prontos pra fazer ainda mais do que j\u00e1 fizemos,\u201d destacou Sandrinho.<\/span><\/p>\n<p style=\"text-align: justify;\"><span style=\"font-size: 14pt; font-family: arial, helvetica, sans-serif;\">\u00c0 noite, houve a inaugura\u00e7\u00e3o do Comit\u00ea da Frente Popular<\/span><\/p>\n<p style=\"text-align: justify;\"><span style=\"font-size: 14pt; font-family: arial, helvetica, sans-serif;\">que estava acompanhado do seu vice, Daniel Valadares, e de diversos candidatos e candidatas a uma vaga na c\u00e2mara de vereadores.<\/span><\/p>\n<p style=\"text-align: justify;\"><span style=\"font-size: 14pt; font-family: arial, helvetica, sans-serif;\">A pentatleta ol\u00edmpica Yane Marques acompanhou todo o trajeto, do campo do nascente ao comit\u00ea na avenida Rio Branco, ao lado de Sandrinho e Daniel. J\u00e1 no palco, montado em frente ao comit\u00ea, Yane discursou.<\/span><\/p>\n<p style=\"text-align: justify;\"><span style=\"font-size: 14pt; font-family: arial, helvetica, sans-serif;\">\u201cEssa \u00e9 uma gest\u00e3o humana e sens\u00edvel, estou com esse time que faz as coisas acontecerem em afogados. Afogados vai continuar nessa curva ascendente de desenvolvimento e de progresso,\u201d avaliou Yane.<\/span><\/p>\n<p style=\"text-align: justify;\"><span style=\"font-size: 14pt; font-family: arial, helvetica, sans-serif;\">O ex-prefeito Totonho destacou que o povo afogadense sempre impulsiona seus gestores a fazerem o melhor pela cidade.<\/span><\/p>\n<p style=\"text-align: justify;\"><span style=\"font-size: 14pt; font-family: arial, helvetica, sans-serif;\">O vice-prefeito Daniel Valadares destacou a\u00e7\u00f5es desse ciclo de gest\u00e3o,\u00a0 a exemplo do anel vi\u00e1rio, da revitaliza\u00e7\u00e3o da Rio Branco, do IFPE, da Ponte Ant\u00f4nio Mariano, da nova Faculdade de Medicina, dentre outras a\u00e7\u00f5es.<\/span><\/p>\n<p style=\"text-align: justify;\"><span style=\"font-size: 14pt; font-family: arial, helvetica, sans-serif;\">\u201cEssa \u00e9 uma hist\u00f3ria de muitas conquistas, de muita dedica\u00e7\u00e3o, de muito trabalho, e que n\u00f3s estamos dando continuidade\u201d, afirmou Daniel.<\/span><\/p>\n<p style=\"text-align: justify;\"><span style=\"font-size: 14pt; font-family: arial, helvetica, sans-serif;\">Presente \u00e0 inaugura\u00e7\u00e3o, o Deputado Federal Carlos Veras destacou o apoio\u00a0 do Presidente Lula. \u201cN\u00f3s temos uma alian\u00e7a nacional com o PSB, uma alian\u00e7a estrat\u00e9gica que gera desenvolvimento e progresso para o Brasil e para Pernambuco, e que se repete aqui em Afogados. J\u00e1 temos uma creche, uma escola em tempo integral, uma UBS, com recursos de Lula pra Sandrinho construir. Aqui em afogados o palanque do presidente Lula \u00e9 Sandrinho e Daniel,\u201d afirmou Carlos Veras.<\/span><\/p>\n<p style=\"text-align: justify;\"><span style=\"font-size: 14pt; font-family: arial, helvetica, sans-serif;\">O \u00faltimo a discursar foi o Prefeito Sandrinho . \u201cQuero agradecer a presen\u00e7a desse multid\u00e3o que veio celebrar hoje conosco, agradecer o reconhecimento do que temos feito. Ano passado entregamos uma obra por semana, esse ano j\u00e1 inauguramos tantas outras. Na parceria com o Presidente Lula j\u00e1 s\u00e3o mais de 10 milh\u00f5es de reais captados em obras novas, que v\u00e3o sair do papel, como uma nova escola em tempo integral, uma cl\u00ednica de pr\u00f3teses ortop\u00e9dicas, uma nova UBS para o bairro da Ponte. Trouxemos a faculdade de medicina, garantindo bolsas gratuitas para alunos carentes. Mas a faculdade de medicina tamb\u00e9m trar\u00e1 cursos de psicologia, de medicina veterin\u00e1ria, de radiologia. Conto com voc\u00eas para construirmos uma grande vit\u00f3ria, estamos prontos, preparados para fazer muito mais por afogados da Ingazeira,\u201d afirmou Sandrinho.<\/span><\/p>\n<p style=\"text-align: justify;\"><span style=\"font-size: 14pt; font-family: arial, helvetica, sans-serif;\">Ao final do com\u00edcio, Sandrinho e Daniel desceram para cumprimentar o Deputado Jos\u00e9 Patriota, que por recomenda\u00e7\u00e3o m\u00e9dica, assistiu \u00e0 inaugura\u00e7\u00e3o de dentro do carro.<\/span><\/p>\n","protected":false},"excerpt":{"rendered":"<p>Na expectativa da inaugura&ccedil;&atilde;o oficial do comit&ecirc; de campanha de Sandrinho Palmeira, militantes da Frente Popular participaram da motorata e do Adesiva&ccedil;o com os materiais de campanha dele e do candidato a vice,&nbsp; Daniel Valadares. &ldquo;Foi um momento importante de falar com as pessoas, abra&ccedil;ar os amigos queridos e sentir a energia e a alegria da nossa milit&acirc;ncia, do nosso povo querido de Afogados, que tem reconhecido o nosso trabalho e que sabe que estamos prontos pra fazer ainda mais do que j&aacute; fizemos,&rdquo; destacou Sandrinho. &Agrave; noite, houve a inaugura&ccedil;&atilde;o do Comit&ecirc; da Frente Popular que estava acompanhado do &#8230; <\/p>\n<p class=\"read-more-container\"><a title=\"Campanha de Sandrinho fez adesiva\u00e7o e inaugurou Comit\u00ea\" class=\"read-more button\" href=\"https:\/\/blogdojuniorcavalcanti.com.br\/index.php\/2024\/08\/26\/campanha-de-sandrinho-fez-adesivaco-e-inaugurou-comite\/#more-36657\" aria-label=\"More on Campanha de Sandrinho fez adesiva\u00e7o e inaugurou Comit\u00ea\">Leia mais<\/a><\/p>\n","protected":false},"author":2,"featured_media":0,"comment_status":"open","ping_status":"open","sticky":false,"template":"","format":"standard","meta":{"footnotes":""},"categories":[26],"tags":[],"class_list":["post-36657","post","type-post","status-publish","format-standard","hentry","category-noticias"],"_links":{"self":[{"href":"https:\/\/blogdojuniorcavalcanti.com.br\/index.php\/wp-json\/wp\/v2\/posts\/36657","targetHints":{"allow":["GET"]}}],"collection":[{"href":"https:\/\/blogdojuniorcavalcanti.com.br\/index.php\/wp-json\/wp\/v2\/posts"}],"about":[{"href":"https:\/\/blogdojuniorcavalcanti.com.br\/index.php\/wp-json\/wp\/v2\/types\/post"}],"author":[{"embeddable":true,"href":"https:\/\/blogdojuniorcavalcanti.com.br\/index.php\/wp-json\/wp\/v2\/users\/2"}],"replies":[{"embeddable":true,"href":"https:\/\/blogdojuniorcavalcanti.com.br\/index.php\/wp-json\/wp\/v2\/comments?post=36657"}],"version-history":[{"count":1,"href":"https:\/\/blogdojuniorcavalcanti.com.br\/index.php\/wp-json\/wp\/v2\/posts\/36657\/revisions"}],"predecessor-version":[{"id":36658,"href":"https:\/\/blogdojuniorcavalcanti.com.br\/index.php\/wp-json\/wp\/v2\/posts\/36657\/revisions\/36658"}],"wp:attachment":[{"href":"https:\/\/blogdojuniorcavalcanti.com.br\/index.php\/wp-json\/wp\/v2\/media?parent=36657"}],"wp:term":[{"taxonomy":"category","embeddable":true,"href":"https:\/\/blogdojuniorcavalcanti.com.br\/index.php\/wp-json\/wp\/v2\/categories?post=36657"},{"taxonomy":"post_tag","embeddable":true,"href":"https:\/\/blogdojuniorcavalcanti.com.br\/index.php\/wp-json\/wp\/v2\/tags?post=36657"}],"curies":[{"name":"wp","href":"https:\/\/api.w.org\/{rel}","templated":true}]}}