{"id":3671,"date":"2019-02-25T19:00:18","date_gmt":"2019-02-25T22:00:18","guid":{"rendered":"http:\/\/blogdojuniorcavalcanti.com.br\/?p=3671"},"modified":"2019-02-25T19:00:18","modified_gmt":"2019-02-25T22:00:18","slug":"pm-tera-mais-homens-fazendo-a-seguranca-do-carnaval-no-pajeu","status":"publish","type":"post","link":"https:\/\/blogdojuniorcavalcanti.com.br\/index.php\/2019\/02\/25\/pm-tera-mais-homens-fazendo-a-seguranca-do-carnaval-no-pajeu\/","title":{"rendered":"PM ter\u00e1 mais homens fazendo a seguran\u00e7a do Carnaval no Paje\u00fa"},"content":{"rendered":"<p style=\"text-align: justify;\"><span style=\"font-size: 14pt;\"><img fetchpriority=\"high\" decoding=\"async\" class=\"alignleft size-medium wp-image-144897\" src=\"https:\/\/i1.wp.com\/nilljunior.com.br\/wp-content\/uploads\/2019\/02\/IMG-20190225-WA0026.jpg?resize=300%2C225\" sizes=\"(max-width: 300px) 100vw, 300px\" srcset=\"https:\/\/i1.wp.com\/nilljunior.com.br\/wp-content\/uploads\/2019\/02\/IMG-20190225-WA0026.jpg?resize=300%2C225 300w, https:\/\/i1.wp.com\/nilljunior.com.br\/wp-content\/uploads\/2019\/02\/IMG-20190225-WA0026.jpg?resize=768%2C576 768w, https:\/\/i1.wp.com\/nilljunior.com.br\/wp-content\/uploads\/2019\/02\/IMG-20190225-WA0026.jpg?resize=534%2C400 534w, https:\/\/i1.wp.com\/nilljunior.com.br\/wp-content\/uploads\/2019\/02\/IMG-20190225-WA0026.jpg?w=1031 1031w\" alt=\"\" width=\"300\" height=\"225\" data-attachment-id=\"144897\" data-permalink=\"http:\/\/nilljunior.com.br\/pm-tera-mais-homens-fazendo-a-seguranca-do-carnaval-do-pajeu\/img-20190225-wa0026\/\" data-orig-file=\"https:\/\/i1.wp.com\/nilljunior.com.br\/wp-content\/uploads\/2019\/02\/IMG-20190225-WA0026.jpg?fit=1031%2C773\" data-orig-size=\"1031,773\" data-comments-opened=\"1\" data-image-meta=\"{&quot;aperture&quot;:&quot;0&quot;,&quot;credit&quot;:&quot;&quot;,&quot;camera&quot;:&quot;&quot;,&quot;caption&quot;:&quot;&quot;,&quot;created_timestamp&quot;:&quot;0&quot;,&quot;copyright&quot;:&quot;&quot;,&quot;focal_length&quot;:&quot;0&quot;,&quot;iso&quot;:&quot;0&quot;,&quot;shutter_speed&quot;:&quot;0&quot;,&quot;title&quot;:&quot;&quot;,&quot;orientation&quot;:&quot;0&quot;}\" data-image-title=\"IMG-20190225-WA0026\" data-image-description=\"\" data-medium-file=\"https:\/\/i1.wp.com\/nilljunior.com.br\/wp-content\/uploads\/2019\/02\/IMG-20190225-WA0026.jpg?fit=300%2C225\" data-large-file=\"https:\/\/i1.wp.com\/nilljunior.com.br\/wp-content\/uploads\/2019\/02\/IMG-20190225-WA0026.jpg?fit=534%2C400\" \/><span style=\"font-family: arial, helvetica, sans-serif;\">O 23\u00ba BPM ter\u00e1 um refor\u00e7o no policiamento em rela\u00e7\u00e3o ao carnaval do ano passado na regi\u00e3o do Paje\u00fa. Segundo o Major Ivaldo Dion\u00edsio falando\u00a0<strong>ao Debate das Dez do programa Manh\u00e3 Total<\/strong>, ser\u00e3o 455 homens destacados para cobrir toda a regi\u00e3o nas festas de Momo.<\/span><\/span><\/p>\n<p style=\"text-align: justify;\"><span style=\"font-size: 14pt; font-family: arial, helvetica, sans-serif;\">A parte de planejamento j\u00e1 vem sendo executada desde dezembro quando os blocos estavam no prazo para enviar pedido \u00e0 GT Carnaval para policiamento. Ser\u00e3o 35 blocos cadastrados com policiamento que ser\u00e1 lan\u00e7ado no carnaval.<\/span><\/p>\n<p style=\"text-align: justify;\"><span style=\"font-size: 14pt; font-family: arial, helvetica, sans-serif;\">Os 455 homens ser\u00e3o distribu\u00eddos para as doze cidades. Messe per\u00edodo folgas e f\u00e9rias dos PMs s\u00e3o cassadas para priorizar o carnaval. O n\u00famero \u00e9 maior que o ano passado. \u201cJ\u00e1 tivemos lan\u00e7amento no Afogareta, que faz parte do pr\u00e9 carnaval de Pernambuco e nesse domingo no Galo da Travessa, com 35 policiais\u201d.<\/span><\/p>\n<p style=\"text-align: justify;\"><span style=\"font-size: 14pt; font-family: arial, helvetica, sans-serif;\">Sem Tabira, a nossa preocupa\u00e7\u00e3o se voltou para Afogados com o bloco A Onda e outros com puxada como o A Cobra Vai Subir e T\u00f4 na Folia. Mesmo cidades sem maior tradi\u00e7\u00e3o no\u00a0 carnaval como Quixaba e Ingazeira ter\u00e3o policiamento.<\/span><\/p>\n<p style=\"text-align: justify;\"><span style=\"font-size: 14pt; font-family: arial, helvetica, sans-serif;\">J\u00e1 a Delegada da Mulher, Andreza Greg\u00f3rio, chamou aten\u00e7\u00e3o para crimes previstos na legisla\u00e7\u00e3o, como o beijo for\u00e7ado e a m\u00e3o boba. \u201cUm ato libidinoso sem o consentimento dela, que comprovadamente sejam para satisfazer a lasc\u00edvia desse homem tem previs\u00e3o de 1 a 5 anos de reclus\u00e3o sem fian\u00e7a\u201d.<\/span><\/p>\n<p style=\"text-align: justify;\"><span style=\"font-size: 14pt; font-family: arial, helvetica, sans-serif;\">Ela tamb\u00e9m alertou para os cuidados que devem ser tomados em rela\u00e7\u00e3o a menores. \u201cTemos que lembrar que rela\u00e7\u00f5es sexuais com adolescentes menores de 14 anos, independentemente de consentimento \u00e9 crime grav\u00edssimo com pena de 8 a 15 anos de reclus\u00e3o\u201d.<\/span><\/p>\n<p style=\"text-align: justify;\"><span style=\"font-size: 14pt; font-family: arial, helvetica, sans-serif;\">Risolene Lima, Diretora da Mulher, lembrou da lei que pro\u00edbe eventos que recebem recursos p\u00fablicos de m\u00fasicas que agridem as mulheres. \u201cOs que usarem desse expediente poder\u00e3o ter esse apoio cortado\u201d, disse.<\/span><\/p>\n<p><span style=\"font-size: 14pt; font-family: arial, helvetica, sans-serif;\">NILL J\u00daNIOR<\/span><\/p>\n","protected":false},"excerpt":{"rendered":"<p>O 23&ordm; BPM ter&aacute; um refor&ccedil;o no policiamento em rela&ccedil;&atilde;o ao carnaval do ano passado na regi&atilde;o do Paje&uacute;. Segundo o Major Ivaldo Dion&iacute;sio falando&nbsp;ao Debate das Dez do programa Manh&atilde; Total, ser&atilde;o 455 homens destacados para cobrir toda a regi&atilde;o nas festas de Momo. A parte de planejamento j&aacute; vem sendo executada desde dezembro quando os blocos estavam no prazo para enviar pedido &agrave; GT Carnaval para policiamento. Ser&atilde;o 35 blocos cadastrados com policiamento que ser&aacute; lan&ccedil;ado no carnaval. Os 455 homens ser&atilde;o distribu&iacute;dos para as doze cidades. Messe per&iacute;odo folgas e f&eacute;rias dos PMs s&atilde;o cassadas para priorizar &#8230; <\/p>\n<p class=\"read-more-container\"><a title=\"PM ter\u00e1 mais homens fazendo a seguran\u00e7a do Carnaval no Paje\u00fa\" class=\"read-more button\" href=\"https:\/\/blogdojuniorcavalcanti.com.br\/index.php\/2019\/02\/25\/pm-tera-mais-homens-fazendo-a-seguranca-do-carnaval-no-pajeu\/#more-3671\" aria-label=\"More on PM ter\u00e1 mais homens fazendo a seguran\u00e7a do Carnaval no Paje\u00fa\">Leia mais<\/a><\/p>\n","protected":false},"author":2,"featured_media":0,"comment_status":"open","ping_status":"open","sticky":false,"template":"","format":"standard","meta":{"footnotes":""},"categories":[1],"tags":[],"class_list":["post-3671","post","type-post","status-publish","format-standard","hentry","category-sem-categoria"],"_links":{"self":[{"href":"https:\/\/blogdojuniorcavalcanti.com.br\/index.php\/wp-json\/wp\/v2\/posts\/3671","targetHints":{"allow":["GET"]}}],"collection":[{"href":"https:\/\/blogdojuniorcavalcanti.com.br\/index.php\/wp-json\/wp\/v2\/posts"}],"about":[{"href":"https:\/\/blogdojuniorcavalcanti.com.br\/index.php\/wp-json\/wp\/v2\/types\/post"}],"author":[{"embeddable":true,"href":"https:\/\/blogdojuniorcavalcanti.com.br\/index.php\/wp-json\/wp\/v2\/users\/2"}],"replies":[{"embeddable":true,"href":"https:\/\/blogdojuniorcavalcanti.com.br\/index.php\/wp-json\/wp\/v2\/comments?post=3671"}],"version-history":[{"count":1,"href":"https:\/\/blogdojuniorcavalcanti.com.br\/index.php\/wp-json\/wp\/v2\/posts\/3671\/revisions"}],"predecessor-version":[{"id":3672,"href":"https:\/\/blogdojuniorcavalcanti.com.br\/index.php\/wp-json\/wp\/v2\/posts\/3671\/revisions\/3672"}],"wp:attachment":[{"href":"https:\/\/blogdojuniorcavalcanti.com.br\/index.php\/wp-json\/wp\/v2\/media?parent=3671"}],"wp:term":[{"taxonomy":"category","embeddable":true,"href":"https:\/\/blogdojuniorcavalcanti.com.br\/index.php\/wp-json\/wp\/v2\/categories?post=3671"},{"taxonomy":"post_tag","embeddable":true,"href":"https:\/\/blogdojuniorcavalcanti.com.br\/index.php\/wp-json\/wp\/v2\/tags?post=3671"}],"curies":[{"name":"wp","href":"https:\/\/api.w.org\/{rel}","templated":true}]}}