{"id":36881,"date":"2024-09-04T10:44:36","date_gmt":"2024-09-04T13:44:36","guid":{"rendered":"https:\/\/blogdojuniorcavalcanti.com.br\/?p=36881"},"modified":"2024-09-04T10:44:36","modified_gmt":"2024-09-04T13:44:36","slug":"tabira-celebrara-o-dia-municipal-da-poesia-com-o-1o-festival-sebastiao-dias-de-repente","status":"publish","type":"post","link":"https:\/\/blogdojuniorcavalcanti.com.br\/index.php\/2024\/09\/04\/tabira-celebrara-o-dia-municipal-da-poesia-com-o-1o-festival-sebastiao-dias-de-repente\/","title":{"rendered":"Tabira celebrar\u00e1 o Dia Municipal da Poesia com o 1\u00ba Festival Sebasti\u00e3o Dias de Repente"},"content":{"rendered":"<p style=\"text-align: justify;\"><span style=\"font-size: 14pt; font-family: arial, helvetica, sans-serif;\"><img fetchpriority=\"high\" decoding=\"async\" class=\"alignleft\" src=\"https:\/\/i0.wp.com\/afogadosfm.com.br\/afogadosfm\/wp-content\/uploads\/2023\/11\/sebastiaodiaspoeta.jpeg?resize=566%2C377&amp;ssl=1\" width=\"383\" height=\"255\" \/>Abrindo a semana da tradicional Missa do Poeta, no pr\u00f3ximo dia 13 de setembro, a cidade de Tabira, no Sert\u00e3o do Paje\u00fa, ser\u00e1 palco da primeira edi\u00e7\u00e3o do Festival Sebasti\u00e3o Dias de Repente, uma celebra\u00e7\u00e3o especial ao Dia Municipal da Poesia, data que celebra o nascimento do poeta e repentista Sebasti\u00e3o Dias, que nasceu em em Ouro Branco, no Serid\u00f3 o Rio Grando do Norte, mas que fez de Tabira seu lar por mais de 45 anos.<\/span><\/p>\n<p style=\"text-align: justify;\"><span style=\"font-size: 14pt; font-family: arial, helvetica, sans-serif;\">O evento, que ter\u00e1 in\u00edcio \u00e0s 19h na Pra\u00e7a Gon\u00e7alo Gomes, ser\u00e1 gratuito e promete uma noite repleta de cultura e poesia com duplas de destaque no cen\u00e1rio do repente, como Andr\u00e9 Santos e Z\u00e9 Carlos do Paje\u00fa, Diomedes Mariano e Raimundo Borges, Arnaldo Pessoa e Afonso Pequeno, Raimundo Caetano e Daniel Ol\u00edmpio, al\u00e9m de Denilson Nunes e Adelmo Aguiar. A noite ter\u00e1 ainda a participa\u00e7\u00e3o especial de C\u00edcero Nascimento e Th\u00falio Fontinele.<\/span><\/p>\n<p style=\"text-align: justify;\"><span style=\"font-size: 14pt; font-family: arial, helvetica, sans-serif;\">A apresenta\u00e7\u00e3o do evento ficar\u00e1 por conta de Felizardo Moura, e as declama\u00e7\u00f5es ser\u00e3o realizadas por Iponax Vila Nova e Djalma Mota. Al\u00e9m das apresenta\u00e7\u00f5es po\u00e9ticas, o festival ser\u00e1 abrilhantado pela Filarm\u00f4nica Manoel Felipe Nery, da cidade de Ouro Branco-RN, e pelo grupo de Xaxado Mulheres de \u00c1gua Branca, garantindo uma programa\u00e7\u00e3o rica e diversificada.<\/span><\/p>\n<p style=\"text-align: justify;\"><span style=\"font-size: 14pt; font-family: arial, helvetica, sans-serif;\">O evento \u00e9 uma homenagem p\u00f3stuma, organizada pela esposa e filhos de Sebasti\u00e3o, com a colabora\u00e7\u00e3o do poeta Z\u00e9 Carlos do Paje\u00fa e da Associa\u00e7\u00e3o dos Poetas e Prosadores de Tabira (APPTA). A data tamb\u00e9m marca o anivers\u00e1rio de outro grande \u00edcone da poesia, Ded\u00e9 Monteiro, Patrim\u00f4nio Vivo de Pernambuco, tornando o evento ainda mais significativo para os amantes da poesia e da cultura popular.<\/span><\/p>\n<p style=\"text-align: justify;\"><span style=\"font-size: 14pt; font-family: arial, helvetica, sans-serif;\">A identidade visual do Festival foi criada pelo talentoso artista pl\u00e1stico Marcos P\u00ea, natural de Cajazeiras-PB. Reconhecido por imortalizar poetas com sua arte, Marcos P\u00ea traz em seu trabalho fortes refer\u00eancias da xilogravura, unindo tradi\u00e7\u00e3o e express\u00e3o criativa em cada tra\u00e7o.<\/span><\/p>\n<p style=\"text-align: justify;\"><span style=\"font-size: 14pt; font-family: arial, helvetica, sans-serif;\">O Dia Municipal da Poesia foi institu\u00eddo pela Lei n\u00b0 1.296\/2024, sancionada pelo Poder Executivo, e \u00e9 um projeto de autoria da vereadora Socorro Veras. Esta data comemorativa foi criada para celebrar e promover a arte da poesia na cidade, incentivando a valoriza\u00e7\u00e3o dos poetas locais e a realiza\u00e7\u00e3o de eventos culturais relacionados \u00e0 literatura po\u00e9tica.<\/span><\/p>\n<p style=\"text-align: justify;\"><span style=\"font-size: 14pt; font-family: arial, helvetica, sans-serif;\">Do Marcello Patriota<\/span><\/p>\n","protected":false},"excerpt":{"rendered":"<p>Abrindo a semana da tradicional Missa do Poeta, no pr&oacute;ximo dia 13 de setembro, a cidade de Tabira, no Sert&atilde;o do Paje&uacute;, ser&aacute; palco da primeira edi&ccedil;&atilde;o do Festival Sebasti&atilde;o Dias de Repente, uma celebra&ccedil;&atilde;o especial ao Dia Municipal da Poesia, data que celebra o nascimento do poeta e repentista Sebasti&atilde;o Dias, que nasceu em em Ouro Branco, no Serid&oacute; o Rio Grando do Norte, mas que fez de Tabira seu lar por mais de 45 anos. O evento, que ter&aacute; in&iacute;cio &agrave;s 19h na Pra&ccedil;a Gon&ccedil;alo Gomes, ser&aacute; gratuito e promete uma noite repleta de cultura e poesia com &#8230; <\/p>\n<p class=\"read-more-container\"><a title=\"Tabira celebrar\u00e1 o Dia Municipal da Poesia com o 1\u00ba Festival Sebasti\u00e3o Dias de Repente\" class=\"read-more button\" href=\"https:\/\/blogdojuniorcavalcanti.com.br\/index.php\/2024\/09\/04\/tabira-celebrara-o-dia-municipal-da-poesia-com-o-1o-festival-sebastiao-dias-de-repente\/#more-36881\" aria-label=\"More on Tabira celebrar\u00e1 o Dia Municipal da Poesia com o 1\u00ba Festival Sebasti\u00e3o Dias de Repente\">Leia mais<\/a><\/p>\n","protected":false},"author":2,"featured_media":0,"comment_status":"open","ping_status":"open","sticky":false,"template":"","format":"standard","meta":{"footnotes":""},"categories":[26],"tags":[],"class_list":["post-36881","post","type-post","status-publish","format-standard","hentry","category-noticias"],"_links":{"self":[{"href":"https:\/\/blogdojuniorcavalcanti.com.br\/index.php\/wp-json\/wp\/v2\/posts\/36881","targetHints":{"allow":["GET"]}}],"collection":[{"href":"https:\/\/blogdojuniorcavalcanti.com.br\/index.php\/wp-json\/wp\/v2\/posts"}],"about":[{"href":"https:\/\/blogdojuniorcavalcanti.com.br\/index.php\/wp-json\/wp\/v2\/types\/post"}],"author":[{"embeddable":true,"href":"https:\/\/blogdojuniorcavalcanti.com.br\/index.php\/wp-json\/wp\/v2\/users\/2"}],"replies":[{"embeddable":true,"href":"https:\/\/blogdojuniorcavalcanti.com.br\/index.php\/wp-json\/wp\/v2\/comments?post=36881"}],"version-history":[{"count":1,"href":"https:\/\/blogdojuniorcavalcanti.com.br\/index.php\/wp-json\/wp\/v2\/posts\/36881\/revisions"}],"predecessor-version":[{"id":36882,"href":"https:\/\/blogdojuniorcavalcanti.com.br\/index.php\/wp-json\/wp\/v2\/posts\/36881\/revisions\/36882"}],"wp:attachment":[{"href":"https:\/\/blogdojuniorcavalcanti.com.br\/index.php\/wp-json\/wp\/v2\/media?parent=36881"}],"wp:term":[{"taxonomy":"category","embeddable":true,"href":"https:\/\/blogdojuniorcavalcanti.com.br\/index.php\/wp-json\/wp\/v2\/categories?post=36881"},{"taxonomy":"post_tag","embeddable":true,"href":"https:\/\/blogdojuniorcavalcanti.com.br\/index.php\/wp-json\/wp\/v2\/tags?post=36881"}],"curies":[{"name":"wp","href":"https:\/\/api.w.org\/{rel}","templated":true}]}}