{"id":37270,"date":"2024-09-18T17:04:34","date_gmt":"2024-09-18T20:04:34","guid":{"rendered":"https:\/\/blogdojuniorcavalcanti.com.br\/?p=37270"},"modified":"2024-09-18T17:04:34","modified_gmt":"2024-09-18T20:04:34","slug":"homem-e-morto-a-tiros-em-serra-talhada-nesta-quarta18","status":"publish","type":"post","link":"https:\/\/blogdojuniorcavalcanti.com.br\/index.php\/2024\/09\/18\/homem-e-morto-a-tiros-em-serra-talhada-nesta-quarta18\/","title":{"rendered":"Homem \u00e9 morto a tiros em Serra Talhada nesta quarta(18)"},"content":{"rendered":"<p style=\"text-align: justify;\"><span style=\"font-size: 14pt; font-family: arial, helvetica, sans-serif;\"><img fetchpriority=\"high\" decoding=\"async\" class=\"alignleft\" src=\"https:\/\/i0.wp.com\/afogadosfm.com.br\/afogadosfm\/wp-content\/uploads\/2024\/09\/IMG-20240918-WA0248.jpg?resize=769%2C480&amp;ssl=1\" width=\"356\" height=\"222\" \/>Na manh\u00e3 desta quarta-feira (18), por volta das 11h, um homem, identificado por \u00c9verton de Souza Oliveira, de 33 anos, foi morto ap\u00f3s sofrer disparos de arma de fogo.<\/span><\/p>\n<p style=\"text-align: justify;\"><span style=\"font-size: 14pt; font-family: arial, helvetica, sans-serif;\">O fato aconteceu na Rua Manoel Pereira Lins, em uma tenda em que o mesmo trabalhava, pr\u00f3ximos ao Supermercado Paje\u00fa e \u00e0 Compesa, sentido bairro Ipsep, em Serra Talhada.<\/span><\/p>\n<p style=\"text-align: justify;\"><span style=\"font-size: 14pt; font-family: arial, helvetica, sans-serif;\">Nesta semana, outro homem tamb\u00e9m foi v\u00edtima de homic\u00eddio, no Distrito de Santa Rita, zona rural de Serra Talhada.<\/span><\/p>\n<p style=\"text-align: justify;\"><span style=\"font-size: 14pt; font-family: arial, helvetica, sans-serif;\">Do Luciana R\u00eago<\/span><\/p>\n","protected":false},"excerpt":{"rendered":"<p>Na manh&atilde; desta quarta-feira (18), por volta das 11h, um homem, identificado por &Eacute;verton de Souza Oliveira, de 33 anos, foi morto ap&oacute;s sofrer disparos de arma de fogo. O fato aconteceu na Rua Manoel Pereira Lins, em uma tenda em que o mesmo trabalhava, pr&oacute;ximos ao Supermercado Paje&uacute; e &agrave; Compesa, sentido bairro Ipsep, em Serra Talhada. Nesta semana, outro homem tamb&eacute;m foi v&iacute;tima de homic&iacute;dio, no Distrito de Santa Rita, zona rural de Serra Talhada. Do Luciana R&ecirc;go<\/p>\n","protected":false},"author":2,"featured_media":0,"comment_status":"open","ping_status":"open","sticky":false,"template":"","format":"standard","meta":{"footnotes":""},"categories":[26],"tags":[],"class_list":["post-37270","post","type-post","status-publish","format-standard","hentry","category-noticias"],"_links":{"self":[{"href":"https:\/\/blogdojuniorcavalcanti.com.br\/index.php\/wp-json\/wp\/v2\/posts\/37270","targetHints":{"allow":["GET"]}}],"collection":[{"href":"https:\/\/blogdojuniorcavalcanti.com.br\/index.php\/wp-json\/wp\/v2\/posts"}],"about":[{"href":"https:\/\/blogdojuniorcavalcanti.com.br\/index.php\/wp-json\/wp\/v2\/types\/post"}],"author":[{"embeddable":true,"href":"https:\/\/blogdojuniorcavalcanti.com.br\/index.php\/wp-json\/wp\/v2\/users\/2"}],"replies":[{"embeddable":true,"href":"https:\/\/blogdojuniorcavalcanti.com.br\/index.php\/wp-json\/wp\/v2\/comments?post=37270"}],"version-history":[{"count":1,"href":"https:\/\/blogdojuniorcavalcanti.com.br\/index.php\/wp-json\/wp\/v2\/posts\/37270\/revisions"}],"predecessor-version":[{"id":37271,"href":"https:\/\/blogdojuniorcavalcanti.com.br\/index.php\/wp-json\/wp\/v2\/posts\/37270\/revisions\/37271"}],"wp:attachment":[{"href":"https:\/\/blogdojuniorcavalcanti.com.br\/index.php\/wp-json\/wp\/v2\/media?parent=37270"}],"wp:term":[{"taxonomy":"category","embeddable":true,"href":"https:\/\/blogdojuniorcavalcanti.com.br\/index.php\/wp-json\/wp\/v2\/categories?post=37270"},{"taxonomy":"post_tag","embeddable":true,"href":"https:\/\/blogdojuniorcavalcanti.com.br\/index.php\/wp-json\/wp\/v2\/tags?post=37270"}],"curies":[{"name":"wp","href":"https:\/\/api.w.org\/{rel}","templated":true}]}}