{"id":37441,"date":"2024-09-25T16:24:08","date_gmt":"2024-09-25T19:24:08","guid":{"rendered":"https:\/\/blogdojuniorcavalcanti.com.br\/?p=37441"},"modified":"2024-09-25T16:24:08","modified_gmt":"2024-09-25T19:24:08","slug":"datatrends-gilson-bento-destaca-se-em-brejinho-e-lidera-com-84-dos-votos-validos","status":"publish","type":"post","link":"https:\/\/blogdojuniorcavalcanti.com.br\/index.php\/2024\/09\/25\/datatrends-gilson-bento-destaca-se-em-brejinho-e-lidera-com-84-dos-votos-validos\/","title":{"rendered":"DataTrends: Gilson Bento destaca-se em Brejinho e lidera com 84% dos votos v\u00e1lidos"},"content":{"rendered":"<p style=\"text-align: justify;\"><span style=\"font-size: 14pt;\"><img fetchpriority=\"high\" decoding=\"async\" class=\"alignleft wp-image-291667 jetpack-lazy-image jetpack-lazy-image--handled\" src=\"https:\/\/i1.wp.com\/nilljunior.com.br\/wp-content\/uploads\/2024\/09\/Wide-Brejinho-627x600.png?resize=400%2C383&amp;ssl=1\" sizes=\"(max-width: 400px) 100vw, 400px\" srcset=\"https:\/\/i1.wp.com\/nilljunior.com.br\/wp-content\/uploads\/2024\/09\/Wide-Brejinho-627x600.png?resize=627%2C600&amp;ssl=1 627w, https:\/\/i1.wp.com\/nilljunior.com.br\/wp-content\/uploads\/2024\/09\/Wide-Brejinho-627x600.png?resize=261%2C250&amp;ssl=1 261w, https:\/\/i1.wp.com\/nilljunior.com.br\/wp-content\/uploads\/2024\/09\/Wide-Brejinho-627x600.png?resize=418%2C400&amp;ssl=1 418w\" alt=\"\" width=\"400\" height=\"383\" data-attachment-id=\"291667\" data-permalink=\"https:\/\/nilljunior.com.br\/datatrends-gilson-bento-destaca-se-em-brejinho-e-lidera-com-84-dos-votos-validos\/wide-brejinho-627x600\/\" data-orig-file=\"https:\/\/i1.wp.com\/nilljunior.com.br\/wp-content\/uploads\/2024\/09\/Wide-Brejinho-627x600.png?fit=627%2C600&amp;ssl=1\" data-orig-size=\"627,600\" data-comments-opened=\"1\" data-image-meta=\"{&quot;aperture&quot;:&quot;0&quot;,&quot;credit&quot;:&quot;&quot;,&quot;camera&quot;:&quot;&quot;,&quot;caption&quot;:&quot;&quot;,&quot;created_timestamp&quot;:&quot;0&quot;,&quot;copyright&quot;:&quot;&quot;,&quot;focal_length&quot;:&quot;0&quot;,&quot;iso&quot;:&quot;0&quot;,&quot;shutter_speed&quot;:&quot;0&quot;,&quot;title&quot;:&quot;&quot;,&quot;orientation&quot;:&quot;0&quot;}\" data-image-title=\"Wide-Brejinho-627\u00d7600\" data-image-description=\"\" data-medium-file=\"https:\/\/i1.wp.com\/nilljunior.com.br\/wp-content\/uploads\/2024\/09\/Wide-Brejinho-627x600.png?fit=261%2C250&amp;ssl=1\" data-large-file=\"https:\/\/i1.wp.com\/nilljunior.com.br\/wp-content\/uploads\/2024\/09\/Wide-Brejinho-627x600.png?fit=418%2C400&amp;ssl=1\" data-recalc-dims=\"1\" data-lazy-loaded=\"1\" \/><span style=\"font-family: arial, helvetica, sans-serif;\">Pesquisa do Instituto DataTrends divulgada nesta quarta-feira (25), em parceria com o\u00a0<b>Blog do Finfa<\/b>, mostra o prefeito Gilson Bento, liderando com vantagem a disputa pela reelei\u00e7\u00e3o da Prefeitura de Brejinho.<\/span><\/span><\/p>\n<p style=\"text-align: justify;\"><span style=\"font-size: 14pt; font-family: arial, helvetica, sans-serif;\">No levantamento espont\u00e2neo, Gilson Bento aparece com 76% das inten\u00e7\u00f5es de voto, contra 16% de Dr. T\u00falio. N\u00e3o sabe\/n\u00e3o respondeu 8%.<\/span><\/p>\n<p style=\"text-align: justify;\"><span style=\"font-size: 14pt; font-family: arial, helvetica, sans-serif;\">Na estimulada, Gilson Bento sobe para 77%, seguido por Dr. T\u00falio com 15%. Brancos e nulos 1%. N\u00e3o sabe\/n\u00e3o respondeu 7%.<\/span><\/p>\n<p style=\"text-align: justify;\"><span style=\"font-size: 14pt; font-family: arial, helvetica, sans-serif;\">Em votos v\u00e1lidos, Gilson Bento tem 84% e Dr. T\u00falio 16%.<\/span><\/p>\n<p style=\"text-align: justify;\"><span style=\"font-size: 14pt; font-family: arial, helvetica, sans-serif;\">Potencial de Voto de Dr. T\u00falio \u2013 Votaria com certeza (17%), poderia votar (7%), n\u00e3o votaria de jeito nenhum (74%), n\u00e3o conhece suficiente (1%) e n\u00e3o sabe ou n\u00e3o respondeu (1%).<\/span><\/p>\n<p style=\"text-align: justify;\"><span style=\"font-size: 14pt; font-family: arial, helvetica, sans-serif;\">Potencial de Voto de Gilson Bento \u2013 Votaria com certeza (77%), poderia votar (7%), n\u00e3o votaria de jeito nenhum (14%), n\u00e3o conhece suficiente (1%) e n\u00e3o sabe ou n\u00e3o respondeu (1%).<\/span><\/p>\n<p style=\"text-align: justify;\"><span style=\"font-size: 14pt; font-family: arial, helvetica, sans-serif;\"><b>Avalia\u00e7\u00e3o da Gest\u00e3o \u2013<\/b>\u00a0O governo do prefeito Gilson Bento \u00e9 aprovado por 89% e rejeitado por 9% da popula\u00e7\u00e3o de Brejinho. N\u00e3o sabe\/n\u00e3o respondeu 2%.<\/span><\/p>\n<p style=\"text-align: justify;\"><span style=\"font-size: 14pt; font-family: arial, helvetica, sans-serif;\">A pesquisa foi registrada no Tribunal Superior Eleitoral com o n\u00famero PE-06549\/2024. A margem de erro \u00e9 de 4,90 pontos percentuais e o grau de confian\u00e7a de 95%. Foram ouvidos 400 eleitores nos dias 19 e 20 de setembro.<\/span><\/p>\n<p style=\"text-align: justify;\"><span style=\"font-size: 14pt; font-family: arial, helvetica, sans-serif;\">POOL DE VE\u00cdCULOS \u2013 A Pesquisa DataTrends \u00e9 divulgada por um pool de blogs composto por Alberes Xavier, Edmar Lyra, Edenevaldo Alves, FalaPE, Finfa, Giro Mata Norte, Silvinho, Roberto Gon\u00e7alves, Pernambuco Urgente, Roberto Almeida, Didi Galv\u00e3o e Boc\u00e3o.<\/span><\/p>\n","protected":false},"excerpt":{"rendered":"<p>Pesquisa do Instituto DataTrends divulgada nesta quarta-feira (25), em parceria com o&nbsp;Blog do Finfa, mostra o prefeito Gilson Bento, liderando com vantagem a disputa pela reelei&ccedil;&atilde;o da Prefeitura de Brejinho. No levantamento espont&acirc;neo, Gilson Bento aparece com 76% das inten&ccedil;&otilde;es de voto, contra 16% de Dr. T&uacute;lio. N&atilde;o sabe\/n&atilde;o respondeu 8%. Na estimulada, Gilson Bento sobe para 77%, seguido por Dr. T&uacute;lio com 15%. Brancos e nulos 1%. N&atilde;o sabe\/n&atilde;o respondeu 7%. Em votos v&aacute;lidos, Gilson Bento tem 84% e Dr. T&uacute;lio 16%. Potencial de Voto de Dr. T&uacute;lio &ndash; Votaria com certeza (17%), poderia votar (7%), n&atilde;o votaria de &#8230; <\/p>\n<p class=\"read-more-container\"><a title=\"DataTrends: Gilson Bento destaca-se em Brejinho e lidera com 84% dos votos v\u00e1lidos\" class=\"read-more button\" href=\"https:\/\/blogdojuniorcavalcanti.com.br\/index.php\/2024\/09\/25\/datatrends-gilson-bento-destaca-se-em-brejinho-e-lidera-com-84-dos-votos-validos\/#more-37441\" aria-label=\"More on DataTrends: Gilson Bento destaca-se em Brejinho e lidera com 84% dos votos v\u00e1lidos\">Leia mais<\/a><\/p>\n","protected":false},"author":2,"featured_media":0,"comment_status":"open","ping_status":"open","sticky":false,"template":"","format":"standard","meta":{"footnotes":""},"categories":[26],"tags":[],"class_list":["post-37441","post","type-post","status-publish","format-standard","hentry","category-noticias"],"_links":{"self":[{"href":"https:\/\/blogdojuniorcavalcanti.com.br\/index.php\/wp-json\/wp\/v2\/posts\/37441","targetHints":{"allow":["GET"]}}],"collection":[{"href":"https:\/\/blogdojuniorcavalcanti.com.br\/index.php\/wp-json\/wp\/v2\/posts"}],"about":[{"href":"https:\/\/blogdojuniorcavalcanti.com.br\/index.php\/wp-json\/wp\/v2\/types\/post"}],"author":[{"embeddable":true,"href":"https:\/\/blogdojuniorcavalcanti.com.br\/index.php\/wp-json\/wp\/v2\/users\/2"}],"replies":[{"embeddable":true,"href":"https:\/\/blogdojuniorcavalcanti.com.br\/index.php\/wp-json\/wp\/v2\/comments?post=37441"}],"version-history":[{"count":1,"href":"https:\/\/blogdojuniorcavalcanti.com.br\/index.php\/wp-json\/wp\/v2\/posts\/37441\/revisions"}],"predecessor-version":[{"id":37442,"href":"https:\/\/blogdojuniorcavalcanti.com.br\/index.php\/wp-json\/wp\/v2\/posts\/37441\/revisions\/37442"}],"wp:attachment":[{"href":"https:\/\/blogdojuniorcavalcanti.com.br\/index.php\/wp-json\/wp\/v2\/media?parent=37441"}],"wp:term":[{"taxonomy":"category","embeddable":true,"href":"https:\/\/blogdojuniorcavalcanti.com.br\/index.php\/wp-json\/wp\/v2\/categories?post=37441"},{"taxonomy":"post_tag","embeddable":true,"href":"https:\/\/blogdojuniorcavalcanti.com.br\/index.php\/wp-json\/wp\/v2\/tags?post=37441"}],"curies":[{"name":"wp","href":"https:\/\/api.w.org\/{rel}","templated":true}]}}