{"id":37491,"date":"2024-09-27T07:45:11","date_gmt":"2024-09-27T10:45:11","guid":{"rendered":"https:\/\/blogdojuniorcavalcanti.com.br\/?p=37491"},"modified":"2024-09-27T07:45:11","modified_gmt":"2024-09-27T10:45:11","slug":"justica-eleitoral-concede-liminar-pro-nicinha-em-tabira","status":"publish","type":"post","link":"https:\/\/blogdojuniorcavalcanti.com.br\/index.php\/2024\/09\/27\/justica-eleitoral-concede-liminar-pro-nicinha-em-tabira\/","title":{"rendered":"Justi\u00e7a Eleitoral concede liminar pr\u00f3 Nicinha em Tabira"},"content":{"rendered":"<p style=\"text-align: justify;\"><span style=\"font-size: 14pt;\"><img fetchpriority=\"high\" decoding=\"async\" class=\"alignleft wp-image-291792 jetpack-lazy-image jetpack-lazy-image--handled\" src=\"https:\/\/i1.wp.com\/nilljunior.com.br\/wp-content\/uploads\/2024\/09\/WhatsApp-Image-2024-09-26-at-22.14.42.jpeg?resize=400%2C551&amp;ssl=1\" sizes=\"(max-width: 400px) 100vw, 400px\" srcset=\"https:\/\/i1.wp.com\/nilljunior.com.br\/wp-content\/uploads\/2024\/09\/WhatsApp-Image-2024-09-26-at-22.14.42.jpeg?w=1163&amp;ssl=1 1163w, https:\/\/i1.wp.com\/nilljunior.com.br\/wp-content\/uploads\/2024\/09\/WhatsApp-Image-2024-09-26-at-22.14.42.jpeg?resize=182%2C250&amp;ssl=1 182w, https:\/\/i1.wp.com\/nilljunior.com.br\/wp-content\/uploads\/2024\/09\/WhatsApp-Image-2024-09-26-at-22.14.42.jpeg?resize=768%2C1057&amp;ssl=1 768w, https:\/\/i1.wp.com\/nilljunior.com.br\/wp-content\/uploads\/2024\/09\/WhatsApp-Image-2024-09-26-at-22.14.42.jpeg?resize=291%2C400&amp;ssl=1 291w\" alt=\"\" width=\"400\" height=\"551\" data-attachment-id=\"291792\" data-permalink=\"https:\/\/nilljunior.com.br\/justica-eleitoral-concede-liminar-pro-nicinha-em-tabira\/whatsapp-image-2024-09-26-at-22-14-42\/\" data-orig-file=\"https:\/\/i1.wp.com\/nilljunior.com.br\/wp-content\/uploads\/2024\/09\/WhatsApp-Image-2024-09-26-at-22.14.42.jpeg?fit=1163%2C1601&amp;ssl=1\" data-orig-size=\"1163,1601\" data-comments-opened=\"1\" data-image-meta=\"{&quot;aperture&quot;:&quot;0&quot;,&quot;credit&quot;:&quot;&quot;,&quot;camera&quot;:&quot;&quot;,&quot;caption&quot;:&quot;&quot;,&quot;created_timestamp&quot;:&quot;0&quot;,&quot;copyright&quot;:&quot;&quot;,&quot;focal_length&quot;:&quot;0&quot;,&quot;iso&quot;:&quot;0&quot;,&quot;shutter_speed&quot;:&quot;0&quot;,&quot;title&quot;:&quot;&quot;,&quot;orientation&quot;:&quot;0&quot;}\" data-image-title=\"WhatsApp Image 2024-09-26 at 22.14.42\" data-image-description=\"\" data-medium-file=\"https:\/\/i1.wp.com\/nilljunior.com.br\/wp-content\/uploads\/2024\/09\/WhatsApp-Image-2024-09-26-at-22.14.42.jpeg?fit=182%2C250&amp;ssl=1\" data-large-file=\"https:\/\/i1.wp.com\/nilljunior.com.br\/wp-content\/uploads\/2024\/09\/WhatsApp-Image-2024-09-26-at-22.14.42.jpeg?fit=291%2C400&amp;ssl=1\" data-recalc-dims=\"1\" data-lazy-loaded=\"1\" \/><span style=\"font-family: arial, helvetica, sans-serif;\">Nesta quarta-feira (26), a Justi\u00e7a Eleitoral concedeu uma liminar contra pr\u00e1ticas eleitorais irregulares associadas ao candidato Fl\u00e1vio Marques. O foco da a\u00e7\u00e3o judicial foi a utiliza\u00e7\u00e3o indevida de ve\u00edculos de som, circulando fora dos hor\u00e1rios e locais permitidos, desrespeitando as normas eleitorais.<\/span><\/span><\/p>\n<p style=\"text-align: justify;\"><span style=\"font-size: 14pt; font-family: arial, helvetica, sans-serif;\">Segundo a decis\u00e3o do juiz Jo\u00e3o Paulo dos Santos Lima, da 50\u00aa Zona Eleitoral, um ve\u00edculo identificado pela placa PQD-0170, estava propagando mensagens eleitorais de forma irregular, especialmente nas imedia\u00e7\u00f5es de hospitais e institui\u00e7\u00f5es p\u00fablicas, em desrespeito aos limites de volume sonoro previstos por lei. A decis\u00e3o judicial determinou a imediata suspens\u00e3o do uso desses equipamentos sonoros, que estavam sendo utilizados fora do contexto permitido.<\/span><\/p>\n<p style=\"text-align: justify;\"><span style=\"font-size: 14pt; font-family: arial, helvetica, sans-serif;\">O juiz fundamentou sua decis\u00e3o no artigo 300 do C\u00f3digo de Processo Civil, que permite a concess\u00e3o de medidas provis\u00f3rias quando h\u00e1 risco de dano irrepar\u00e1vel ou de dif\u00edcil repara\u00e7\u00e3o ao equil\u00edbrio da disputa eleitoral. No caso, a circula\u00e7\u00e3o irregular de propaganda sonora foi considerada um risco ao equil\u00edbrio do pleito. Al\u00e9m disso, foi estipulada uma multa de R$ 30 mil em caso de descumprimento da decis\u00e3o.<\/span><\/p>\n<p style=\"text-align: justify;\"><span style=\"font-size: 14pt; font-family: arial, helvetica, sans-serif;\">A liminar tamb\u00e9m autoriza, em caso de reincid\u00eancia, a apreens\u00e3o dos equipamentos de som utilizados na irregularidade, uma medida que visa garantir a igualdade entre os candidatos e assegurar que o processo eleitoral ocorra dentro das normas estabelecidas pela Justi\u00e7a Eleitoral.<\/span><\/p>\n<p style=\"text-align: justify;\"><span style=\"font-size: 14pt; font-family: arial, helvetica, sans-serif;\">\u201cEssa decis\u00e3o marca mais um cap\u00edtulo na disputa entre Nicinha Melo e Fl\u00e1vio Marques, com a coliga\u00e7\u00e3o de Nicinha comemorando o que considera uma vit\u00f3ria crucial para garantir a legalidade e o equil\u00edbrio da campanha eleitoral. Com a Justi\u00e7a Eleitoral agindo prontamente para coibir irregularidades, Nicinha Melo refor\u00e7a sua posi\u00e7\u00e3o como uma candidata comprometida com a \u00e9tica e o respeito \u00e0s normas democr\u00e1ticas\u201d, destacou a assessoria de Nicinha.<\/span><\/p>\n","protected":false},"excerpt":{"rendered":"<p>Nesta quarta-feira (26), a Justi&ccedil;a Eleitoral concedeu uma liminar contra pr&aacute;ticas eleitorais irregulares associadas ao candidato Fl&aacute;vio Marques. O foco da a&ccedil;&atilde;o judicial foi a utiliza&ccedil;&atilde;o indevida de ve&iacute;culos de som, circulando fora dos hor&aacute;rios e locais permitidos, desrespeitando as normas eleitorais. Segundo a decis&atilde;o do juiz Jo&atilde;o Paulo dos Santos Lima, da 50&ordf; Zona Eleitoral, um ve&iacute;culo identificado pela placa PQD-0170, estava propagando mensagens eleitorais de forma irregular, especialmente nas imedia&ccedil;&otilde;es de hospitais e institui&ccedil;&otilde;es p&uacute;blicas, em desrespeito aos limites de volume sonoro previstos por lei. A decis&atilde;o judicial determinou a imediata suspens&atilde;o do uso desses equipamentos sonoros, que &#8230; <\/p>\n<p class=\"read-more-container\"><a title=\"Justi\u00e7a Eleitoral concede liminar pr\u00f3 Nicinha em Tabira\" class=\"read-more button\" href=\"https:\/\/blogdojuniorcavalcanti.com.br\/index.php\/2024\/09\/27\/justica-eleitoral-concede-liminar-pro-nicinha-em-tabira\/#more-37491\" aria-label=\"More on Justi\u00e7a Eleitoral concede liminar pr\u00f3 Nicinha em Tabira\">Leia mais<\/a><\/p>\n","protected":false},"author":2,"featured_media":0,"comment_status":"open","ping_status":"open","sticky":false,"template":"","format":"standard","meta":{"footnotes":""},"categories":[26],"tags":[],"class_list":["post-37491","post","type-post","status-publish","format-standard","hentry","category-noticias"],"_links":{"self":[{"href":"https:\/\/blogdojuniorcavalcanti.com.br\/index.php\/wp-json\/wp\/v2\/posts\/37491","targetHints":{"allow":["GET"]}}],"collection":[{"href":"https:\/\/blogdojuniorcavalcanti.com.br\/index.php\/wp-json\/wp\/v2\/posts"}],"about":[{"href":"https:\/\/blogdojuniorcavalcanti.com.br\/index.php\/wp-json\/wp\/v2\/types\/post"}],"author":[{"embeddable":true,"href":"https:\/\/blogdojuniorcavalcanti.com.br\/index.php\/wp-json\/wp\/v2\/users\/2"}],"replies":[{"embeddable":true,"href":"https:\/\/blogdojuniorcavalcanti.com.br\/index.php\/wp-json\/wp\/v2\/comments?post=37491"}],"version-history":[{"count":1,"href":"https:\/\/blogdojuniorcavalcanti.com.br\/index.php\/wp-json\/wp\/v2\/posts\/37491\/revisions"}],"predecessor-version":[{"id":37492,"href":"https:\/\/blogdojuniorcavalcanti.com.br\/index.php\/wp-json\/wp\/v2\/posts\/37491\/revisions\/37492"}],"wp:attachment":[{"href":"https:\/\/blogdojuniorcavalcanti.com.br\/index.php\/wp-json\/wp\/v2\/media?parent=37491"}],"wp:term":[{"taxonomy":"category","embeddable":true,"href":"https:\/\/blogdojuniorcavalcanti.com.br\/index.php\/wp-json\/wp\/v2\/categories?post=37491"},{"taxonomy":"post_tag","embeddable":true,"href":"https:\/\/blogdojuniorcavalcanti.com.br\/index.php\/wp-json\/wp\/v2\/tags?post=37491"}],"curies":[{"name":"wp","href":"https:\/\/api.w.org\/{rel}","templated":true}]}}