{"id":37497,"date":"2024-09-27T07:46:49","date_gmt":"2024-09-27T10:46:49","guid":{"rendered":"https:\/\/blogdojuniorcavalcanti.com.br\/?p=37497"},"modified":"2024-09-27T07:46:49","modified_gmt":"2024-09-27T10:46:49","slug":"funase-nao-podera-usar-temporarios-para-atendimento-juridico-de-reeducandos","status":"publish","type":"post","link":"https:\/\/blogdojuniorcavalcanti.com.br\/index.php\/2024\/09\/27\/funase-nao-podera-usar-temporarios-para-atendimento-juridico-de-reeducandos\/","title":{"rendered":"FUNASE n\u00e3o poder\u00e1 usar tempor\u00e1rios para atendimento jur\u00eddico de reeducandos"},"content":{"rendered":"<p style=\"text-align: justify;\"><span style=\"font-size: 14pt;\"><img fetchpriority=\"high\" decoding=\"async\" class=\"alignleft wp-image-291782 jetpack-lazy-image jetpack-lazy-image--handled\" src=\"https:\/\/i1.wp.com\/nilljunior.com.br\/wp-content\/uploads\/2024\/09\/IMG-20240927-WA0008.jpg?resize=400%2C251&amp;ssl=1\" sizes=\"(max-width: 400px) 100vw, 400px\" srcset=\"https:\/\/i1.wp.com\/nilljunior.com.br\/wp-content\/uploads\/2024\/09\/IMG-20240927-WA0008.jpg?resize=600%2C377&amp;ssl=1 600w, https:\/\/i1.wp.com\/nilljunior.com.br\/wp-content\/uploads\/2024\/09\/IMG-20240927-WA0008.jpg?resize=300%2C189&amp;ssl=1 300w, https:\/\/i1.wp.com\/nilljunior.com.br\/wp-content\/uploads\/2024\/09\/IMG-20240927-WA0008.jpg?w=700&amp;ssl=1 700w\" alt=\"\" width=\"400\" height=\"251\" data-attachment-id=\"291782\" data-permalink=\"https:\/\/nilljunior.com.br\/funase-nao-podera-usar-temporarios-para-atendimento-juridico-de-reeducandos\/img-20240927-wa0008\/\" data-orig-file=\"https:\/\/i1.wp.com\/nilljunior.com.br\/wp-content\/uploads\/2024\/09\/IMG-20240927-WA0008.jpg?fit=700%2C440&amp;ssl=1\" data-orig-size=\"700,440\" data-comments-opened=\"1\" data-image-meta=\"{&quot;aperture&quot;:&quot;0&quot;,&quot;credit&quot;:&quot;&quot;,&quot;camera&quot;:&quot;&quot;,&quot;caption&quot;:&quot;&quot;,&quot;created_timestamp&quot;:&quot;0&quot;,&quot;copyright&quot;:&quot;&quot;,&quot;focal_length&quot;:&quot;0&quot;,&quot;iso&quot;:&quot;0&quot;,&quot;shutter_speed&quot;:&quot;0&quot;,&quot;title&quot;:&quot;&quot;,&quot;orientation&quot;:&quot;0&quot;}\" data-image-title=\"IMG-20240927-WA0008\" data-image-description=\"\" data-medium-file=\"https:\/\/i1.wp.com\/nilljunior.com.br\/wp-content\/uploads\/2024\/09\/IMG-20240927-WA0008.jpg?fit=300%2C189&amp;ssl=1\" data-large-file=\"https:\/\/i1.wp.com\/nilljunior.com.br\/wp-content\/uploads\/2024\/09\/IMG-20240927-WA0008.jpg?fit=600%2C377&amp;ssl=1\" data-recalc-dims=\"1\" data-lazy-loaded=\"1\" \/><span style=\"font-family: arial, helvetica, sans-serif;\">A Segunda C\u00e2mara do Tribunal de Contas do Estado (TCE) acatou um pedido de medida cautelar do Minist\u00e9rio P\u00fablico de Contas de Pernambuco (MPC-PE), determinando que a Funda\u00e7\u00e3o de Atendimento Socioeducativo (FUNASE) afaste, em at\u00e9 30 dias, os profissionais contratados temporariamente para atuar em fun\u00e7\u00f5es que devem ser exercidas exclusivamente por defensores p\u00fablicos.<\/span><\/span><\/p>\n<p style=\"text-align: justify;\"><span style=\"font-size: 14pt; font-family: arial, helvetica, sans-serif;\">A decis\u00e3o foi proferida durante uma sess\u00e3o transmitida ao vivo pelo YouTube, nesta quinta-feira (26).<\/span><\/p>\n<p style=\"text-align: justify;\"><span style=\"font-size: 14pt; font-family: arial, helvetica, sans-serif;\">A representa\u00e7\u00e3o, proposta pela procuradora Germana Laureano, destacou a inconstitucionalidade da contrata\u00e7\u00e3o de advogados sem concurso p\u00fablico, uma pr\u00e1tica que, segundo o MPC-PE, persiste h\u00e1 18 anos. Recentemente, a FUNASE havia aberto uma nova sele\u00e7\u00e3o simplificada para a contrata\u00e7\u00e3o de advogados, o que motivou a interven\u00e7\u00e3o do Minist\u00e9rio P\u00fablico.<\/span><\/p>\n<p style=\"text-align: justify;\"><span style=\"font-size: 14pt; font-family: arial, helvetica, sans-serif;\">A Procuradoria Geral do Estado (PGE), que defendia a continuidade dos contratos tempor\u00e1rios, n\u00e3o obteve sucesso em sua argumenta\u00e7\u00e3o. A relatora do processo, conselheira substituta Alda Magalh\u00e3es, reafirmou a inconstitucionalidade dessas contrata\u00e7\u00f5es, citando o artigo 134 da Constitui\u00e7\u00e3o Federal de 1988, que determina que a assist\u00eancia jur\u00eddica aos hipossuficientes \u00e9 de compet\u00eancia exclusiva da Defensoria P\u00fablica.<\/span><\/p>\n<p style=\"text-align: justify;\"><span style=\"font-size: 14pt; font-family: arial, helvetica, sans-serif;\">Em sua manifesta\u00e7\u00e3o, a Defensoria P\u00fablica do Estado tamb\u00e9m se posicionou contra a contrata\u00e7\u00e3o de advogados para fun\u00e7\u00f5es que deveriam ser desempenhadas por defensores p\u00fablicos concursados. O defensor p\u00fablico geral, Henrique Seixas, enfatizou a import\u00e2ncia de que os servi\u00e7os jur\u00eddicos sejam integralmente assumidos pelos defensores.<\/span><\/p>\n<p style=\"text-align: justify;\"><span style=\"font-size: 14pt; font-family: arial, helvetica, sans-serif;\">Com a decis\u00e3o un\u00e2nime do TCE, o Governo do Estado ter\u00e1 um prazo de 30 dias para realizar a transi\u00e7\u00e3o dos servi\u00e7os para a Defensoria P\u00fablica, assegurando que a assist\u00eancia jur\u00eddica aos menores reeducandos seja feita de acordo com as diretrizes constitucionais.<\/span><\/p>\n<p style=\"text-align: justify;\"><span style=\"font-size: 14pt; font-family: arial, helvetica, sans-serif;\">\u201cO art. 134 da Constitui\u00e7\u00e3o Federal de 1988, em vigor h\u00e1 mais de 35 anos, estabelece de forma inequ\u00edvoca que a assist\u00eancia jur\u00eddica aos hipossuficientes \u00e9 de compet\u00eancia exclusiva da Defensoria P\u00fablica, sem margem para d\u00favidas. N\u00e3o h\u00e1, nesse dispositivo constitucional, qualquer conceito jur\u00eddico indeterminado ou cl\u00e1usula geral aberta a permitir interpreta\u00e7\u00e3o diversa\u201d, apontou a relatora, no voto.<\/span><\/p>\n","protected":false},"excerpt":{"rendered":"<p>A Segunda C&acirc;mara do Tribunal de Contas do Estado (TCE) acatou um pedido de medida cautelar do Minist&eacute;rio P&uacute;blico de Contas de Pernambuco (MPC-PE), determinando que a Funda&ccedil;&atilde;o de Atendimento Socioeducativo (FUNASE) afaste, em at&eacute; 30 dias, os profissionais contratados temporariamente para atuar em fun&ccedil;&otilde;es que devem ser exercidas exclusivamente por defensores p&uacute;blicos. A decis&atilde;o foi proferida durante uma sess&atilde;o transmitida ao vivo pelo YouTube, nesta quinta-feira (26). A representa&ccedil;&atilde;o, proposta pela procuradora Germana Laureano, destacou a inconstitucionalidade da contrata&ccedil;&atilde;o de advogados sem concurso p&uacute;blico, uma pr&aacute;tica que, segundo o MPC-PE, persiste h&aacute; 18 anos. Recentemente, a FUNASE havia aberto &#8230; <\/p>\n<p class=\"read-more-container\"><a title=\"FUNASE n\u00e3o poder\u00e1 usar tempor\u00e1rios para atendimento jur\u00eddico de reeducandos\" class=\"read-more button\" href=\"https:\/\/blogdojuniorcavalcanti.com.br\/index.php\/2024\/09\/27\/funase-nao-podera-usar-temporarios-para-atendimento-juridico-de-reeducandos\/#more-37497\" aria-label=\"More on FUNASE n\u00e3o poder\u00e1 usar tempor\u00e1rios para atendimento jur\u00eddico de reeducandos\">Leia mais<\/a><\/p>\n","protected":false},"author":2,"featured_media":0,"comment_status":"open","ping_status":"open","sticky":false,"template":"","format":"standard","meta":{"footnotes":""},"categories":[26],"tags":[],"class_list":["post-37497","post","type-post","status-publish","format-standard","hentry","category-noticias"],"_links":{"self":[{"href":"https:\/\/blogdojuniorcavalcanti.com.br\/index.php\/wp-json\/wp\/v2\/posts\/37497","targetHints":{"allow":["GET"]}}],"collection":[{"href":"https:\/\/blogdojuniorcavalcanti.com.br\/index.php\/wp-json\/wp\/v2\/posts"}],"about":[{"href":"https:\/\/blogdojuniorcavalcanti.com.br\/index.php\/wp-json\/wp\/v2\/types\/post"}],"author":[{"embeddable":true,"href":"https:\/\/blogdojuniorcavalcanti.com.br\/index.php\/wp-json\/wp\/v2\/users\/2"}],"replies":[{"embeddable":true,"href":"https:\/\/blogdojuniorcavalcanti.com.br\/index.php\/wp-json\/wp\/v2\/comments?post=37497"}],"version-history":[{"count":1,"href":"https:\/\/blogdojuniorcavalcanti.com.br\/index.php\/wp-json\/wp\/v2\/posts\/37497\/revisions"}],"predecessor-version":[{"id":37498,"href":"https:\/\/blogdojuniorcavalcanti.com.br\/index.php\/wp-json\/wp\/v2\/posts\/37497\/revisions\/37498"}],"wp:attachment":[{"href":"https:\/\/blogdojuniorcavalcanti.com.br\/index.php\/wp-json\/wp\/v2\/media?parent=37497"}],"wp:term":[{"taxonomy":"category","embeddable":true,"href":"https:\/\/blogdojuniorcavalcanti.com.br\/index.php\/wp-json\/wp\/v2\/categories?post=37497"},{"taxonomy":"post_tag","embeddable":true,"href":"https:\/\/blogdojuniorcavalcanti.com.br\/index.php\/wp-json\/wp\/v2\/tags?post=37497"}],"curies":[{"name":"wp","href":"https:\/\/api.w.org\/{rel}","templated":true}]}}