{"id":37542,"date":"2024-09-29T12:10:12","date_gmt":"2024-09-29T15:10:12","guid":{"rendered":"https:\/\/blogdojuniorcavalcanti.com.br\/?p=37542"},"modified":"2024-09-29T12:10:12","modified_gmt":"2024-09-29T15:10:12","slug":"diocese-de-afogados-anuncia-varias-nomeacoes-e-transferencias","status":"publish","type":"post","link":"https:\/\/blogdojuniorcavalcanti.com.br\/index.php\/2024\/09\/29\/diocese-de-afogados-anuncia-varias-nomeacoes-e-transferencias\/","title":{"rendered":"Diocese de Afogados anuncia v\u00e1rias nomea\u00e7\u00f5es e transfer\u00eancias"},"content":{"rendered":"<p style=\"text-align: justify;\"><span style=\"font-size: 14pt; font-family: arial, helvetica, sans-serif;\">Vendo a necessidade pastoral, espiritual e administrativa, o Bispo Diocesano de Afogados da Ingazeira, Dom Limac\u00eado Antonio da Silva comunicou hoje a transfer\u00eancia ou diferente decis\u00e3o para 18 padres, uma das maiores da hist\u00f3ria recente.<\/span><\/p>\n<p style=\"text-align: justify;\"><span style=\"font-size: 14pt; font-family: arial, helvetica, sans-serif;\">O an\u00fancio foi feito agora pela manh\u00e3 na Catedral do Senhor Bom Jesus dos Rem\u00e9dios. As datas das posses ainda ser\u00e3o comunicadas.<\/span><\/p>\n<p style=\"text-align: justify;\"><span style=\"font-size: 14pt; font-family: arial, helvetica, sans-serif;\">Veja o comunicado:<\/span><\/p>\n<p style=\"text-align: justify;\"><span style=\"font-size: 14pt; font-family: arial, helvetica, sans-serif;\"><em>Vendo a necessidade pastoral, espiritual e administrativa, o Bispo Diocesano de Afogados da Ingazeira, Dom Limac\u00eado Antonio da Silva comunica a transfer\u00eancia dos seguintes padres:<\/em><\/span><\/p>\n<p style=\"text-align: justify;\"><span style=\"font-size: 14pt; font-family: arial, helvetica, sans-serif;\"><em>1. Pe. Gilvan Bezerra de Lima \u2013 deixa a Par\u00f3quia do Senhor Bom Jesus dos Rem\u00e9dios, em Afogados da Ingazeira e exercer\u00e1 o of\u00edcio de P\u00e1roco na Par\u00f3quia Nossa Senhora das Dores, na cidade de Triunfo.<\/em><\/span><\/p>\n<p style=\"text-align: justify;\"><span style=\"font-size: 14pt; font-family: arial, helvetica, sans-serif;\"><em>2. Pe. Otaviano Bezerra Santana Filho \u2013 deixa a Par\u00f3quia Nossa Senhora das Dores, em Triunfo e exercer\u00e1 o of\u00edcio de P\u00e1roco na Par\u00f3quia de S\u00e3o Sebasti\u00e3o, na cidade de Iguaracy.<\/em><\/span><\/p>\n<p style=\"text-align: justify;\"><span style=\"font-size: 14pt; font-family: arial, helvetica, sans-serif;\"><em>3. Pe. Ant\u00f4nio Rog\u00e9rio Ver\u00edssimo Duarte \u2013 deixa a Par\u00f3quia S\u00e3o Sebasti\u00e3o, em Iguaracy e exercer\u00e1 o of\u00edcio de P\u00e1roco na Par\u00f3quia S\u00e3o Judas Tadeu, na cidade de S\u00e3o Jos\u00e9 do Egito.<\/em><\/span><\/p>\n<p style=\"text-align: justify;\"><span style=\"font-size: 14pt; font-family: arial, helvetica, sans-serif;\"><em>4. Pe. Clodoaldo Fernando Alves de Carvalho \u2013 deixa a Par\u00f3quia S\u00e3o Judas Tadeu, em S\u00e3o Jos\u00e9 do Egito e exercer\u00e1 o of\u00edcio de P\u00e1roco na Par\u00f3quia Nossa Senhora da Concei\u00e7\u00e3o, na cidade de Calumbi.<\/em><\/span><\/p>\n<p style=\"text-align: justify;\"><span style=\"font-size: 14pt; font-family: arial, helvetica, sans-serif;\"><em>5. Pe. Josenildo Nunes de Oliveira \u2013 deixa a Par\u00f3quia de Nossa Senhora da Penha, em Serra Talhada e exercer\u00e1 o of\u00edcio de P\u00e1roco na Par\u00f3quia Nossa Senhora dos Rem\u00e9dios, na cidade de Tabira.<\/em><\/span><\/p>\n<p style=\"text-align: justify;\"><span style=\"font-size: 14pt; font-family: arial, helvetica, sans-serif;\"><em>6. Pe. Jos\u00e9 C\u00edcero Alves de Lima \u2013 deixa a Par\u00f3quia Nossa Senhora dos Rem\u00e9dios, em Tabira e exercer\u00e1 o of\u00edcio de P\u00e1roco na Par\u00f3quia S\u00e3o Jos\u00e9, na cidade de S\u00e3o Jos\u00e9 do Egito.<\/em><\/span><\/p>\n<p style=\"text-align: justify;\"><span style=\"font-size: 14pt; font-family: arial, helvetica, sans-serif;\"><em>7. Pe. Wellington Luiz Jacinto da Silva \u2013 deixa a Par\u00f3quia S\u00e3o Jos\u00e9, em S\u00e3o Jos\u00e9 do Egito, e exercer\u00e1 o of\u00edcio de P\u00e1roco na Par\u00f3quia de Nossa Senhora do Ros\u00e1rio, em Serra Talhada.<\/em><\/span><\/p>\n<p style=\"text-align: justify;\"><span style=\"font-size: 14pt; font-family: arial, helvetica, sans-serif;\"><em>8. Pe. Edilberto Aparecido Brasil de S\u00e1 \u2013 deixa a Par\u00f3quia de Nossa Senhora do Ros\u00e1rio, em Serra Talhada e exercer\u00e1 o of\u00edcio de P\u00e1roco na Par\u00f3quia de Santo Ant\u00f4nio e S\u00e3o Jo\u00e3o Maria Vianney, na cidade de Carna\u00edba.<\/em><\/span><\/p>\n<p style=\"text-align: justify;\"><span style=\"font-size: 14pt; font-family: arial, helvetica, sans-serif;\"><em>9. Pe. Miguel Nunes Neto \u2013 deixa a Par\u00f3quia de Santo Ant\u00f4nio e S\u00e3o Jo\u00e3o Maria Vianney, em Carna\u00edba e exercer\u00e1 o of\u00edcio de P\u00e1roco na Par\u00f3quia do Senhor Bom Jesus dos Rem\u00e9dios, na cidade de Afogados da Ingazeira.<\/em><\/span><\/p>\n<p style=\"text-align: justify;\"><span style=\"font-size: 14pt; font-family: arial, helvetica, sans-serif;\"><em>10. Pe. Jorge Dias de Siqueira \u2013 deixa a Par\u00f3quia S\u00e3o Pedro, em Itapetim e exercer\u00e1 o of\u00edcio de P\u00e1roco na Par\u00f3quia Bom Jesus Ressuscitado, na cidade de Serra Talhada.<\/em><\/span><\/p>\n<p style=\"text-align: justify;\"><span style=\"font-size: 14pt; font-family: arial, helvetica, sans-serif;\"><em>11. Pe. Adilton Guedes de Carvalho \u2013 deixa a Par\u00f3quia de Nossa Senhora da Concei\u00e7\u00e3o, na cidade de Flores, e exercer\u00e1 o of\u00edcio de P\u00e1roco na Par\u00f3quia de Nossa Senhora da Penha, em Serra Talhada.<\/em><\/span><\/p>\n<p style=\"text-align: justify;\"><span style=\"font-size: 14pt; font-family: arial, helvetica, sans-serif;\"><em>12. Pe. Jorge Adjar da Silva Leite \u2013 deixa a Par\u00f3quia Bom Jesus Ressuscitado, em Serra Talhada, e exercer\u00e1 o of\u00edcio de P\u00e1roco na Par\u00f3quia S\u00e3o Pedro, na cidade de Itapetim.<\/em><\/span><\/p>\n<p style=\"text-align: justify;\"><span style=\"font-size: 14pt; font-family: arial, helvetica, sans-serif;\"><em>13. Pe. Cl\u00e9rio Airon de Lima \u2013 deixa a reitoria do Semin\u00e1rio Maior S\u00e3o Carlos Borromeu, em Recife, e exercer\u00e1 o of\u00edcio de Administrador Paroquial na Par\u00f3quia Nossa Senhora de Lourdes, na cidade de Solid\u00e3o.<\/em><\/span><\/p>\n<p style=\"text-align: justify;\"><span style=\"font-size: 14pt; font-family: arial, helvetica, sans-serif;\"><em>14. Pe. Aderlan de Siqueira Campos \u2013 deixa a Par\u00f3quia Nossa Senhora de Lourdes, em Solid\u00e3o, e exercer\u00e1 o of\u00edcio de P\u00e1roco na Par\u00f3quia S\u00e3o Sebasti\u00e3o, na cidade de Brejinho.<\/em><\/span><\/p>\n<p style=\"text-align: justify;\"><span style=\"font-size: 14pt; font-family: arial, helvetica, sans-serif;\"><em>15. Pe. Juacir Delmiro dos Santos \u2013 deixa a Par\u00f3quia de S\u00e3o Sebasti\u00e3o, na cidade de Brejinho, e exercer\u00e1 o of\u00edcio de P\u00e1roco na Par\u00f3quia de Nossa Senhora da Concei\u00e7\u00e3o, na cidade de Flores, juntamente com o Pe. Gutembergue Lacerda Batista que exercer\u00e1 o of\u00edcio de Vig\u00e1rio Paroquial.<\/em><\/span><\/p>\n<p style=\"text-align: justify;\"><span style=\"font-size: 14pt; font-family: arial, helvetica, sans-serif;\"><em>16. Pe. Daniel Gomes de Souza \u2013 deixa a Par\u00f3quia de Nossa Senhora da Concei\u00e7\u00e3o, na cidade de Flores, exercer\u00e1 o of\u00edcio de Administrador Paroquial na Par\u00f3quia S\u00e3o Jos\u00e9, na cidade de Ingazeira.<\/em><\/span><\/p>\n<p style=\"text-align: justify;\"><span style=\"font-size: 14pt; font-family: arial, helvetica, sans-serif;\"><em>17. Pe. Vin\u00edcius V\u00e9ras Cavalcanti Ribeiro \u2013 exercer\u00e1 o of\u00edcio de Reitor no Semin\u00e1rio Maior S\u00e3o Carlos Borromeu, na cidade de Recife.<\/em><\/span><\/p>\n<p style=\"text-align: justify;\"><span style=\"font-size: 14pt; font-family: arial, helvetica, sans-serif;\"><em>18. Pe. Rog\u00e9rio Nunes Marinho \u2013 deixa a Par\u00f3quia S\u00e3o Jos\u00e9, na cidade da Ingazeira para vivenciar um Ano Sab\u00e1tico.<\/em><\/span><\/p>\n<p style=\"text-align: justify;\"><span style=\"font-size: 14pt; font-family: arial, helvetica, sans-serif;\"><em>As datas das posses ser\u00e3o comunicadas posteriormente.<\/em><\/span><\/p>\n<p style=\"text-align: justify;\"><span style=\"font-size: 14pt; font-family: arial, helvetica, sans-serif;\"><em>Dada e passada na C\u00faria Diocesana em 29 de setembro de 2024.<\/em><\/span><\/p>\n<p style=\"text-align: justify;\"><span style=\"font-size: 14pt; font-family: arial, helvetica, sans-serif;\"><strong><em>Dom Limac\u00eado Antonio da Silva<\/em><\/strong><\/span><\/p>\n<p style=\"text-align: justify;\"><span style=\"font-size: 14pt; font-family: arial, helvetica, sans-serif;\"><strong><em>Bispo Diocesano<\/em><\/strong><\/span><\/p>\n<p style=\"text-align: justify;\"><span style=\"font-size: 14pt; font-family: arial, helvetica, sans-serif;\"><strong><em>Pe. Juacir Delmiro dos Santos<\/em><\/strong><\/span><\/p>\n<p style=\"text-align: justify;\"><span style=\"font-size: 14pt; font-family: arial, helvetica, sans-serif;\"><strong><em>Chanceler da C\u00faria<\/em><\/strong><\/span><\/p>\n","protected":false},"excerpt":{"rendered":"<p>Vendo a necessidade pastoral, espiritual e administrativa, o Bispo Diocesano de Afogados da Ingazeira, Dom Limac&ecirc;do Antonio da Silva comunicou hoje a transfer&ecirc;ncia ou diferente decis&atilde;o para 18 padres, uma das maiores da hist&oacute;ria recente. O an&uacute;ncio foi feito agora pela manh&atilde; na Catedral do Senhor Bom Jesus dos Rem&eacute;dios. As datas das posses ainda ser&atilde;o comunicadas. Veja o comunicado: Vendo a necessidade pastoral, espiritual e administrativa, o Bispo Diocesano de Afogados da Ingazeira, Dom Limac&ecirc;do Antonio da Silva comunica a transfer&ecirc;ncia dos seguintes padres: 1. Pe. Gilvan Bezerra de Lima &ndash; deixa a Par&oacute;quia do Senhor Bom Jesus dos &#8230; <\/p>\n<p class=\"read-more-container\"><a title=\"Diocese de Afogados anuncia v\u00e1rias nomea\u00e7\u00f5es e transfer\u00eancias\" class=\"read-more button\" href=\"https:\/\/blogdojuniorcavalcanti.com.br\/index.php\/2024\/09\/29\/diocese-de-afogados-anuncia-varias-nomeacoes-e-transferencias\/#more-37542\" aria-label=\"More on Diocese de Afogados anuncia v\u00e1rias nomea\u00e7\u00f5es e transfer\u00eancias\">Leia mais<\/a><\/p>\n","protected":false},"author":2,"featured_media":37543,"comment_status":"open","ping_status":"open","sticky":false,"template":"","format":"standard","meta":{"footnotes":""},"categories":[25],"tags":[],"class_list":["post-37542","post","type-post","status-publish","format-standard","has-post-thumbnail","hentry","category-destaque","resize-featured-image"],"_links":{"self":[{"href":"https:\/\/blogdojuniorcavalcanti.com.br\/index.php\/wp-json\/wp\/v2\/posts\/37542","targetHints":{"allow":["GET"]}}],"collection":[{"href":"https:\/\/blogdojuniorcavalcanti.com.br\/index.php\/wp-json\/wp\/v2\/posts"}],"about":[{"href":"https:\/\/blogdojuniorcavalcanti.com.br\/index.php\/wp-json\/wp\/v2\/types\/post"}],"author":[{"embeddable":true,"href":"https:\/\/blogdojuniorcavalcanti.com.br\/index.php\/wp-json\/wp\/v2\/users\/2"}],"replies":[{"embeddable":true,"href":"https:\/\/blogdojuniorcavalcanti.com.br\/index.php\/wp-json\/wp\/v2\/comments?post=37542"}],"version-history":[{"count":1,"href":"https:\/\/blogdojuniorcavalcanti.com.br\/index.php\/wp-json\/wp\/v2\/posts\/37542\/revisions"}],"predecessor-version":[{"id":37544,"href":"https:\/\/blogdojuniorcavalcanti.com.br\/index.php\/wp-json\/wp\/v2\/posts\/37542\/revisions\/37544"}],"wp:featuredmedia":[{"embeddable":true,"href":"https:\/\/blogdojuniorcavalcanti.com.br\/index.php\/wp-json\/wp\/v2\/media\/37543"}],"wp:attachment":[{"href":"https:\/\/blogdojuniorcavalcanti.com.br\/index.php\/wp-json\/wp\/v2\/media?parent=37542"}],"wp:term":[{"taxonomy":"category","embeddable":true,"href":"https:\/\/blogdojuniorcavalcanti.com.br\/index.php\/wp-json\/wp\/v2\/categories?post=37542"},{"taxonomy":"post_tag","embeddable":true,"href":"https:\/\/blogdojuniorcavalcanti.com.br\/index.php\/wp-json\/wp\/v2\/tags?post=37542"}],"curies":[{"name":"wp","href":"https:\/\/api.w.org\/{rel}","templated":true}]}}